{"id":22574,"date":"2019-07-14T14:45:17","date_gmt":"2019-07-14T12:45:17","guid":{"rendered":"https:\/\/vozcomoarma.noblogs.org\/?p=22574"},"modified":"2019-07-14T14:45:26","modified_gmt":"2019-07-14T12:45:26","slug":"ataque-contra-una-residencia-estudiantil-elitista-en-barcelona","status":"publish","type":"post","link":"https:\/\/vozcomoarma.noblogs.org\/?p=22574","title":{"rendered":"Ataque contra una residencia estudiantil elitista en Barcelona"},"content":{"rendered":"<p align=\"justify\">A continuaci\u00f3n dejamos la traducci\u00f3n que hemos hecho de un comunicado que nos lleg\u00f3 en catal\u00e1n y que asume la responsabilidad por un sabotaje contra una nueva residencia estudiantil privada que se pretende abrir este curso y que se est\u00e1 terminando de construir en el Campus Sur de la Universidad de Barcelona, que les ofrece los terrenos y se lleva un pellizco, y que pretende ser un basti\u00f3n m\u00e1s de la precarizaci\u00f3n de la juventud, la restricci\u00f3n cada vez mayor del acceso a una vivienda digna para cualquiera (y especialmente para les j\u00f3venes) y la elitizaci\u00f3n de los estudiantes manteniendo una serie de comodidades solo disponibles para la minor\u00eda privilegiada mientras el resto se ve obligado a compaginar sus estudios con curros precarios de mierda para poder pagar.<\/p>\n<p align=\"justify\"><strong>Fuego al Capital, a la Universidad y al mundo del trabajo.<\/strong><\/p>\n<p align=\"justify\">&#8212;&#8212;&#8212;&#8212;&#8212;&#8212;&#8212;&#8212;&#8212;&#8212;&#8212;&#8212;&#8212;&#8212;&#8212;<\/p>\n<p align=\"justify\"><em>Esta ma\u00f1ana la futura residencia de estudiantes del Campus Sud (Diagonal) ha aparecido con pintura por toda la fachada y con una de las m\u00e1quinas de obra inoperativa.<\/em><\/p>\n<p align=\"justify\"><em>Esta residencia abre sus puertas el siguiente curso (2019\/2020) y oferta habitaciones por precios que van desde los 1100 a los 2000 euros\/mes. Precios que ningune estudiante puede pagar. En momentos de precarizaci\u00f3n juvenil como estos hacen falta soluciones de vivienda populares, para conseguir que cualquier persona pueda afrontar desplazarse a un n\u00facleo urbano, para vivir y estudiar, o independizarse sin salir de la ciudad.<\/em><\/p>\n<p align=\"justify\"><em>Esta residencia solo consigue que una empresa privada se lucre a costa de la elitizaci\u00f3n de los estudios.<\/em><\/p>\n<p align=\"justify\"><em><a name=\"tw-target-text\"><\/a> Adem\u00e1s, esta residencia, junto con la residencia de Santos Estaci\u00f3n (construida por la misma empresa, residencias Nexo) ha sido construida de manera sobredimensionada, con la intenci\u00f3n de que queden habitaciones libres para poder alquilar estas como pisos tur\u00edsticos. Todo ello bajo el consentimiento de la universidad \u00abp\u00fablica\u00bb de Barcelona (S.A.) que les conced\u00eda el terreno.<\/em><\/p>\n<p align=\"justify\"><strong><em>\u00a1Fuego al Capital!<br \/>\n<\/em><\/strong><strong><em>\u00a1En la residencia no dormir\u00e1 ninguna persona!<\/em><\/strong><\/p>\n<p align=\"justify\"><img loading=\"lazy\" decoding=\"async\" class=\"size-full wp-image-22575 aligncenter\" src=\"https:\/\/vozcomoarma.noblogs.org\/files\/2019\/07\/IMG_20190710_152825_223.jpg\" alt=\"\" width=\"400\" height=\"225\" srcset=\"https:\/\/vozcomoarma.noblogs.org\/files\/2019\/07\/IMG_20190710_152825_223.jpg 400w, https:\/\/vozcomoarma.noblogs.org\/files\/2019\/07\/IMG_20190710_152825_223-300x169.jpg 300w\" sizes=\"auto, (max-width: 400px) 100vw, 400px\" \/> <img loading=\"lazy\" decoding=\"async\" class=\"alignnone size-full wp-image-22576\" src=\"https:\/\/vozcomoarma.noblogs.org\/files\/2019\/07\/IMG_20190710_152815_133.jpg\" alt=\"\" width=\"1280\" height=\"721\" srcset=\"https:\/\/vozcomoarma.noblogs.org\/files\/2019\/07\/IMG_20190710_152815_133.jpg 1280w, https:\/\/vozcomoarma.noblogs.org\/files\/2019\/07\/IMG_20190710_152815_133-300x169.jpg 300w, https:\/\/vozcomoarma.noblogs.org\/files\/2019\/07\/IMG_20190710_152815_133-768x433.jpg 768w, https:\/\/vozcomoarma.noblogs.org\/files\/2019\/07\/IMG_20190710_152815_133-1024x577.jpg 1024w\" sizes=\"auto, (max-width: 1280px) 100vw, 1280px\" \/><\/p>\n","protected":false},"excerpt":{"rendered":"<p>A continuaci\u00f3n dejamos la traducci\u00f3n que hemos hecho de un comunicado que nos lleg\u00f3 en catal\u00e1n y que asume la responsabilidad por un sabotaje contra una nueva residencia estudiantil privada que se pretende abrir este curso y que se est\u00e1 &hellip; <a href=\"https:\/\/vozcomoarma.noblogs.org\/?p=22574\">Sigue leyendo <span class=\"meta-nav\">&rarr;<\/span><\/a><\/p>\n","protected":false},"author":7045,"featured_media":0,"comment_status":"closed","ping_status":"open","sticky":false,"template":"","format":"standard","meta":{"footnotes":""},"categories":[58,61,9],"tags":[107,48,40,16,42,10],"class_list":["post-22574","post","type-post","status-publish","format-standard","hentry","category-acciones","category-noticias","category-noticias-y-comunicados","tag-barcelona","tag-cataluna","tag-especulacion","tag-guerra-social","tag-movimientos-sociales","tag-sabotaje"],"_links":{"self":[{"href":"https:\/\/vozcomoarma.noblogs.org\/index.php?rest_route=\/wp\/v2\/posts\/22574","targetHints":{"allow":["GET"]}}],"collection":[{"href":"https:\/\/vozcomoarma.noblogs.org\/index.php?rest_route=\/wp\/v2\/posts"}],"about":[{"href":"https:\/\/vozcomoarma.noblogs.org\/index.php?rest_route=\/wp\/v2\/types\/post"}],"author":[{"embeddable":true,"href":"https:\/\/vozcomoarma.noblogs.org\/index.php?rest_route=\/wp\/v2\/users\/7045"}],"replies":[{"embeddable":true,"href":"https:\/\/vozcomoarma.noblogs.org\/index.php?rest_route=%2Fwp%2Fv2%2Fcomments&post=22574"}],"version-history":[{"count":2,"href":"https:\/\/vozcomoarma.noblogs.org\/index.php?rest_route=\/wp\/v2\/posts\/22574\/revisions"}],"predecessor-version":[{"id":22578,"href":"https:\/\/vozcomoarma.noblogs.org\/index.php?rest_route=\/wp\/v2\/posts\/22574\/revisions\/22578"}],"wp:attachment":[{"href":"https:\/\/vozcomoarma.noblogs.org\/index.php?rest_route=%2Fwp%2Fv2%2Fmedia&parent=22574"}],"wp:term":[{"taxonomy":"category","embeddable":true,"href":"https:\/\/vozcomoarma.noblogs.org\/index.php?rest_route=%2Fwp%2Fv2%2Fcategories&post=22574"},{"taxonomy":"post_tag","embeddable":true,"href":"https:\/\/vozcomoarma.noblogs.org\/index.php?rest_route=%2Fwp%2Fv2%2Ftags&post=22574"}],"curies":[{"name":"wp","href":"https:\/\/api.w.org\/{rel}","templated":true}]}}