{"id":22626,"date":"2019-07-23T21:32:29","date_gmt":"2019-07-23T19:32:29","guid":{"rendered":"https:\/\/vozcomoarma.noblogs.org\/?p=22626"},"modified":"2019-07-23T21:33:20","modified_gmt":"2019-07-23T19:33:20","slug":"reokupado-el-solar-de-ca-la-trava-barcelona","status":"publish","type":"post","link":"https:\/\/vozcomoarma.noblogs.org\/?p=22626","title":{"rendered":"Reokupado el solar de Ca La Trava (Barcelona)"},"content":{"rendered":"<p align=\"justify\"><strong><a href=\"https:\/\/vozcomoarma.noblogs.org\/?p=20643\">Tras el desalojo de Ca La Trava el pasado mes de octubre<\/a><\/strong>, acabamos de recibir por e-mail la noticia de que recientemente fue reokupado el solar donde antes se encontraba el edificio, para continuar con las actividades de lucha que hab\u00eda seguido organizando el colectivo en otros espacios. Traducimos desde el original en catal\u00e1n que hemos recibido el comunicado del espacio anunciando su regreso a Ca La Trava, y lo dejamos a continuaci\u00f3n.<\/p>\n<p align=\"justify\">&#8212;&#8212;&#8212;&#8212;&#8212;&#8212;&#8212;-<\/p>\n<p align=\"justify\"><em><strong>HEMOS REOKUPADO CA LA TRAVA<\/strong><\/em><\/p>\n<p align=\"justify\"><em>Hemos vuelto a entrar en Ca La Trava, ahora un solar, y no pensamos marcharnos. Este espacio, hasta ahora cerrado, volver\u00e1 a estar abierto al barrio, y lo defenderemos como hemos defendido nuestras casas. Queremos que vuelva a ser una trinchera desde donde resistir la embestida de los especuladores y dar guerra a todes les que nos est\u00e1n destrozando el barrio. Si en Ca La Trava hacen pisos de lujo perdemos todes, y eso no podemos permitirlo.<\/em><\/p>\n<p align=\"justify\"><em>Son tiempos de frases vac\u00edas, de eufemismos, de simbolismos sin contenido y de pol\u00edticos contradici\u00e9ndose con cada nueva declaraci\u00f3n. Por esta raz\u00f3n, queremos dejar claro que cuando decimos \u201cCa La Trava nunca ser\u00e1 pisos de lujo\u201d lo decimos con toda la seriedad posible. La lucha de Ca La Trava no es una lucha perdida, y la reokupacion no es una decision improvisada ni fruto del sentimentalismo. Nuestro objetivo es ganar y estamos convencides de que lo conseguiremos.<\/em><\/p>\n<p align=\"justify\"><em>Vivimos en una Barcelona asolada por la especulaci\u00f3n y que nos expulsa de nuestras casas para levantar pisos de lujo. Hace falta que luchemos contra cada subida de alquiler, por cada piso, cada bloque y cada solar. Por eso hemos okupado y okupamos Ca La Trava, resistimos y resistiremos al desalojo, y por eso os animamos a todes a acercaros, participar del espacio y hacer vuestra esta lucha que nos afecta a todes.<\/em><\/p>\n<p align=\"justify\"><em>Que se encuentren con la Barcelona alzada, la Barcelona rebelde, la Rosa de Foc. Convirtamos en una realidad nuestro grito:<\/em><\/p>\n<p align=\"justify\"><strong><em>\u00a1CA LA TRAVA NUNCA SER\u00c1 PISOS DE LUJO!<br \/>\n<\/em><\/strong><strong><em>\u00a1CA LA TRAVA RESISTE!<\/em><\/strong><\/p>\n<p align=\"justify\"><img loading=\"lazy\" decoding=\"async\" class=\"size-full wp-image-22630 aligncenter\" src=\"https:\/\/vozcomoarma.noblogs.org\/files\/2019\/07\/IMG-20190719-WA0006.jpg\" alt=\"\" width=\"400\" height=\"566\" srcset=\"https:\/\/vozcomoarma.noblogs.org\/files\/2019\/07\/IMG-20190719-WA0006.jpg 400w, https:\/\/vozcomoarma.noblogs.org\/files\/2019\/07\/IMG-20190719-WA0006-212x300.jpg 212w\" sizes=\"auto, (max-width: 400px) 100vw, 400px\" \/><\/p>\n","protected":false},"excerpt":{"rendered":"<p>Tras el desalojo de Ca La Trava el pasado mes de octubre, acabamos de recibir por e-mail la noticia de que recientemente fue reokupado el solar donde antes se encontraba el edificio, para continuar con las actividades de lucha que &hellip; <a href=\"https:\/\/vozcomoarma.noblogs.org\/?p=22626\">Sigue leyendo <span class=\"meta-nav\">&rarr;<\/span><\/a><\/p>\n","protected":false},"author":7045,"featured_media":0,"comment_status":"closed","ping_status":"open","sticky":false,"template":"","format":"standard","meta":{"footnotes":""},"categories":[58,59,61,9],"tags":[107,48,40,16,42,37,24],"class_list":["post-22626","post","type-post","status-publish","format-standard","hentry","category-acciones","category-convocatorias","category-noticias","category-noticias-y-comunicados","tag-barcelona","tag-cataluna","tag-especulacion","tag-guerra-social","tag-movimientos-sociales","tag-okupacion","tag-reflexion"],"_links":{"self":[{"href":"https:\/\/vozcomoarma.noblogs.org\/index.php?rest_route=\/wp\/v2\/posts\/22626","targetHints":{"allow":["GET"]}}],"collection":[{"href":"https:\/\/vozcomoarma.noblogs.org\/index.php?rest_route=\/wp\/v2\/posts"}],"about":[{"href":"https:\/\/vozcomoarma.noblogs.org\/index.php?rest_route=\/wp\/v2\/types\/post"}],"author":[{"embeddable":true,"href":"https:\/\/vozcomoarma.noblogs.org\/index.php?rest_route=\/wp\/v2\/users\/7045"}],"replies":[{"embeddable":true,"href":"https:\/\/vozcomoarma.noblogs.org\/index.php?rest_route=%2Fwp%2Fv2%2Fcomments&post=22626"}],"version-history":[{"count":2,"href":"https:\/\/vozcomoarma.noblogs.org\/index.php?rest_route=\/wp\/v2\/posts\/22626\/revisions"}],"predecessor-version":[{"id":22631,"href":"https:\/\/vozcomoarma.noblogs.org\/index.php?rest_route=\/wp\/v2\/posts\/22626\/revisions\/22631"}],"wp:attachment":[{"href":"https:\/\/vozcomoarma.noblogs.org\/index.php?rest_route=%2Fwp%2Fv2%2Fmedia&parent=22626"}],"wp:term":[{"taxonomy":"category","embeddable":true,"href":"https:\/\/vozcomoarma.noblogs.org\/index.php?rest_route=%2Fwp%2Fv2%2Fcategories&post=22626"},{"taxonomy":"post_tag","embeddable":true,"href":"https:\/\/vozcomoarma.noblogs.org\/index.php?rest_route=%2Fwp%2Fv2%2Ftags&post=22626"}],"curies":[{"name":"wp","href":"https:\/\/api.w.org\/{rel}","templated":true}]}}