{"id":22641,"date":"2019-07-24T04:11:02","date_gmt":"2019-07-24T02:11:02","guid":{"rendered":"https:\/\/vozcomoarma.noblogs.org\/?p=22641"},"modified":"2019-07-24T04:11:21","modified_gmt":"2019-07-24T02:11:21","slug":"suecia-incendiado-un-vehiculo-de-la-empresa-maderera-sca-por-destruir-bosques-antiguos","status":"publish","type":"post","link":"https:\/\/vozcomoarma.noblogs.org\/?p=22641","title":{"rendered":"Suecia &#8211; Incendiado un veh\u00edculo de la empresa maderera SCA en \u00d6stersund por destruir bosques antiguos"},"content":{"rendered":"<p align=\"justify\">Sigue a continuaci\u00f3n la traducci\u00f3n que hemos hecho de un comunicado recogido de 325 y que reivindica un ataque incendiario contra un veh\u00edculo propiedad de la empresa maderera SCA en \u00d6stersund, Suecia, por su implicaci\u00f3n en la destrucci\u00f3n y tala de bosques milenarios.<\/p>\n<p align=\"justify\">La acci\u00f3n fue firmada por una c\u00e9lula del ELF (<em>Earth Liberation Front<\/em>, o FLT, Frente de Liberaci\u00f3n de la Tierra, por sus siglas en castellano).<\/p>\n<p align=\"justify\">&#8212;&#8212;&#8212;&#8212;&#8212;&#8212;&#8212;&#8212;&#8212;&#8212;&#8212;&#8212;&#8212;&#8212;&#8212;&#8212;&#8212;&#8212;&#8212;-<\/p>\n<p align=\"justify\"><em>En la noche del 8 de julio un coche aparcado fuera de las oficinas de SCA en \u00d6stersund, en Suecia, fue incendiado. SCA es una de las empresas responsables por la tala y destrucci\u00f3n de los bosques antiguos en Suecia.<\/em><\/p>\n<p align=\"justify\"><em>Su terror contra lo salvaje tendr\u00e1 consecuencias. Ya no vamos a permanecer en silencio viendo a su ecoterrorismo destruir los \u00faltimos bosques salvajes en el norte de Europa.<\/em><\/p>\n<p align=\"justify\"><strong><em>Con fuego y sabotaje os cazaremos. Destruye a quien te destruye.<br \/>\n<\/em><\/strong><strong><em>\u00a1Por lo salvaje!<\/em><\/strong><\/p>\n<p align=\"justify\"><strong><em>ELF<\/em><\/strong><\/p>\n<p align=\"justify\"><img loading=\"lazy\" decoding=\"async\" class=\"aligncenter wp-image-22642\" src=\"https:\/\/vozcomoarma.noblogs.org\/files\/2019\/07\/destroy-what-destroys-you.gif\" alt=\"\" width=\"570\" height=\"310\" srcset=\"https:\/\/vozcomoarma.noblogs.org\/files\/2019\/07\/destroy-what-destroys-you.gif 438w, https:\/\/vozcomoarma.noblogs.org\/files\/2019\/07\/destroy-what-destroys-you-300x163.gif 300w\" sizes=\"auto, (max-width: 570px) 100vw, 570px\" \/><\/p>\n","protected":false},"excerpt":{"rendered":"<p>Sigue a continuaci\u00f3n la traducci\u00f3n que hemos hecho de un comunicado recogido de 325 y que reivindica un ataque incendiario contra un veh\u00edculo propiedad de la empresa maderera SCA en \u00d6stersund, Suecia, por su implicaci\u00f3n en la destrucci\u00f3n y tala &hellip; <a href=\"https:\/\/vozcomoarma.noblogs.org\/?p=22641\">Sigue leyendo <span class=\"meta-nav\">&rarr;<\/span><\/a><\/p>\n","protected":false},"author":7045,"featured_media":0,"comment_status":"closed","ping_status":"open","sticky":false,"template":"","format":"standard","meta":{"footnotes":""},"categories":[58,61,9],"tags":[47,39,16,26,10,66],"class_list":["post-22641","post","type-post","status-publish","format-standard","hentry","category-acciones","category-noticias","category-noticias-y-comunicados","tag-anti-desarrollismo","tag-anti-especismo","tag-guerra-social","tag-insurreccionalismo","tag-sabotaje","tag-suecia"],"_links":{"self":[{"href":"https:\/\/vozcomoarma.noblogs.org\/index.php?rest_route=\/wp\/v2\/posts\/22641","targetHints":{"allow":["GET"]}}],"collection":[{"href":"https:\/\/vozcomoarma.noblogs.org\/index.php?rest_route=\/wp\/v2\/posts"}],"about":[{"href":"https:\/\/vozcomoarma.noblogs.org\/index.php?rest_route=\/wp\/v2\/types\/post"}],"author":[{"embeddable":true,"href":"https:\/\/vozcomoarma.noblogs.org\/index.php?rest_route=\/wp\/v2\/users\/7045"}],"replies":[{"embeddable":true,"href":"https:\/\/vozcomoarma.noblogs.org\/index.php?rest_route=%2Fwp%2Fv2%2Fcomments&post=22641"}],"version-history":[{"count":2,"href":"https:\/\/vozcomoarma.noblogs.org\/index.php?rest_route=\/wp\/v2\/posts\/22641\/revisions"}],"predecessor-version":[{"id":22644,"href":"https:\/\/vozcomoarma.noblogs.org\/index.php?rest_route=\/wp\/v2\/posts\/22641\/revisions\/22644"}],"wp:attachment":[{"href":"https:\/\/vozcomoarma.noblogs.org\/index.php?rest_route=%2Fwp%2Fv2%2Fmedia&parent=22641"}],"wp:term":[{"taxonomy":"category","embeddable":true,"href":"https:\/\/vozcomoarma.noblogs.org\/index.php?rest_route=%2Fwp%2Fv2%2Fcategories&post=22641"},{"taxonomy":"post_tag","embeddable":true,"href":"https:\/\/vozcomoarma.noblogs.org\/index.php?rest_route=%2Fwp%2Fv2%2Ftags&post=22641"}],"curies":[{"name":"wp","href":"https:\/\/api.w.org\/{rel}","templated":true}]}}