{"id":22645,"date":"2019-07-24T04:25:11","date_gmt":"2019-07-24T02:25:11","guid":{"rendered":"https:\/\/vozcomoarma.noblogs.org\/?p=22645"},"modified":"2019-07-24T04:25:31","modified_gmt":"2019-07-24T02:25:31","slug":"alemania-apoyo-para-un-anarquista-sentenciado-en-alemania-por-robar-en-un-supermercado","status":"publish","type":"post","link":"https:\/\/vozcomoarma.noblogs.org\/?p=22645","title":{"rendered":"Alemania &#8211; Apoyo para un anarquista sentenciado en Alemania por robar en un supermercado"},"content":{"rendered":"<p align=\"justify\">Recogemos de <strong><a href=\"https:\/\/325.nostate.net\/2019\/07\/23\/support-an-anarchist-who-was-sentenced-in-so-called-germany\/\">325<\/a><\/strong>, traducimos y difundimos esta convocatoria para apoyar econ\u00f3micamente a un compa\u00f1ero en Alemania que fue detenido por robar en un supermercado y acusado de robo con arma, ya que llevar\u00eda una peque\u00f1a navaja que ni siquiera pretend\u00eda utilizar como arma. El detenido ha sido condenado a pagar 1000 euros, y si no los paga tendr\u00e1 que pasar 3 meses en la c\u00e1rcel. Desde la Cruz Negra Anarquista de Rep\u00fablica Checa se ha puesto en marcha una recaudaci\u00f3n de donaciones solidarias con el fin de ayudar al compa\u00f1ero a poder pagar la multa y evitar as\u00ed la prisi\u00f3n.<\/p>\n<p align=\"justify\"><strong>\u00a1Fuerza para el compa\u00f1ero acusado en Alemania!<\/strong><br \/>\n<strong>\u00a1Viva la expropiaci\u00f3n!<\/strong><\/p>\n<p align=\"justify\">&#8212;&#8212;&#8212;&#8212;&#8212;&#8212;&#8212;&#8212;&#8212;&#8212;&#8212;&#8212;&#8212;&#8212;-<\/p>\n<p align=\"justify\"><em>Apoya a un anarquista que fue sentenciado en la llamada Alemania. Esta persona fue capturada por un guardia de seguridad de civil en un centro comercial mientras estaba expropiando de forma no violenta algunos bienes. Sin darse cuenta de que ten\u00eda un peque\u00f1o cuchillo port\u00e1til encima que no pretend\u00eda usar como arma. Incluso a pesar de ello fue acusado de robo con un arma preparada para usarse.<\/em><\/p>\n<p align=\"justify\"><em>El tribunal alem\u00e1n le impuso un castigo de 90 d\u00edas en prisi\u00f3n o el pago de 1000 euros. Esto significa que si no paga ese dinero tendr\u00e1 que pasar 3 meses en la c\u00e1rcel. El grupo checo de la Cruz Negra Anarquista decidi\u00f3 apoyarle organizando una recaudaci\u00f3n de dinero. Pod\u00e9is enviar vuestra contribuci\u00f3n solidaria a una cuenta en: <strong><a href=\"https:\/\/abcnews.noblogs.org\/kontakt\/\">https:\/\/abcnews.noblogs.org\/kontakt\/<\/a><\/strong> o ponerla <span lang=\"es-ES\">en una caja junto al puesto de la CNA en eventos p\u00fablicos.<\/span><\/em><\/p>\n<p align=\"justify\"><em>La expropiaci\u00f3n no es un crimen. Las diferentes formas de expropiaci\u00f3n a fuentes del capitalismo y del Estado son una forma leg\u00edtima de luchar contra la dictadura del capital. Estamos apoyando a aquelles que act\u00faan de esta manera y son castigades.<\/em><\/p>\n<p align=\"justify\"><em><strong>\u00a1La solidaridad es nuestra arma!<\/strong><\/em><\/p>\n<p align=\"justify\"><img loading=\"lazy\" decoding=\"async\" class=\"size-full wp-image-22646 aligncenter\" src=\"https:\/\/vozcomoarma.noblogs.org\/files\/2019\/07\/robatuvida.jpg\" alt=\"\" width=\"481\" height=\"604\" srcset=\"https:\/\/vozcomoarma.noblogs.org\/files\/2019\/07\/robatuvida.jpg 481w, https:\/\/vozcomoarma.noblogs.org\/files\/2019\/07\/robatuvida-239x300.jpg 239w\" sizes=\"auto, (max-width: 481px) 100vw, 481px\" \/><\/p>\n","protected":false},"excerpt":{"rendered":"<p>Recogemos de 325, traducimos y difundimos esta convocatoria para apoyar econ\u00f3micamente a un compa\u00f1ero en Alemania que fue detenido por robar en un supermercado y acusado de robo con arma, ya que llevar\u00eda una peque\u00f1a navaja que ni siquiera pretend\u00eda &hellip; <a href=\"https:\/\/vozcomoarma.noblogs.org\/?p=22645\">Sigue leyendo <span class=\"meta-nav\">&rarr;<\/span><\/a><\/p>\n","protected":false},"author":7045,"featured_media":0,"comment_status":"closed","ping_status":"open","sticky":false,"template":"","format":"standard","meta":{"footnotes":""},"categories":[58,61,9],"tags":[51,16,19,11],"class_list":["post-22645","post","type-post","status-publish","format-standard","hentry","category-acciones","category-noticias","category-noticias-y-comunicados","tag-alemania","tag-guerra-social","tag-represion","tag-solidaridad"],"_links":{"self":[{"href":"https:\/\/vozcomoarma.noblogs.org\/index.php?rest_route=\/wp\/v2\/posts\/22645","targetHints":{"allow":["GET"]}}],"collection":[{"href":"https:\/\/vozcomoarma.noblogs.org\/index.php?rest_route=\/wp\/v2\/posts"}],"about":[{"href":"https:\/\/vozcomoarma.noblogs.org\/index.php?rest_route=\/wp\/v2\/types\/post"}],"author":[{"embeddable":true,"href":"https:\/\/vozcomoarma.noblogs.org\/index.php?rest_route=\/wp\/v2\/users\/7045"}],"replies":[{"embeddable":true,"href":"https:\/\/vozcomoarma.noblogs.org\/index.php?rest_route=%2Fwp%2Fv2%2Fcomments&post=22645"}],"version-history":[{"count":2,"href":"https:\/\/vozcomoarma.noblogs.org\/index.php?rest_route=\/wp\/v2\/posts\/22645\/revisions"}],"predecessor-version":[{"id":22648,"href":"https:\/\/vozcomoarma.noblogs.org\/index.php?rest_route=\/wp\/v2\/posts\/22645\/revisions\/22648"}],"wp:attachment":[{"href":"https:\/\/vozcomoarma.noblogs.org\/index.php?rest_route=%2Fwp%2Fv2%2Fmedia&parent=22645"}],"wp:term":[{"taxonomy":"category","embeddable":true,"href":"https:\/\/vozcomoarma.noblogs.org\/index.php?rest_route=%2Fwp%2Fv2%2Fcategories&post=22645"},{"taxonomy":"post_tag","embeddable":true,"href":"https:\/\/vozcomoarma.noblogs.org\/index.php?rest_route=%2Fwp%2Fv2%2Ftags&post=22645"}],"curies":[{"name":"wp","href":"https:\/\/api.w.org\/{rel}","templated":true}]}}