{"id":22655,"date":"2019-07-25T14:05:40","date_gmt":"2019-07-25T12:05:40","guid":{"rendered":"https:\/\/vozcomoarma.noblogs.org\/?p=22655"},"modified":"2019-07-25T14:05:40","modified_gmt":"2019-07-25T12:05:40","slug":"italia-dictadas-las-condenas-de-la-operacion-panico","status":"publish","type":"post","link":"https:\/\/vozcomoarma.noblogs.org\/?p=22655","title":{"rendered":"Italia &#8211; Dictadas las condenas de la Operaci\u00f3n P\u00e1nico"},"content":{"rendered":"<p align=\"justify\">A continuaci\u00f3n, recogemos, traducimos y difundimos la informaci\u00f3n sobre las primeras sentencias dictadas contra les acusades en la denominada Operaci\u00f3n Panico en Florencia, Italia, que ha terminado con todes les compa\u00f1eres condenades.<\/p>\n<p align=\"justify\">&#8212;&#8212;&#8212;&#8212;&#8212;&#8212;&#8212;&#8212;&#8212;&#8212;&#8212;&#8212;&#8212;&#8211;<\/p>\n<p align=\"justify\"><strong><em>22\/07\/2019<\/em><\/strong><\/p>\n<p align=\"justify\"><em>Esperando m\u00e1s informacion, estamos publicando algunas de las sentencias (noticias recibidas v\u00eda mensajes de texto) para les 28 compa\u00f1eres acusades en la Operacion Panico.<\/em><\/p>\n<p align=\"justify\"><em>Ninguna persona fue absuelta.<\/em><\/p>\n<p align=\"justify\"><em>Salvatore Vespertino \u201cGhespe\u201d: 9 a\u00f1os<br \/>\nGiovanni Ghezzi \u201cGiova\u201d: 9 a\u00f1os, 10 meses y 15 d\u00edas<br \/>\n<\/em><em>Pierloreto Fallanca \u201cPaska\u201d: 9 a\u00f1os y 10 meses<\/p>\n<p><\/em><em>Para todes les otres, las sentencias van desde 1 mes hasta 6 a\u00f1os.<\/em><\/p>\n<p align=\"justify\"><strong><em>Fuego a las prisiones y los tribunales.<br \/>\n<\/em><em>Libertad para todes.<\/em><\/strong><\/p>\n","protected":false},"excerpt":{"rendered":"<p>A continuaci\u00f3n, recogemos, traducimos y difundimos la informaci\u00f3n sobre las primeras sentencias dictadas contra les acusades en la denominada Operaci\u00f3n Panico en Florencia, Italia, que ha terminado con todes les compa\u00f1eres condenades. &#8212;&#8212;&#8212;&#8212;&#8212;&#8212;&#8212;&#8212;&#8212;&#8212;&#8212;&#8212;&#8212;&#8211; 22\/07\/2019 Esperando m\u00e1s informacion, estamos publicando algunas &hellip; <a href=\"https:\/\/vozcomoarma.noblogs.org\/?p=22655\">Sigue leyendo <span class=\"meta-nav\">&rarr;<\/span><\/a><\/p>\n","protected":false},"author":7045,"featured_media":0,"comment_status":"closed","ping_status":"open","sticky":false,"template":"","format":"standard","meta":{"footnotes":""},"categories":[58,327,61,9,7],"tags":[16,38,19,11],"class_list":["post-22655","post","type-post","status-publish","format-standard","hentry","category-acciones","category-companeres-detenides-en-italia-382017","category-noticias","category-noticias-y-comunicados","category-presxs","tag-guerra-social","tag-italia","tag-represion","tag-solidaridad"],"_links":{"self":[{"href":"https:\/\/vozcomoarma.noblogs.org\/index.php?rest_route=\/wp\/v2\/posts\/22655","targetHints":{"allow":["GET"]}}],"collection":[{"href":"https:\/\/vozcomoarma.noblogs.org\/index.php?rest_route=\/wp\/v2\/posts"}],"about":[{"href":"https:\/\/vozcomoarma.noblogs.org\/index.php?rest_route=\/wp\/v2\/types\/post"}],"author":[{"embeddable":true,"href":"https:\/\/vozcomoarma.noblogs.org\/index.php?rest_route=\/wp\/v2\/users\/7045"}],"replies":[{"embeddable":true,"href":"https:\/\/vozcomoarma.noblogs.org\/index.php?rest_route=%2Fwp%2Fv2%2Fcomments&post=22655"}],"version-history":[{"count":1,"href":"https:\/\/vozcomoarma.noblogs.org\/index.php?rest_route=\/wp\/v2\/posts\/22655\/revisions"}],"predecessor-version":[{"id":22658,"href":"https:\/\/vozcomoarma.noblogs.org\/index.php?rest_route=\/wp\/v2\/posts\/22655\/revisions\/22658"}],"wp:attachment":[{"href":"https:\/\/vozcomoarma.noblogs.org\/index.php?rest_route=%2Fwp%2Fv2%2Fmedia&parent=22655"}],"wp:term":[{"taxonomy":"category","embeddable":true,"href":"https:\/\/vozcomoarma.noblogs.org\/index.php?rest_route=%2Fwp%2Fv2%2Fcategories&post=22655"},{"taxonomy":"post_tag","embeddable":true,"href":"https:\/\/vozcomoarma.noblogs.org\/index.php?rest_route=%2Fwp%2Fv2%2Ftags&post=22655"}],"curies":[{"name":"wp","href":"https:\/\/api.w.org\/{rel}","templated":true}]}}