{"id":22740,"date":"2019-08-01T12:20:10","date_gmt":"2019-08-01T10:20:10","guid":{"rendered":"https:\/\/vozcomoarma.noblogs.org\/?p=22740"},"modified":"2019-08-01T12:20:10","modified_gmt":"2019-08-01T10:20:10","slug":"argentina-sale-el-numero-2-de-la-publicacion-la-rivolta","status":"publish","type":"post","link":"https:\/\/vozcomoarma.noblogs.org\/?p=22740","title":{"rendered":"Argentina &#8211; Sale el n\u00famero 2 de la publicaci\u00f3n La Rivolta"},"content":{"rendered":"<p align=\"justify\">Recibimos y compartimos el n\u00famero 2 de esta <strong><a href=\"https:\/\/expandiendolarevuelta.noblogs.org\">publicaci\u00f3n anarquista editada en Sargentina<\/a><\/strong>, y que se enmarca en el llamado a la agitaci\u00f3n por el <strong><a href=\"https:\/\/vozcomoarma.noblogs.org\/?p=22720\">segundo aniversario de la \u00abdesaparici\u00f3n\u00bb y muerte del compa\u00f1ero Santiago Maldonado<\/a><\/strong>. As\u00edmismo, la publicaci\u00f3n se dedica<strong><a href=\"https:\/\/vozcomoarma.noblogs.org\/?p=22579\"> a la memoria del anarquista Willem Van Spronsen<\/a><\/strong>, compa\u00f1ero que fue abatido a tiros por la polic\u00eda del Estado de Washington cuando intent\u00f3 atacar con fuego la infraestructura de un centro de detenci\u00f3n para personas migrantes racializadas, con el fin de luchar contra este mundo de muros, fronteras y miseria.<\/p>\n<p align=\"justify\">Para leer online\/descargar, click <strong><a href=\"https:\/\/vozcomoarma.noblogs.org\/files\/2019\/08\/La-rivolta-2-final.pdf\">aqu\u00ed<\/a><\/strong>.<\/p>\n<p align=\"justify\">&#8212;&#8212;&#8212;&#8212;&#8212;&#8212;&#8212;&#8212;&#8212;&#8212;&#8212;&#8212;&#8212;&#8212;&#8212;&#8212;&#8212;&#8212;-<\/p>\n<p align=\"justify\"><em>A 2 a\u00f1os de la desaparici\u00f3n y asesinato del compa\u00f1ero Santiago Maldonado e impulsados por el llamado al mes de agitaci\u00f3n, compartimos el segundo n\u00famero de la publicaci\u00f3n an\u00e1rquica \u00abLa Rivolta\u00bb.<\/em><\/p>\n<p align=\"justify\"><em>Esperamos que esta publicaci\u00f3n sea un llamado m\u00e1s a la acci\u00f3n y a la profundizaci\u00f3n de nuestras expresiones antiautoritarias.<\/em><\/p>\n<p align=\"justify\"><strong><em>Notas:<\/em><\/strong><\/p>\n<p align=\"justify\"><em>Editorial: \u00bfQue es aquello que necesita ser dicho?<br \/>\n<\/em><em>20\/12\/01: Relato desde la revuelta del 2001.<br \/>\n<\/em><em>Nuestra Memoria Negra: RAFAEL ROCA, compa\u00f1ero comunista an\u00e1rquico antiorganizaci\u00f3n.<br \/>\n<\/em><em>Mantenernos en pie, invitar a la accion: Santiago Maldonado, a 2 a\u00f1os de su desaparici\u00f3n.<\/em><\/p>\n<p align=\"justify\"><img loading=\"lazy\" decoding=\"async\" class=\"size-full wp-image-22742 aligncenter\" src=\"https:\/\/vozcomoarma.noblogs.org\/files\/2019\/08\/Tapa.jpg\" alt=\"\" width=\"2480\" height=\"3508\" srcset=\"https:\/\/vozcomoarma.noblogs.org\/files\/2019\/08\/Tapa.jpg 2480w, https:\/\/vozcomoarma.noblogs.org\/files\/2019\/08\/Tapa-212x300.jpg 212w, https:\/\/vozcomoarma.noblogs.org\/files\/2019\/08\/Tapa-768x1086.jpg 768w, https:\/\/vozcomoarma.noblogs.org\/files\/2019\/08\/Tapa-724x1024.jpg 724w\" sizes=\"auto, (max-width: 2480px) 100vw, 2480px\" \/><\/p>\n","protected":false},"excerpt":{"rendered":"<p>Recibimos y compartimos el n\u00famero 2 de esta publicaci\u00f3n anarquista editada en Sargentina, y que se enmarca en el llamado a la agitaci\u00f3n por el segundo aniversario de la \u00abdesaparici\u00f3n\u00bb y muerte del compa\u00f1ero Santiago Maldonado. As\u00edmismo, la publicaci\u00f3n se &hellip; <a href=\"https:\/\/vozcomoarma.noblogs.org\/?p=22740\">Sigue leyendo <span class=\"meta-nav\">&rarr;<\/span><\/a><\/p>\n","protected":false},"author":7045,"featured_media":0,"comment_status":"closed","ping_status":"open","sticky":false,"template":"","format":"standard","meta":{"footnotes":""},"categories":[60,4],"tags":[13,16,42],"class_list":["post-22740","post","type-post","status-publish","format-standard","hentry","category-fanzines-y-revistas","category-publicaciones","tag-argentina","tag-guerra-social","tag-movimientos-sociales"],"_links":{"self":[{"href":"https:\/\/vozcomoarma.noblogs.org\/index.php?rest_route=\/wp\/v2\/posts\/22740","targetHints":{"allow":["GET"]}}],"collection":[{"href":"https:\/\/vozcomoarma.noblogs.org\/index.php?rest_route=\/wp\/v2\/posts"}],"about":[{"href":"https:\/\/vozcomoarma.noblogs.org\/index.php?rest_route=\/wp\/v2\/types\/post"}],"author":[{"embeddable":true,"href":"https:\/\/vozcomoarma.noblogs.org\/index.php?rest_route=\/wp\/v2\/users\/7045"}],"replies":[{"embeddable":true,"href":"https:\/\/vozcomoarma.noblogs.org\/index.php?rest_route=%2Fwp%2Fv2%2Fcomments&post=22740"}],"version-history":[{"count":1,"href":"https:\/\/vozcomoarma.noblogs.org\/index.php?rest_route=\/wp\/v2\/posts\/22740\/revisions"}],"predecessor-version":[{"id":22743,"href":"https:\/\/vozcomoarma.noblogs.org\/index.php?rest_route=\/wp\/v2\/posts\/22740\/revisions\/22743"}],"wp:attachment":[{"href":"https:\/\/vozcomoarma.noblogs.org\/index.php?rest_route=%2Fwp%2Fv2%2Fmedia&parent=22740"}],"wp:term":[{"taxonomy":"category","embeddable":true,"href":"https:\/\/vozcomoarma.noblogs.org\/index.php?rest_route=%2Fwp%2Fv2%2Fcategories&post=22740"},{"taxonomy":"post_tag","embeddable":true,"href":"https:\/\/vozcomoarma.noblogs.org\/index.php?rest_route=%2Fwp%2Fv2%2Ftags&post=22740"}],"curies":[{"name":"wp","href":"https:\/\/api.w.org\/{rel}","templated":true}]}}