{"id":22744,"date":"2019-07-27T17:34:06","date_gmt":"2019-07-27T15:34:06","guid":{"rendered":"https:\/\/vozcomoarma.noblogs.org\/?p=22744"},"modified":"2019-09-27T17:37:29","modified_gmt":"2019-09-27T15:37:29","slug":"peru-contra-la-megamineria-es-tiempo-de-contra-atacar-mensaje-desde-peru-arequipa","status":"publish","type":"post","link":"https:\/\/vozcomoarma.noblogs.org\/?p=22744","title":{"rendered":"Per\u00fa: Contra la megaminer\u00eda. Es tiempo de contra-atacar \u2013 Mensaje desde Per\u00fa-Arequipa"},"content":{"rendered":"<p align=\"justify\">Recibimos y compartimos este mensaje desde Per\u00fa, acerca de las luchas y protestas que se est\u00e1n desarrollando en la regi\u00f3n de Arequipa contra la megaminer\u00eda, con potentes enfrentamientos contra la polic\u00eda y ataques a la maquinaria.<\/p>\n<p align=\"justify\">&#8212;&#8212;&#8212;&#8212;&#8212;&#8212;&#8212;&#8212;&#8212;&#8212;&#8212;&#8212;&#8212;&#8212;&#8212;<\/p>\n<p align=\"justify\"><em>El d\u00eda de ayer domingo 21 de julio del a\u00f1o 2019 en Arequipa nos han cortado la luz para no poder organizarnos en cuanto a resistencia contra los 2 proyectos mineros de nombre (T\u00eda Mar\u00eda y La tapada), entre eso para no poder comunicarnos ni difundir imagenes de la llegada de 400 efectivos policiales para reprimirnos. Hoy lunes 22 de julio la polic\u00eda ha entrado a nuestras chacras y han avanzado en represi\u00f3n tirando bombas lacrim\u00f3genas y perdigones a diestra y siniestra. Tambi\u00e9n han detenido a 6 compa\u00f1eros nuestros y tenemos heridos.<\/em><\/p>\n<p align=\"justify\"><em>Hago el llamado a todos los departamentos del Per\u00fa para manifestarse en solidaridad con nuestra lucha que es al fin y al cabo la lucha de todas las personas que tenemos consciencia que para el cuidado de nuestras tierras y para obtener lo vital para nosotros, no necesitamos miner\u00eda as\u00ed esta represente millonarias ganancias al Estado y a la poblaci\u00f3n. Ser\u00eda como hacernos millonarios permitiendo que violen a nuestras hijas, hermanas y madres.<\/em><\/p>\n<p align=\"justify\"><em>Nos quieren hacer creer que con dinero vamos a remediar todo el da\u00f1o que con su miner\u00eda generen, yo no les creo. Por eso tambi\u00e9n rechazo cualquier caudillismo (porque todos somos iguales y capaces) as\u00ed venga este de la misma poblaci\u00f3n, o de alg\u00fan sector acad\u00e9mico, o de las autoridades locales que lindo hablaban antes y hoy est\u00e1n ausentes, o de alguna ong, o de alg\u00fan periodista como Nicol\u00e1s Lucar, que bien claro lo dijo hace a\u00f1os desde su zona de confort y protecci\u00f3n, que \u00e9l no est\u00e1 en contra de la miner\u00eda) \u00a0y otros que con sus palabras de doble filo solo buscan quedar bien con nosotros y le alistan el terreno al estado para su v\u00eda del di\u00e1logo pretendiendo que nos va a convencer mediante enga\u00f1os, o de algun grupo que jure estar con nosotros y solo pretenda apagar nuestra rabia encima diciendonos como debemos resistir. Nos est\u00e1n ahora acribillando y no nos queda otra que defendernos con la misma intensidad, las palabras ac\u00e1 no van m\u00e1s. Hoy y en adelante hablar\u00e1n las huaracas las piedras &#8230;y el lindo fuego. Si se vinieron en buses o camionetas, se ir\u00e1n a pi\u00e9 esos sicarios o arrastr\u00e1ndose.<\/em><\/p>\n<p align=\"justify\"><em>Como estrategia propongo sabotear tambi\u00e9n en lima la zona empresarial ya que me han dicho que esa zona es la que dirige y se alimenta de la miner\u00eda y sus productos, por eso la promueve y la defiende mediante su prensa aliada y parcializada que estas \u00faltimas semanas han venido entrevistando a economistas, alcaldes, dirigentes, congresistas (\u00bfde oposici\u00f3n?, que risa me da, si fueran de oposici\u00f3n hubieran renunciado hace rato y estuvieran ac\u00e1 luchando y tragando gases lacrim\u00f3genos), y una serie de personajes que nos dicen una y otra vez que el dinero importa m\u00e1s que nuestra salud la del planeta y de los animales.<\/em><\/p>\n<p align=\"justify\"><em>Propongo tambi\u00e9n sabotear las instalaciones donde se realizar\u00e1n las distintas disciplinas de los juegos panamericanos y parapanamericanos lima 2019. \u00bfq\u00fae no me importa el deporte?, no es eso. S\u00ed me importa, y ah\u00ed no veo deporte, solo veo al deporte morir en manos de la industrializaci\u00f3n. Han hecho a los deportistas enfocarse primero en el dinero que puedan ganar. Luego enfocarse en las copas y medallas que puedan ganar en agrandar la mentalidad de ganar y eso conlleva a que otros tengan que perder, eso genera desigualdades rencillas rencores, es la misma competitividad como la que hay en el \u00e1mbito laboral. Me gusta el deporte para ejercitarme, para darme el sencillo gusto de jugar lo que quiera y lo que pueda as\u00ed como jugar sin reglas sin \u00e1rbitros&#8230; sin presiones. Vean como sufren los deportistas por obtener sus logros, c\u00f3mo las chicas de gimnasia son torturadas en sus inicios para estirar 180 grados sus piernas con total flexibilidad, como son humilladas por sus entrenadores cuando no pueden hacerlo o lloran de dolor. Lo mismo pasa en los dem\u00e1s deportes, jugadores que ya no se quieren cuando llegan en segundo lugar porque sienten que han fallado a sus familiares a sus entrenadores a su pueblo y hasta as\u00ed mismos. Veo pura frivolidad en esos cert\u00e1menes competitivos, donde las empresas mueven millones a costa de la rivalidad de unos contra otros agrandando adem\u00e1s el odio entre pa\u00edses, est\u00fapido patriotismo. La estrategia de esa industrializaci\u00f3n le ha dado un espacio a personas llamadas \u201cdiscapacitadas\u201d para participar en ese certamen, pero en s\u00ed la propaganda tiene una sola voz, dice que solo merecen ser respetadas las personas \u201cdiscapacitadas\u201d que sepan jugar un deporte y mejor si ganan alguna medalla (as\u00ed como lo hacen en el sector laboral incluyendo a quienes sepan manejar ciertas maquinarias o llenar formularios o servir de gu\u00edas etc&#8230;) o que quieran hacerlo de manera profesional pues de eso se trata, de seguir siendo sirvientes sea en el \u00e1mbito laboral o en el \u00e1mbito del deporte industrializado. En pocas palabras las personas \u201cdiscapacitadas\u201d que no sepan hacer algun deporte o trabajar en algo o servir de alguna manera al sistema, no merecen nuestro respeto nuestra consideraci\u00f3n nuestra solidaridad&#8230; nuestra empat\u00eda. Eso nos dicen con su juego parapanamericano lima 2019.<\/em><\/p>\n<p align=\"justify\"><em>Ser\u00eda bueno ya ahora acabar con el ciclo de la desigualdad y la competitividad y la frivolidad, sabotear dichas instalaciones pudiera dar lugar a que la gente los deportistas de verdad se replanteen para que hacen deporte o para qui\u00e9n. El como sabotear o que hacer ya lo sabr\u00e1 cada uno.<\/em><\/p>\n<p align=\"justify\"><em>Y finalmente como muestra de la frivolidad de la cero empat\u00eda, hasta ahora no he escuchado ningun deportista que se halla pronunciado sobre algun proyecto minero o que halla declarado estar en contra de la represi\u00f3n hacia nosotros como a cualquier otra poblaci\u00f3n que defiende al planeta. Y lo entiendo, ellos solo estan mentalizados en ganar medallas copas en que sus nombres figuren en alguna placa o en algun lugar en la historia piensan solo en entrevistas &#8230;, lo ven, ahora son solo piezas de la maquinaria industrial \u201cdeportiva\u201d que hace m\u00e1s millonarios a los empresarios y mas esclavos a los que participan en eso y a quienes ir\u00e1n a alentarlos.<\/em><\/p>\n<p align=\"justify\"><em>Tambi\u00e9n vale sabotear otros lugares y vaya que son varios, para eso mencionaremos otras de mis preocupaciones cuando me inform\u00e9 antes de que vengan los 400 polic\u00edas a perturbar nuestra tranquilidad para imponernos la contaminaci\u00f3n en manos de la miner\u00eda su oro y su dinero.<\/em><\/p>\n<p align=\"justify\"><em>He visto que lima sus calles en las zonas de villa el salvador y villa maria estan llenas de basura por problemas burocr\u00e1ticos entre los municipios y las empresas.\u00a0<\/em><\/p>\n<p align=\"justify\"><em>He visto como han enrejado a los ambulantes en la avenida aviaci\u00f3n (ahora esa avenida est\u00e1 \u201climpia\u201d) por donde pasa un tren, lo han hecho para que \u201cno den mal aspecto\u201d o no se muestre la pobreza o la organizaci\u00f3n sin la necesidad del estado.<\/em><\/p>\n<p align=\"justify\"><em>He visto como reprimen con varios operativos a colectivos como si el transporte de ah\u00ed se diera abasto en realidad. Y que para su gran soluci\u00f3n del tr\u00e1fico infernal est\u00e1n haciendo un experimento de hacer circular en d\u00edas intercalados seg\u00fan la terminaci\u00f3n de la placa que tengan sus veh\u00edculos. Mientras que por otro lado incrementan el tr\u00e1fico con las v\u00edas exclusivas que han puesto para que circulen por ah\u00ed los medios de transporte exclusivos de los juegos panamericanos y parapanamericanos lima 2019. Entiendo que el problema es la gran cantidad de autos peque\u00f1os, entonces \u00bfpor qu\u00e9 no detienen la importaci\u00f3n de ese sector?. Recuerdo que grandes personajes mediaticos operan en el rubro de la importaci\u00f3n de autos, por eso no cierran esa actividad.<\/em><\/p>\n<p align=\"justify\"><em>He visto como reprimen a motociclistas mientras los due\u00f1os de los aplicativos siguen amasando fortunas, como generalizan diciendo que moto con 2 ocupantes son delincuentes debido a los casos que la prensa se ha encargado de esparcir con morbo y aj\u00ed, y que por eso les han prohibido andar de a 2. Entonces bajo esa l\u00f3gica entonces que se prohiban todas las armas, porque las armas matan generan robos y una larga lista negativa.<\/em><\/p>\n<p align=\"justify\"><em>Adem\u00e1s de los proyectos tia maria y la tapada en arequipa, los economistas y el sector minero quieren re-lanzar el proyecto conga en cajamarca aprovechando la disque necesidad de inversi\u00f3n para el pa\u00eds. Para que en realidad los funcionarios ganen m\u00e1s ya que sus sueldos no les alcanzan dicen, y que para que tengan m\u00e1s oportunidades de hacer coimas a cambio de la aprobaci\u00f3n de sus proyectos como lo hicieron por d\u00e9cadas con la empresa odebretch y sus empresas aliadas de ac\u00e1 y de otros pa\u00edses.<\/em><\/p>\n<p align=\"justify\"><em>Quieren seguir priorizando la econom\u00eda sobre la ecolog\u00eda.<\/em><\/p>\n<p align=\"justify\"><em>Quieren seguir normalizando la destrucci\u00f3n del planeta, la contaminaci\u00f3n del agua del aire de la tierra (hacerla est\u00e9ril para depender de sus alimentos transgenicos o sint\u00e9ticos como suplementos que han aumentado su n\u00famero en el mercado debido a la falta de nutrici\u00f3n de nuestros alimentos)<\/em><\/p>\n<p align=\"justify\"><em>Quieren seguir normalizando la represi\u00f3n a quienes nos oponemos al ecocidio (asesinato al planeta) y al omnicidio (asesinato al planeta y todos sus habitantes)<\/em><\/p>\n<p align=\"justify\"><em>He visto como prefieren talar \u00e1rboles en lugar de cuidarlos, para construir Malls y los Complejos deportivos como el de villa salvador en lima para el panamericano lima 2019.<\/em><\/p>\n<p align=\"justify\"><em>He visto como a aumentado el precio de los alimentos de la canasta b\u00e1sica, debido a que se ha direccionado el modelo agr\u00edcola hacia la exportaci\u00f3n abaratando los precios para afuera y encareciendolo para adentro, a la tecnificaci\u00f3n que hace m\u00e1s caro los insumos para el sembr\u00edo. Pero en nuestro caso estamos queriendo cambiar eso hacia una agricultura ecol\u00f3gica y local.<\/em><\/p>\n<p align=\"justify\"><em>Han incrementado los precios de los alquileres de terrenos, de viviendas, de departamentos, de cuartos, de tiendas. Y eso tienen un nombre: el boom inmobiliario.<\/em><\/p>\n<p align=\"justify\"><em>Me han mostrado leyes que vienen de a\u00f1os atr\u00e1s con la finalidad de endurecer la estad\u00eda de los inquilinos haciendoles asumir como si nada cada a\u00f1o o cada mes el alza una y otra vez de sus alquileres. Y si no acatan, son desalojados o enjuiciados. Y esas leyes est\u00e1n facilitando la l\u00f3gica del desalojo como ha sucedido en uno de los pa\u00edses m\u00e1s ricos y desarrollados del mundo: alemania. Sucede en jap\u00f3n, en estados unidos, en inglaterra y muchos p\u00e1ises m\u00e1s donde hay personas viviendo o sobreviviendo en las calles por el gran impacto del sector inmobiliario y su nuevo y m\u00e1s eficaz negocio: el de los alquileres y su alza normalizada.<\/em><\/p>\n<p align=\"justify\"><em>He visto como es que para unas megaempresas hacer carreteras y luego recuperar la inversi\u00f3n a trav\u00e9s de peajes, se ha hecho un negociaso. Y claro, esa recuperaci\u00f3n o ganancia es mucho m\u00e1s de lo que cualquiera pudiera ganar vendiendo o sembrando algo. El m\u00e1ximo de ganancia nuestro podr\u00eda ser un 100% y en los peores de los casos un 15%. Pero esas megaempresas ganan el 1000% y m\u00e1s. Encima el estado no invierte en nada, osea no le cuesta como era antes o dec\u00eda ser, todo lo termina pagando la poblaci\u00f3n con su consumo por una \u00fanica v\u00eda elegida por dicha megaempresa que la acapar\u00f3 para que no quede otra que pagar por pasar por ah\u00ed o de lo contrario ir por otro lado gastando m\u00e1s dinero y tiempo. Ese negociaso solo es posible a los inversionistas que se encargan de administrar los llamados Tribunales de Arbitrajes Privados, que es donde acuden las megaempresas cuando la poblaci\u00f3n se rebela y no quiere pagar por sus obras, haciendo estos Tribunales que la mayor\u00eda de veces de los juicios los gobiernos terminen indemnizandoles para disque recuperar su inversi\u00f3n. Entonces viene una duda que ya hab\u00eda despejado antyes \u00bfqu\u00e9 acaso los impuestos no eran lo que permit\u00eda crear y mantener hospitales &#8230; y carreteras? \u00bfentonces por qu\u00e9 la necesidad de que un privado construya dicha carretera o la remodele?.<\/em><\/p>\n<p align=\"justify\"><em>He visto como es que tambi\u00e9n es un negociaso sea publico o privado el tema de la salud, claro, luego de habernos envenenado y debilitado con su baja calidad de alimentos aumentada por la invasi\u00f3n de productos envasados que ahora ocultan su peligrosidad con los llamados \u201coct\u00f3gonos\u201d donde colocan \u201calto en azucar\u201d \u201calto en grasas\u201d etc cuando ya la gente est\u00e1 acostumbrada al sabor y otras cosas m\u00e1s y poco har\u00e1 que esos oct\u00f3gonos les hagan cambiar de idea. Ocultando medicinas que se supone son gratis y se supone hay abasto. Mientras los privados se aprovechan de la urgencia de los familiares para cobrarles hasta 20 veces m\u00e1s por la misma medicina que la pudieron conseguir afuera por 20 veces menos el precio que la cl\u00ednica les cobr\u00f3. Muchas veces les colocan esas medicinas en la madrugada o noche cuando los familiares no est\u00e1n, entonces no les queda otra que pagar al d\u00eda siguiente, sino corren el riesgo de que el tratamiento sea detenido y su paciente no pueda salir hasta que cancelen todo. Una muerte segura amparada por la ley y por la polic\u00eda que se negar\u00e1 a ayudarte pero que no dudar\u00e1 en golpearte o arrestarte si intentas sacar a tu familiar de esa cl\u00ednica por tal abuso.<\/em><\/p>\n<p align=\"justify\"><em>El caso de los migrantes, una pena. Me solidarizo con ellos porque encima que no les dejan pasar a otros pa\u00edses les encarcelan a ellos o sus hijos por atreverse a pasar dicha frontera. Tambi\u00e9n v\u00ed redadas en estados unidos donde buscaban a migrantes indocumentados para deportarlos, les han perseguido con mucho odio. Eso pasa no solo en estados unidos, o en venezuela o en nicaragua honduras &#8230; tambi\u00e9n pasa en el medio oriente y otros lugares m\u00e1s donde los migrantes son repudiados o por los gobiernos o por algu sector de la poblaci\u00f3n de tipo nacionalista.<\/em><\/p>\n<p align=\"justify\"><em>La represi\u00f3n en las c\u00e1rceles como en chile, donde los pocos beneficios que ten\u00edan les est\u00e1n siendo recortados bajo la modalidad que por ser reos no se merecen beneficios. Es el mismo sistema que crea esas condiciones, a la c\u00e1rcel pueda llegar a para cualquiera que no tenga dinero o poder para defenderse y al menos poder mostrar su llamada inocencia fuera de la c\u00e1rcel. La c\u00e1rcel es lo peor que le pueda suceder a alguien.<\/em><\/p>\n<p align=\"justify\"><em>Si se arma el sabotaje en los dem\u00e1s departamentos la polic\u00eda tendr\u00e1 que retroceder y volver a sus respectivos departamentos, por eso es necesario hacerlo. De lo contrario vendr\u00e1n m\u00e1s para ac\u00e1 y no habr\u00e1 nada que defender con la miner\u00eda funcionando que les recuerdo son 2 proyectos (t\u00eda maria y la tapada) y no solo uno (tia maria). El proyecto minero la tapada es inclusive mucho m\u00e1s destructivo porque su zona de extracci\u00f3n es mayor al proyecto tia maria.<\/em><\/p>\n<p align=\"justify\"><strong><em>Difundir urgente y actuar por favor en todas las ciudades y todas las regiones, seguiremos resistiendo.<\/em><\/strong><\/p>\n<p align=\"justify\"><em>*adjuntamos la foto de un poli que sinti\u00f3 el bello e implacable impacto de las piedras repotenciadas por nuestras huaracas *<\/em><\/p>\n","protected":false},"excerpt":{"rendered":"<p>Recibimos y compartimos este mensaje desde Per\u00fa, acerca de las luchas y protestas que se est\u00e1n desarrollando en la regi\u00f3n de Arequipa contra la megaminer\u00eda, con potentes enfrentamientos contra la polic\u00eda y ataques a la maquinaria. &#8212;&#8212;&#8212;&#8212;&#8212;&#8212;&#8212;&#8212;&#8212;&#8212;&#8212;&#8212;&#8212;&#8212;&#8212; El d\u00eda de &hellip; <a href=\"https:\/\/vozcomoarma.noblogs.org\/?p=22744\">Sigue leyendo <span class=\"meta-nav\">&rarr;<\/span><\/a><\/p>\n","protected":false},"author":7045,"featured_media":0,"comment_status":"closed","ping_status":"open","sticky":false,"template":"","format":"standard","meta":{"footnotes":""},"categories":[58,61,9],"tags":[47,39,40,16,26,42,273,24,19,10,11],"class_list":["post-22744","post","type-post","status-publish","format-standard","hentry","category-acciones","category-noticias","category-noticias-y-comunicados","tag-anti-desarrollismo","tag-anti-especismo","tag-especulacion","tag-guerra-social","tag-insurreccionalismo","tag-movimientos-sociales","tag-peru","tag-reflexion","tag-represion","tag-sabotaje","tag-solidaridad"],"_links":{"self":[{"href":"https:\/\/vozcomoarma.noblogs.org\/index.php?rest_route=\/wp\/v2\/posts\/22744","targetHints":{"allow":["GET"]}}],"collection":[{"href":"https:\/\/vozcomoarma.noblogs.org\/index.php?rest_route=\/wp\/v2\/posts"}],"about":[{"href":"https:\/\/vozcomoarma.noblogs.org\/index.php?rest_route=\/wp\/v2\/types\/post"}],"author":[{"embeddable":true,"href":"https:\/\/vozcomoarma.noblogs.org\/index.php?rest_route=\/wp\/v2\/users\/7045"}],"replies":[{"embeddable":true,"href":"https:\/\/vozcomoarma.noblogs.org\/index.php?rest_route=%2Fwp%2Fv2%2Fcomments&post=22744"}],"version-history":[{"count":3,"href":"https:\/\/vozcomoarma.noblogs.org\/index.php?rest_route=\/wp\/v2\/posts\/22744\/revisions"}],"predecessor-version":[{"id":23235,"href":"https:\/\/vozcomoarma.noblogs.org\/index.php?rest_route=\/wp\/v2\/posts\/22744\/revisions\/23235"}],"wp:attachment":[{"href":"https:\/\/vozcomoarma.noblogs.org\/index.php?rest_route=%2Fwp%2Fv2%2Fmedia&parent=22744"}],"wp:term":[{"taxonomy":"category","embeddable":true,"href":"https:\/\/vozcomoarma.noblogs.org\/index.php?rest_route=%2Fwp%2Fv2%2Fcategories&post=22744"},{"taxonomy":"post_tag","embeddable":true,"href":"https:\/\/vozcomoarma.noblogs.org\/index.php?rest_route=%2Fwp%2Fv2%2Ftags&post=22744"}],"curies":[{"name":"wp","href":"https:\/\/api.w.org\/{rel}","templated":true}]}}