{"id":22754,"date":"2019-08-02T19:32:26","date_gmt":"2019-08-02T17:32:26","guid":{"rendered":"https:\/\/vozcomoarma.noblogs.org\/?p=22754"},"modified":"2019-08-02T19:32:43","modified_gmt":"2019-08-02T17:32:43","slug":"texto-precariedad-laboral-y-violencia-patriarcal-la-parte-no-vista-del-espectaculo-detras-del-escenario","status":"publish","type":"post","link":"https:\/\/vozcomoarma.noblogs.org\/?p=22754","title":{"rendered":"[Texto] Precariedad Laboral y Violencia Patriarcal: La parte no vista del espect\u00e1culo (Detr\u00e1s del Escenario)"},"content":{"rendered":"<p align=\"justify\"><img loading=\"lazy\" decoding=\"async\" class=\"size-full wp-image-22756 alignright\" src=\"https:\/\/vozcomoarma.noblogs.org\/files\/2019\/08\/liberarmujer.jpg\" alt=\"\" width=\"300\" height=\"348\" srcset=\"https:\/\/vozcomoarma.noblogs.org\/files\/2019\/08\/liberarmujer.jpg 300w, https:\/\/vozcomoarma.noblogs.org\/files\/2019\/08\/liberarmujer-259x300.jpg 259w\" sizes=\"auto, (max-width: 300px) 100vw, 300px\" \/>A continuaci\u00f3n, compartimos esta reflexi\u00f3n de les compa\u00f1eres de <strong><a href=\"https:\/\/detrasdelescenario.home.blog\/\">Detr\u00e1s del Escenario<\/a><\/strong> sobre la precariedad laboral en el el montaje\/desmontaje de escenarios y su relaci\u00f3n con la violencia patriarcal y machista.<\/p>\n<p align=\"justify\">Gracias a <strong><a href=\"https:\/\/detrasdelescenario.home.blog\/\">Detr\u00e1s del Escenario<\/a> <\/strong>(cargas y descargas del montaje de escenarios en conflicto) por compartirla con nosotres envi\u00e1ndola al e-mail.<\/p>\n<p align=\"justify\">&#8212;&#8212;&#8212;&#8212;&#8212;&#8212;&#8212;&#8212;&#8212;&#8212;&#8212;&#8212;&#8212;&#8212;&#8212;&#8212;<\/p>\n<p align=\"justify\"><em><strong>PRECARIEDAD LABORAL Y VIOLENCIA PATRIARCAL:<br \/>\nla parte no vista del espect\u00e1culo.<\/strong><\/em><strong><em><br \/>\n<\/em><\/strong><\/p>\n<p align=\"justify\"><em>Como ya sabemos la autoridad se presenta de diversas formas en este sistema y, de las distintas redes dominaci\u00f3n, obtiene un beneficio que favorece la estructuraci\u00f3n del Estado y el capitalismo. Una de estas formas de dominaci\u00f3n es el patriarcado en el cu\u00e1l se establece una divisi\u00f3n de la poblaci\u00f3n en base a un g\u00e9nero impuesto y los roles y patrones de comportamiento asociados al mismo. De manera que as\u00ed se puede obtener tanto beneficios de mercado como una mayor subordinaci\u00f3n de la poblaci\u00f3n al poder y a su vez un favorecimiento de la divisi\u00f3n del trabajo asalariado (aun que la capacidad de absorci\u00f3n de luchas por parte del poder ha logrado generar la imagen contraria de manera sutil).<\/em><\/p>\n<p align=\"justify\"><em>El patriarcado permite la divisi\u00f3n del mundo en espacios masculinos y espacios femeninos, algo muy notorio en el \u00e1mbito laboral, por ejemplo, los puestos asociados a los cuidados, lo est\u00e9tico y organizativo se asocia al \u00e1mbito femenino mientras que los puestos que requieren de fuerza, ma\u00f1a o acci\u00f3n est\u00e1n asociados al \u00e1mbito masculino. Esta divisi\u00f3n viene predeterminada por los roles de g\u00e9nero impuestos de manera que aunque puedan haber hombres o mujeres mezclados en estos espacios siempre hay una predominancia de unos u otros en funci\u00f3n del espacio al que hagamos referencia.<\/em><\/p>\n<p align=\"justify\"><em>En el mundo de los escenarios se observa una predominancia masculina sobre todo en puestos como; auxiliar de carga y descarga, riggers, t\u00e9cnicos\u2026 lo que da lugar a que este tipo de trabajos que ya son hostiles pers\u00e9 se le sume toda la carga patriarcal de manera que las mujeres en este sector no solo somos ninguneadas por la patronal, si no que adem\u00e1s, somos ninguneadas por nuestros propios compa\u00f1eros.<\/em><\/p>\n<p align=\"justify\"><em>\u00bfC\u00f3mo se manifiesta la violencia patriarcal en nuestros puestos de trabajo?<\/em><\/p>\n<p align=\"justify\"><em>En primer lugar se tiende a considerar que las mujeres son menos aptas para el puesto de auxiliar de carga y descarga por lo que en diversas ocasiones los jefes en caso de necesitar cargas y descargas para otros puestos como son: camerinos, catering, limpieza\u2026 tienden a destinar a las mujeres de la plantilla. Muchas personas considerareis esto como una ventaja porque te libra de realizar uno de los trabajos que requiere m\u00e1s esfuerzo f\u00edsico, sin embargo, no se tiene en cuenta que a parte de estar minusvalorando nuestras capacidades por el hecho de ser mujeres influye negativamente a la hora de trabajar m\u00e1s a menudo pues implica que en \u201cestas listas opacas de llamadas para trabajar\u201d no seas una de las personas que suelan llamar de manera m\u00e1s constante.<\/em><\/p>\n<p align=\"justify\"><em>Como hemos mencionado anteriormente este ninguneo no solo viene dado por los jefes, si no que nuestros propios compa\u00f1eros, muchos de ellos de manera inconsciente, nos hacen de menos, por ejemplo, muchos de de ellos consideran que tener a una o varias mujeres en su cuadrilla implica que haya una descompensaci\u00f3n a la hora de llevar a cabo el trabajo; sin tener en cuenta la experiencia, fuerza o ma\u00f1a que pueda tener la propia compa\u00f1era. Tambi\u00e9n es muy com\u00fan que el paternalismo est\u00e9 presente durante la jornada de manera que en diversas ocasiones te encuentras con compa\u00f1eros que debe ser que les apetece trabajar el doble y te quitan el trabajo que est\u00e9s realizando para realizarlo ellos o inclusive gente que entra nueva en la plantilla pero que considera que por el hecho de ser hombre tiene m\u00e1s conocimiento y, por tanto, debe explicarte como realizar la tarea que a lo mejor llevas cinco a\u00f1os realizando.<\/em><\/p>\n<p align=\"justify\"><em>Tambi\u00e9n trabajadores que ocupan puestos superiores a los de auxiliar de carga y descarga, pero que no dejan de ser compa\u00f1eros, tienden a considerar que las mujeres desempe\u00f1an el trabajo de peor manera\u2026 podemos destacar una experiencia de 4 compa\u00f1eras de una cuadrilla que en el montaje de un festival recibieron por parte de los t\u00e9cnicos comentarios del tipo \u201cno se para que est\u00e1is aqu\u00ed\u201d y otro respondiendo \u201cbueno s\u00ed para alegrar las vistas\u201d. Todo ello sumado a la precariedad que lleva impl\u00edcita este tipo de empleos se le suma un mayor grado de hostilidad lo que genera, dicho por muchas de las compa\u00f1eras, que hagan un mayor sobreesfuerzo para demostrar que est\u00e1n al mismo nivel que los compa\u00f1eros restantes. Adem\u00e1s diversas compa\u00f1eras en ocasiones han vivido situaciones de acoso por parte de los empleados de seguridad. Y han recibido broncas por errores que han sido cometidos por toda la cuadrilla pero sus superiores aun mantienen esa mentalidad proveniente del patriarcado de que el grupo est\u00e1 descompensado.<\/em><\/p>\n<p align=\"justify\"><em>Como trabajadoras y muchas de nosotras anarquistas estamos hartas de que al ninguneo que se da por parte de la empresa y la patronal se le sume a su vez el ninguneo por el mero hecho de ser mujer. Estamos hartas de tener que considerar un golpe de suerte que nos toquen compa\u00f1eros que nos traten como iguales (cuando eso deber\u00eda ser lo normal) y por supuesto estamos hartas de vivir comentarios y situaciones de acoso por parte de compa\u00f1eros o superiores.<\/em><\/p>\n<p align=\"justify\"><em>Para poder luchar contra la precariedad y esclavitud del trabajo asalariado debemos tener en cuenta las situaciones que viven nuestros compas y bajo ning\u00fan concepto callarnos.<\/em><\/p>\n<p align=\"justify\"><em>Dej\u00e9moslo bien claro nuestra lucha es contra toda forma de poder y dominaci\u00f3n, nuestro objetivo no es que juntos seamos m\u00e1s eficientes en nuestros puestos de trabajo\u2026 pero consideramos una clara necesidad cuestionar la autoridad en todas su formas de manifestarse.<\/em><\/p>\n<p align=\"justify\"><em>CONTRA EL ESTADO , PATRIARCADO Y TODA AUTORIDAD<\/em><\/p>\n","protected":false},"excerpt":{"rendered":"<p>A continuaci\u00f3n, compartimos esta reflexi\u00f3n de les compa\u00f1eres de Detr\u00e1s del Escenario sobre la precariedad laboral en el el montaje\/desmontaje de escenarios y su relaci\u00f3n con la violencia patriarcal y machista. Gracias a Detr\u00e1s del Escenario (cargas y descargas del &hellip; <a href=\"https:\/\/vozcomoarma.noblogs.org\/?p=22754\">Sigue leyendo <span class=\"meta-nav\">&rarr;<\/span><\/a><\/p>\n","protected":false},"author":7045,"featured_media":0,"comment_status":"closed","ping_status":"open","sticky":false,"template":"","format":"standard","meta":{"footnotes":""},"categories":[20],"tags":[49,82,42,24],"class_list":["post-22754","post","type-post","status-publish","format-standard","hentry","category-textos","tag-anti-sexismo","tag-machirulismo-abusos-de-genero","tag-movimientos-sociales","tag-reflexion"],"_links":{"self":[{"href":"https:\/\/vozcomoarma.noblogs.org\/index.php?rest_route=\/wp\/v2\/posts\/22754","targetHints":{"allow":["GET"]}}],"collection":[{"href":"https:\/\/vozcomoarma.noblogs.org\/index.php?rest_route=\/wp\/v2\/posts"}],"about":[{"href":"https:\/\/vozcomoarma.noblogs.org\/index.php?rest_route=\/wp\/v2\/types\/post"}],"author":[{"embeddable":true,"href":"https:\/\/vozcomoarma.noblogs.org\/index.php?rest_route=\/wp\/v2\/users\/7045"}],"replies":[{"embeddable":true,"href":"https:\/\/vozcomoarma.noblogs.org\/index.php?rest_route=%2Fwp%2Fv2%2Fcomments&post=22754"}],"version-history":[{"count":4,"href":"https:\/\/vozcomoarma.noblogs.org\/index.php?rest_route=\/wp\/v2\/posts\/22754\/revisions"}],"predecessor-version":[{"id":22759,"href":"https:\/\/vozcomoarma.noblogs.org\/index.php?rest_route=\/wp\/v2\/posts\/22754\/revisions\/22759"}],"wp:attachment":[{"href":"https:\/\/vozcomoarma.noblogs.org\/index.php?rest_route=%2Fwp%2Fv2%2Fmedia&parent=22754"}],"wp:term":[{"taxonomy":"category","embeddable":true,"href":"https:\/\/vozcomoarma.noblogs.org\/index.php?rest_route=%2Fwp%2Fv2%2Fcategories&post=22754"},{"taxonomy":"post_tag","embeddable":true,"href":"https:\/\/vozcomoarma.noblogs.org\/index.php?rest_route=%2Fwp%2Fv2%2Ftags&post=22754"}],"curies":[{"name":"wp","href":"https:\/\/api.w.org\/{rel}","templated":true}]}}