{"id":22817,"date":"2019-08-11T16:21:46","date_gmt":"2019-08-11T14:21:46","guid":{"rendered":"https:\/\/vozcomoarma.noblogs.org\/?p=22817"},"modified":"2019-08-11T16:21:46","modified_gmt":"2019-08-11T14:21:46","slug":"francia-carta-de-embers-acusade-en-los-hechos-del-1-de-mayo-en-paris","status":"publish","type":"post","link":"https:\/\/vozcomoarma.noblogs.org\/?p=22817","title":{"rendered":"Francia &#8211; Carta de Embers, acusade en los hechos del 1 de mayo en Par\u00eds"},"content":{"rendered":"<p align=\"justify\">Recibimos en el correo electr\u00f3nico y difundimos esta carta de Embers, una de las personas acusadas por los disturbios del 1 de mayo en Par\u00eds, Francia.<\/p>\n<p align=\"justify\"><strong>Para escribir a Embers, contactad con: <em><a class=\"moz-txt-link-abbreviated\" href=\"mailto:campingetpaillettes@riseup.net\">campingetpaillettes@riseup.net<\/a><\/em><\/strong><\/p>\n<p align=\"justify\">&#8212;&#8212;&#8212;&#8212;&#8212;&#8212;&#8212;&#8212;&#8212;&#8212;&#8212;&#8212;&#8212;&#8212;&#8212;&#8212;&#8212;<\/p>\n<p align=\"justify\"><em><b>Tras sus muros, 6 de agosto de 2019<\/b><\/em><\/p>\n<p align=\"justify\"><em>Nunca fueron los martillos en el maletero del coche, tanto como el mundo nuevo en el coraz\u00f3n, lo que les asusta y por lo que hoy escribo desde una celda.<\/em><\/p>\n<p align=\"justify\"><em>Tras ser controladx en Par\u00eds la v\u00edspera del primero de mayo y tres meses en detenci\u00f3n orquestados por los maderos de caza, el fiscal que acusa, la jueza que cuestiona y la prensa que condena, la posibilidad de mi puesta en libertad se cancela por el fiscal que opina que hay riesgo de reincidencia y por mi empe\u00f1o en no claudicar. Esperan que diga que acepto que la violencia les pertenece, que condene ante su presi\u00f3n las acciones de compa\u00f1erxs, los disturbios, las revueltas. Me preguntan sobre lo que tengo en la cabeza, y si me niego a contestar es por lo que habita mi coraz\u00f3n.<\/em><\/p>\n<p align=\"justify\"><em>El fiscal explica que las garant\u00edas ofrecidas para mi puesta en \u00ablibertad\u00bb bajo control judicial no aseguran un ambiente que pudiera \u00abdesradicalizarme\u00bb y que por ello he de permanecer en prisi\u00f3n.<\/em><\/p>\n<p align=\"justify\"><em>Y yo me pregunto c\u00f3mo es que \u00e9ste siendo el sitio en el que manifiestan tan a las claras las masacres del Estado y sus siervos, del capitalismo y sus estragos, c\u00f3mo es que una de las caras visibles de sus violencias podr\u00eda hacer que deje de so\u00f1ar con su completa destrucci\u00f3n.<\/em><\/p>\n<p align=\"justify\"><em>Nos quieren asustadxs y por ello sigo aqu\u00ed. Crear castigos ejemplarizantes y correr la voz en la prensa mayoritaria dadas las tensiones sociales y conflictividad que vienen ocurriendo en territorio franc\u00e9s en los \u00faltimos meses es solo un movimiento mas en su juego, e incluso m\u00e1s conveniente cuando pueden inculpar a extranjerxs con lxs que soportar el discurso con el que pretenden responsabilizar de dichas tensiones a cualquiera fuera de sus fronteras, como demuestran sus art\u00edculos sobre los 1000000000&#8230; de alemanes en Par\u00eds para el primero de mayo y demas historias que se suceden en este y otros tantos estados como parte de su deslegitimaci\u00f3n de la revuelta, ademas de enviar un mensaje de advertencia a la disidencia internacional en v\u00edsperas del G7 que se celebrara en Biarritz.<\/em><\/p>\n<p align=\"justify\"><em>Nos quieren asustadxs pero no funcionar\u00e1. Podr\u00e1n tenerme a mi pero a las ideas no se las puede encerrar.<\/em><\/p>\n<p align=\"justify\"><em>Ni la escuela que domestica, ni lx ciudadanx que obedece, ni lx vecinx que vigila, la jefe que te roba, el madero que te golpea, lx psiquiatra que te medica, el trabajo que te atrapa, la prensa que te miente o la c\u00e1rcel que amedrenta pueden frenar las ansias de insurrecci\u00f3n.<\/em><\/p>\n<p align=\"justify\"><strong><em>Rendirse jam\u00e1s.<br \/>\n<\/em><em>Muerte a las c\u00e1rceles y a la sociedad que las necesita.<br \/>\n<\/em><em>Ni culpables, ni inocentes, enemigxs simplemente.<br \/>\n<\/em><em>Viva la Anarqu\u00eda.<\/em><\/strong><\/p>\n<p align=\"justify\"><img loading=\"lazy\" decoding=\"async\" class=\"size-full wp-image-22819 aligncenter\" src=\"https:\/\/vozcomoarma.noblogs.org\/files\/2019\/08\/liberta\u00e7\u00e3o-total-544x544.jpg\" alt=\"\" width=\"544\" height=\"544\" srcset=\"https:\/\/vozcomoarma.noblogs.org\/files\/2019\/08\/liberta\u00e7\u00e3o-total-544x544.jpg 544w, https:\/\/vozcomoarma.noblogs.org\/files\/2019\/08\/liberta\u00e7\u00e3o-total-544x544-300x300.jpg 300w\" sizes=\"auto, (max-width: 544px) 100vw, 544px\" \/><\/p>\n","protected":false},"excerpt":{"rendered":"<p>Recibimos en el correo electr\u00f3nico y difundimos esta carta de Embers, una de las personas acusadas por los disturbios del 1 de mayo en Par\u00eds, Francia. Para escribir a Embers, contactad con: campingetpaillettes@riseup.net &#8212;&#8212;&#8212;&#8212;&#8212;&#8212;&#8212;&#8212;&#8212;&#8212;&#8212;&#8212;&#8212;&#8212;&#8212;&#8212;&#8212; Tras sus muros, 6 de agosto &hellip; <a href=\"https:\/\/vozcomoarma.noblogs.org\/?p=22817\">Sigue leyendo <span class=\"meta-nav\">&rarr;<\/span><\/a><\/p>\n","protected":false},"author":7045,"featured_media":0,"comment_status":"closed","ping_status":"open","sticky":false,"template":"","format":"standard","meta":{"footnotes":""},"categories":[394,61,9,7],"tags":[21,54,16,26,42,24,19,11],"class_list":["post-22817","post","type-post","status-publish","format-standard","hentry","category-embers","category-noticias","category-noticias-y-comunicados","category-presxs","tag-disturbios","tag-francia","tag-guerra-social","tag-insurreccionalismo","tag-movimientos-sociales","tag-reflexion","tag-represion","tag-solidaridad"],"_links":{"self":[{"href":"https:\/\/vozcomoarma.noblogs.org\/index.php?rest_route=\/wp\/v2\/posts\/22817","targetHints":{"allow":["GET"]}}],"collection":[{"href":"https:\/\/vozcomoarma.noblogs.org\/index.php?rest_route=\/wp\/v2\/posts"}],"about":[{"href":"https:\/\/vozcomoarma.noblogs.org\/index.php?rest_route=\/wp\/v2\/types\/post"}],"author":[{"embeddable":true,"href":"https:\/\/vozcomoarma.noblogs.org\/index.php?rest_route=\/wp\/v2\/users\/7045"}],"replies":[{"embeddable":true,"href":"https:\/\/vozcomoarma.noblogs.org\/index.php?rest_route=%2Fwp%2Fv2%2Fcomments&post=22817"}],"version-history":[{"count":1,"href":"https:\/\/vozcomoarma.noblogs.org\/index.php?rest_route=\/wp\/v2\/posts\/22817\/revisions"}],"predecessor-version":[{"id":22820,"href":"https:\/\/vozcomoarma.noblogs.org\/index.php?rest_route=\/wp\/v2\/posts\/22817\/revisions\/22820"}],"wp:attachment":[{"href":"https:\/\/vozcomoarma.noblogs.org\/index.php?rest_route=%2Fwp%2Fv2%2Fmedia&parent=22817"}],"wp:term":[{"taxonomy":"category","embeddable":true,"href":"https:\/\/vozcomoarma.noblogs.org\/index.php?rest_route=%2Fwp%2Fv2%2Fcategories&post=22817"},{"taxonomy":"post_tag","embeddable":true,"href":"https:\/\/vozcomoarma.noblogs.org\/index.php?rest_route=%2Fwp%2Fv2%2Ftags&post=22817"}],"curies":[{"name":"wp","href":"https:\/\/api.w.org\/{rel}","templated":true}]}}