{"id":22895,"date":"2019-08-26T14:15:47","date_gmt":"2019-08-26T12:15:47","guid":{"rendered":"https:\/\/vozcomoarma.noblogs.org\/?p=22895"},"modified":"2019-08-26T14:15:44","modified_gmt":"2019-08-26T12:15:44","slug":"euskal-herria-francia-sobre-los-disturbios-en-el-campamento-contra-el-g7-en-urrugne-texto-de-chats-noirs-sobre-el-debate-en-torno-a-la-violencia-en-las-protestas","status":"publish","type":"post","link":"https:\/\/vozcomoarma.noblogs.org\/?p=22895","title":{"rendered":"Euskal Herria\/Francia &#8211; Sobre los disturbios en el campamento contra el G7 en Urrugne + Texto de Chats Noirs sobre el debate en torno a la violencia en las protestas"},"content":{"rendered":"<p align=\"justify\">A continuaci\u00f3n, sigue un comunicado que hemos recibido en el correo electr\u00f3nico y que adem\u00e1s de una peque\u00f1a cr\u00f3nica sobre los enfrentamientos vividos el pasado viernes 23 de agosto en los alrededores del campamento que la plataforma G7 Ez hab\u00eda organizado en Urrugne (Euskal Herria francesa) para las activistas que fueron a protestar contra la cumbre, tambi\u00e9n contiene un texto que fue encontrado en el campamento d\u00edas antes de los disturbios y traducido, sobre las discusiones y tensiones que se produjeron alrededor de la cuesti\u00f3n de la violencia.<\/p>\n<p align=\"justify\">&#8212;&#8212;&#8212;&#8212;&#8212;&#8212;&#8212;&#8212;&#8212;&#8212;&#8212;&#8212;&#8212;&#8212;&#8211;<\/p>\n<p align=\"justify\"><strong><i>Lo siguiente no es una reivindicaci\u00f3n, ni tampoco pretendemos expresar ning\u00fan sentimiento colectivo. Se trata simplemente de una reflexi\u00f3n de algunas anarquistas que viajamos para movilizarnos contra el G7 sobre los hechos del pasado viernes 23 de agosto. No pretendemos hablar por nadie que no seamos nosotras mismas, y sabemos que seguramente existir\u00e1n distintos an\u00e1lisis de lo ocurrido. Este es el nuestro.<\/i><\/strong><\/p>\n<p align=\"justify\"><i>El pasado viernes 23 de agosto, las inmediaciones del campamento organizado en Urrugne contra la cumbre del G7 celebrada en Biarritz fueron el escenario de enfrentamientos entre polic\u00eda antidisturbios y algunas manifestantes.<\/i><\/p>\n<p align=\"justify\"><i>Para contextualizar, es importante se\u00f1alar que anteriormente, la polic\u00eda hab\u00eda cargado contra las participantes de una manifestaci\u00f3n, en principio no-violenta, que pretend\u00eda bloquear de manera simb\u00f3lica varias rotondas de las carreteras, como una forma de rechazo a la cumbre y a la pol\u00edtica represiva desplegada para la ocasi\u00f3n, mientras que otro grupo intent\u00f3 cortar la autopista A63. Durante la manifestaci\u00f3n, se produjeron varias provocaciones policiales, que culminaron con cargas y lanzamiento de gases y balas de caucho \u201cflashball\u201d, causando varias heridas y la detenci\u00f3n de al menos 12 personas. Algunas de las que se replegaron decidieron luego contraatacar y respondieron a la violencia de los maderos con autodefensa cuando vieron que algunas patrullas hab\u00edan seguido a las manifestantes hasta la entrada al campamento, en una prolongaci\u00f3n de la bravuconada anterior, dando la bienvenida a la polic\u00eda en forma de pedradas.<\/i><\/p>\n<p align=\"justify\"><i>Se construyeron barricadas en las entradas y encapuchadas que se encontraban en el campamento porque hab\u00edan optado por acudir a otros talleres o actividades y no hab\u00edan estado en la manifestaci\u00f3n empezaron a agruparse para bloquear los accesos a los maderos y cuidar de aquellas que volvieron de las cargas con heridas o sufrimiento ps\u00edquico. Las vallas de alambre que delimitaban algunos caminos de entrada al campamento fueron arrancadas y usadas para reforzar las barricadas, y se volc\u00f3 un contenedor de vidrio, mientras se recog\u00edan y se romp\u00edan en pedazos m\u00e1s peque\u00f1os las piedras y adoquines, y se recog\u00edan palos y otros objetos que pudiesen emplearse para la defensa. La polic\u00eda trat\u00f3 de acceder pero fue repelida ya en el acceso principal por un gran n\u00famero de encapuchadas que con coraje y rabia, piedras, botellazos y pirotecnia, se enfrentaron a sus gases lacrim\u00f3genos, sus balas de caucho y sus granadas aturdidoras, mientras en la peque\u00f1a colina, otras permanec\u00edan atentas, produc\u00edan nuevos proyectiles y continuaban levantando barricadas en la carretera principal. Finalmente, una \u00faltima carga policial oblig\u00f3 a las incontroladas a retroceder y ocultarse o continuar con peque\u00f1as escaramuzas hasta ca\u00edda la noche. Los maderos, por su parte, no entraron en el campamento aunque sabemos que permanecieron un buen rato vigilando los accesos al mismo. Sus helic\u00f3pteros, por supuesto, no cesaron en ning\u00fan momento, ni en los d\u00edas anteriores o posteriores, de sobrevolar el campamento y la zona circundante. Finalmente, la cifra de compa\u00f1eras detenidas es 17 seg\u00fan la prensa y el equipo de apoyo legal.<\/i><\/p>\n<p align=\"justify\"><i>Aunque fuese durante apenas unas horas, los disturbios convirtieron en zona de combate un campamento que, hasta entonces, hab\u00eda pretendido mostrarse ante la opini\u00f3n p\u00fablica bajo un estandarte legalista que a nosotras simplemente nos daba asco, rechazando expresamente las acciones \u201cviolentas\u201d, condenando cualquier \u201cviolaci\u00f3n del consenso sobre las acciones\u201d (un \u201cconsenso\u201d en el cual la gran mayor\u00eda de asistentes a la contracumbre no hab\u00edamos sido invitadas a participar) y pretendiendo que todas las expresiones de descontento con el G7 que se produjesen durante estos d\u00edas se ajustasen a su agenda institucional y reformista. No vamos a entrar a valorar el hecho de que grandes ONG como Oxfam (<strong><a href=\"https:\/\/magnet.xataka.com\/en-diez-minutos\/el-escandalo-oxfam-orgias-prostitucion-y-explotacion-sexual-en-las-misiones-de-haiti-y-chad\">vinculada a esc\u00e1ndalos sexuales por entre otras cosas prostituir menores haitianas a cambio de su hip\u00f3crita \u201cayuda humanitaria\u201d<\/a><\/strong>) o partidos pol\u00edticos como Podemos figuren entre las principales organizaciones implicadas en la organizaci\u00f3n de la contracumbre, afirmando una intenci\u00f3n de construir \u201calternativas\u201d al mismo sistema capitalista, patriarcal, colonial, industrial, especista y criminal que representan y cuyas estructuras perpet\u00faan con su asistencialismo corporativo y su socialdemocracia de sal\u00f3n y urna. Sin embargo, s\u00ed nos parece interesante destacar que durante los primeros d\u00edas de acciones contra la cumbre se produjeron tensiones y disputas en el campamento sobre la violencia, su legitimidad y su validez como herramienta de autodefensa dentro de los ambientes pol\u00edticos radicales, anticapitalistas, etc. Tanto que el campamento amanec\u00eda cada noche con nuevas pintadas contra el appelisme, contra la polic\u00eda y contra el pacifismo y el di\u00e1logo con las autoridades.<\/i><\/p>\n<p align=\"justify\"><i>Sabemos que, como siempre, a algunos no les interesa que formas de lucha aut\u00f3nomas, coordinaci\u00f3n informal y acciones sin l\u00edderes pongan en peligro sus privilegios, y para evitarlo son capaces incluso de animarnos al chivateo y la delaci\u00f3n (\u00bfc\u00f3mo obviar al \u201csimp\u00e1tico\u201d sujeto que en medio de una asamblea del campamento intervino para animarnos a delatar a las personas que el d\u00eda anterior hab\u00edan golpeado a un fot\u00f3grafo amigo suyo por tomar im\u00e1genes de una manifestaci\u00f3n sin consentimiento y ponerse chulo una vez se le pidi\u00f3 que dejase de hacerlo?). Nosotras, sin embargo, no tenemos ni aceptamos ninguna jerarqu\u00eda. Actuamos por los impulsos que nos laten y nos remueven por dentro, organizadas en base a nuestras afinidades y buscando la coherencia entre esas sensaciones y nuestros actos, priorizando siempre la justicia para las oprimidas frente a los privilegios y seguridad del opresor. Por eso atacamos a la polic\u00eda en el campamento, para devolver los golpes, para no dejar impune la agresi\u00f3n, para exigir la liberaci\u00f3n de las detenidas y para recordarle a esos cabrones y a nosotras mismas que juntas somos mucho m\u00e1s fuertes que su terrorismo de Estado.<\/i><\/p>\n<p align=\"justify\"><i>Continuar debatiendo sobre la violencia a estas alturas simplemente nos parece una p\u00e9rdida de tiempo. Quien siga cuestionando las formas de acci\u00f3n antes de poner el foco en la brutal violencia bajo la que vivimos sometidas todos los d\u00edas o es un ignorante o es un desgraciado y no creemos que haya que darle m\u00e1s vueltas al asunto. Estamos un poco hartas de tener que justificar nuestra rabia y nuestro odio ante personas que luego no hacen el menor esfuerzo por replantearse, m\u00e1s all\u00e1 de su civismo moral, las posiciones y espacios que ocupan en las distintas escalas de opresi\u00f3n que nos rodean y atraviesan. Por eso, en vez de seguir dando la chapa preferimos dejaros con un texto que hemos traducido tras encontrarlo escrito en franc\u00e9s en el campamento, firmado como Chats Noirs (Gatos Negros) y que creemos que expone a la perfecci\u00f3n lo que pensamos.<\/i><\/p>\n<p align=\"justify\"><i>Para terminar, gracias a todas las personas voluntarias que han estado currando todos estos d\u00edas y las semanas anteriores en las tareas de cuidados necesarias para mantener el campamento y las acciones desarrolladas. A las que organizaron y llevaron a cabo los distintos talleres, a las que se curraron el equipo legal y el equipo m\u00e9dico, a las que tradujeron durante las asambleas para que todas pudi\u00e9semos entender, a las que cocinaron, a las que sirvieron la comida, lavaron los platos, recogieron las mesas, limpiaron y ordenaron las distintas instalaciones etc. Sin ellas probablemente nada de esto ser\u00eda posible y pensamos que no se valora lo suficiente.<\/i><\/p>\n<p align=\"justify\"><i><b>TOUT LE MONDE D\u00c9TESTE LA POLICE!<br \/>\n<\/b><\/i><i><b>LE PACIFISME COLLABORE ET TUE!<br \/>\n<\/b><\/i><i><b>\u00a1GUERRA AL G7 Y SU MUNDO!<\/b><\/i><\/p>\n<p align=\"justify\"><i>Algunas felinas incontroladas<\/i><\/p>\n<p align=\"justify\"><img loading=\"lazy\" decoding=\"async\" class=\"size-full wp-image-22902 aligncenter\" src=\"https:\/\/vozcomoarma.noblogs.org\/files\/2019\/08\/ECr7F6WXYAIsyK0.jpg\" alt=\"\" width=\"2048\" height=\"1536\" srcset=\"https:\/\/vozcomoarma.noblogs.org\/files\/2019\/08\/ECr7F6WXYAIsyK0.jpg 2048w, https:\/\/vozcomoarma.noblogs.org\/files\/2019\/08\/ECr7F6WXYAIsyK0-300x225.jpg 300w, https:\/\/vozcomoarma.noblogs.org\/files\/2019\/08\/ECr7F6WXYAIsyK0-768x576.jpg 768w, https:\/\/vozcomoarma.noblogs.org\/files\/2019\/08\/ECr7F6WXYAIsyK0-1024x768.jpg 1024w\" sizes=\"auto, (max-width: 2048px) 100vw, 2048px\" \/><\/p>\n<p align=\"justify\"><img loading=\"lazy\" decoding=\"async\" class=\"size-full wp-image-22896 aligncenter\" src=\"https:\/\/vozcomoarma.noblogs.org\/files\/2019\/08\/ECr7VfcXYAA0oUs.jpg\" alt=\"\" width=\"2000\" height=\"1333\" srcset=\"https:\/\/vozcomoarma.noblogs.org\/files\/2019\/08\/ECr7VfcXYAA0oUs.jpg 2000w, https:\/\/vozcomoarma.noblogs.org\/files\/2019\/08\/ECr7VfcXYAA0oUs-300x200.jpg 300w, https:\/\/vozcomoarma.noblogs.org\/files\/2019\/08\/ECr7VfcXYAA0oUs-768x512.jpg 768w, https:\/\/vozcomoarma.noblogs.org\/files\/2019\/08\/ECr7VfcXYAA0oUs-1024x682.jpg 1024w\" sizes=\"auto, (max-width: 2000px) 100vw, 2000px\" \/><\/p>\n<p align=\"justify\"><img loading=\"lazy\" decoding=\"async\" class=\"alignnone size-full wp-image-22920\" src=\"https:\/\/vozcomoarma.noblogs.org\/files\/2019\/08\/ECsnLEkXYAEEfFA-1.jpg\" alt=\"\" width=\"2048\" height=\"1366\" srcset=\"https:\/\/vozcomoarma.noblogs.org\/files\/2019\/08\/ECsnLEkXYAEEfFA-1.jpg 2048w, https:\/\/vozcomoarma.noblogs.org\/files\/2019\/08\/ECsnLEkXYAEEfFA-1-300x200.jpg 300w, https:\/\/vozcomoarma.noblogs.org\/files\/2019\/08\/ECsnLEkXYAEEfFA-1-768x512.jpg 768w, https:\/\/vozcomoarma.noblogs.org\/files\/2019\/08\/ECsnLEkXYAEEfFA-1-1024x683.jpg 1024w\" sizes=\"auto, (max-width: 2048px) 100vw, 2048px\" \/><\/p>\n<p align=\"justify\"><i>__<\/i><\/p>\n<p align=\"justify\"><strong><em>TEXTO DE CHATS NOIRS<\/em><\/strong><\/p>\n<p align=\"justify\"><i>A medida que el mundo entra en una extinci\u00f3n en masa, el capitalismo est\u00e1 destruyendo cada vez m\u00e1s nuestros territorios, los Estados est\u00e1n endureciendo cada vez m\u00e1s el aparato policial, las desigualdades, el calentamiento global y otros problemas importantes que nos afectan. Todo esto nunca ser\u00e1 resuelto por el capitalismo o por los Estados, que solo protegen y aseguran su despliegue.<\/i><\/p>\n<p align=\"justify\"><i>La contracumbre es un lugar de convergencias, el momento para expresar el desaf\u00edo pol\u00edtico del capitalismo y las pr\u00e1cticas gubernamentales autoritarias, racistas, sexistas, ultraliberales y ecocidas.<\/i><\/p>\n<p align=\"justify\"><i>Si bien el imperialismo capitalista se impone a la tierra y al pueblo, es aqu\u00ed donde se alzan las voces y las pr\u00e1cticas para otro mundo, donde los pueblos que luchan por defender su tierra, su libertad, encontrarse y vincularse con otras personas que luchan por enfrentar la misma l\u00f3gica destructiva.<\/i><\/p>\n<p align=\"justify\"><i>Para el per\u00edodo del G7, en un contexto en el que los gobiernos est\u00e1n haciendo todo lo posible para garantizar que ninguna actividad cr\u00edtica llegue a interrumpir esta cumbre, todo se pone en orden para reprimir las manifestaciones populares vigentes. La ciudad est\u00e1 militarizada, el territorio est\u00e1 dividido en entidades m\u00faltiples y aisladas accesibles a trav\u00e9s de pasos limitados, el acceso por carretera y ferrocarril est\u00e1 bloqueado o controlado, el territorio est\u00e1 rodeado de armas militares y acribillado con c\u00e1maras de alta precisi\u00f3n, las comunicaciones est\u00e1n fuertemente enmarcadas\u2026<\/i><\/p>\n<p align=\"justify\"><i>Adem\u00e1s, esta cumbre se celebra en un territorio que lucha por su autonom\u00eda al ser severamente reprimido por los Estados espa\u00f1ol y franc\u00e9s, sin dudar en cometer asesinatos selectivos y dictar severas penas de prisi\u00f3n. La poblaci\u00f3n y el territorio bajo control sufren una ocupaci\u00f3n policial y militar impuesta por el Estado a fin de reducir a la nada cualquier acto de resistencia a la opresi\u00f3n.<\/i><\/p>\n<p align=\"justify\"><i><span lang=\"es-ES\">Tal despliegue de fuerza sugiere un gran <\/span><span lang=\"es-ES\">desborde <\/span><span lang=\"es-ES\">de las fuerzas de represi\u00f3n y la primera violencia ser\u00e1 la ejercida por el Estado con el pretexto de la seguridad en un contexto de lucha de clases. La ubicaci\u00f3n de <\/span><span lang=\"es-ES\">la contracumbre<\/span><span lang=\"es-ES\"> est\u00e1 completamente bloqueada en este dispositivo y una gran m\u00e1quina represora es efectiva.<\/span><\/i><\/p>\n<p align=\"justify\"><i><span lang=\"es-ES\">Al establecer un evento <\/span><span lang=\"es-ES\">citado y localizado<\/span><span lang=\"es-ES\">, insert<\/span><span lang=\"es-ES\">o<\/span><span lang=\"es-ES\"> en un programa aprobado por las autoridades municipales, departamentales y ministeriales, la Plataforma G7 Ez evita los par\u00e1metros de peligro del evento debido al despliegue extraordinario de las fuerzas represivas del Estado en <\/span><span lang=\"es-ES\">e<\/span><span lang=\"es-ES\">l territorio vasco. Elige jugar <\/span><span lang=\"es-ES\">a<\/span><span lang=\"es-ES\">l juego del Estado, que lo hace responsable de la seguridad y la marcha pac\u00edfica de las manifestaciones desde Bayona a Ir\u00fan durante el per\u00edodo de la cumbre y la ocupaci\u00f3n del territorio. Los l\u00edderes de la plataforma condenar\u00e1n r\u00e1pidamente cualquier acto considerado violento y ya han mostrado disociaciones preventivas, que juegan el juego del aparato represivo y ponen en peligro a tod<\/span><span lang=\"es-ES\">a<\/span><span lang=\"es-ES\">s l<\/span><span lang=\"es-ES\">a<\/span><span lang=\"es-ES\">s activistas.<\/span><\/i><\/p>\n<p align=\"justify\"><i><span lang=\"es-ES\">Acepta<\/span><span lang=\"es-ES\">r <\/span><span lang=\"es-ES\">las reglas del <\/span><span lang=\"es-ES\">E<\/span><span lang=\"es-ES\">stado, acomoda<\/span><span lang=\"es-ES\">r<\/span><span lang=\"es-ES\"> las condiciones y estrategias de ocupaci\u00f3n de las fuerzas de represi\u00f3n en el territorio vasco, pone en peligro la reuni\u00f3n de estos pueblos, estas luchas, estos territorios, y es un insulto a la libertad de <\/span><span lang=\"es-ES\">los<\/span><span lang=\"es-ES\"> pueblos <\/span><span lang=\"es-ES\">de decidir por s\u00ed mismos y a su<\/span><span lang=\"es-ES\"> autodeterminaci\u00f3n.<\/span><\/i><\/p>\n<p align=\"justify\"><i><span lang=\"es-ES\">La estrategia y el discurso adoptado otorgan legitimidad a las instituciones que nos oprimen a diario, someti\u00e9ndose a sus deseos, designando qui\u00e9nes son l<\/span><span lang=\"es-ES\">as manifestantes buenas o malas<\/span><span lang=\"es-ES\"> y jugando <\/span><span lang=\"es-ES\">a<\/span><span lang=\"es-ES\">l juego del discurso <\/span><span lang=\"es-ES\">securitario <\/span><span lang=\"es-ES\">de la clase opres<\/span><span lang=\"es-ES\">ora al<\/span><span lang=\"es-ES\"> ir contra las bases de la lucha de clases y la autonom\u00eda, olvidando <\/span><span lang=\"es-ES\">lo contrarias que son<\/span><span lang=\"es-ES\"> nuestras libertades <\/span><span lang=\"es-ES\">a sus intereses.<\/span><\/i><\/p>\n<p align=\"justify\"><em><span lang=\"es-ES\"><i>Para combatir l<\/i><\/span><\/em><em><span lang=\"es-ES\"><i>as fechor\u00edas <\/i><\/span><\/em><em><span lang=\"es-ES\"><i>de la expansi\u00f3n capitalista sobre la vida, los cuerpos, los idiomas y las culturas, se necesitan diferentes formas de lucha. Tod<\/i><\/span><\/em><em><span lang=\"es-ES\"><i>a<\/i><\/span><\/em><em><span lang=\"es-ES\"><i>s son esenciales para evitar la celebraci\u00f3n de esta cumbre, para oponerse a los arrestos y <\/i><\/span><\/em><em><span lang=\"es-ES\"><i>a<\/i><\/span><\/em><em><span lang=\"es-ES\"><i> mantener a la polic\u00eda en cumplimiento.<\/i><\/span><\/em><\/p>\n<p align=\"justify\"><i><span lang=\"es-ES\">Acudir <\/span><span lang=\"es-ES\">a esta contracumbre de manera ofensiva respetando la diversidad de t\u00e1cticas es dar fuerza al movimiento popular contra estas pol\u00edticas <\/span><span lang=\"es-ES\">mort\u00edferas<\/span><span lang=\"es-ES\">, fortalecer nuestros v\u00ednculos y crear nuevos, poner en marcha la respuesta definitiva al sistema actual de opresiones.<\/span><\/i><\/p>\n<p align=\"justify\"><i><span lang=\"es-ES\">Las redes de lucha existen y es importante que cada una sea libre de actuar como mejor le parezca, all\u00ed donde no lo esperamos.<\/span><\/i><\/p>\n<p align=\"justify\"><i><span lang=\"es-ES\">Ahora que la Plataforma G7 Ez acepta participar en este tipo de negociaci\u00f3n y compromiso con los funcionarios estatales, despoj\u00e1ndonos de nuestra rabia por dogmatismo o con fines pol\u00edticos, es necesario oponerse firmemente a cualquier intento de disociar a los actores de la revuelta popular, tanto en actos, comunicaciones p\u00fablicas, como en los tribunales.<\/span><\/i><\/p>\n<p align=\"justify\"><strong><em><i>Todas a negarse<\/i><\/em><em><i> a colaborar en el <\/i><\/em><em><i>simulacro de acuerdo con<\/i><\/em><em><i> el <\/i><\/em><em><i>E<\/i><\/em><em><i>stado, \u00a1es hora de movilizarse, numeros<\/i><\/em><em><i>a<\/i><\/em><em><i>s y decidid<\/i><\/em><em><i>a<\/i><\/em><em><i>s, y establecer una oposici\u00f3n y acciones firmes y decididas!<br \/>\n<\/i><\/em><em><i>\u00a1Por una contracumbre decidida, antisexista, antirracista, anticapitalista y libertaria!<br \/>\n<\/i><\/em><em><i>\u00a1No al G7, ni aqu\u00ed ni en ning\u00fan otro lado!<\/i><\/em><\/strong><\/p>\n<p align=\"justify\"><strong><em><i>Chats Noirs<\/i><\/em><\/strong><\/p>\n<p align=\"justify\"><img loading=\"lazy\" decoding=\"async\" class=\"size-full wp-image-22898 aligncenter\" src=\"https:\/\/vozcomoarma.noblogs.org\/files\/2019\/08\/ECr5R3mWsAEYS2s.jpg\" alt=\"\" width=\"1024\" height=\"768\" srcset=\"https:\/\/vozcomoarma.noblogs.org\/files\/2019\/08\/ECr5R3mWsAEYS2s.jpg 1024w, https:\/\/vozcomoarma.noblogs.org\/files\/2019\/08\/ECr5R3mWsAEYS2s-300x225.jpg 300w, https:\/\/vozcomoarma.noblogs.org\/files\/2019\/08\/ECr5R3mWsAEYS2s-768x576.jpg 768w\" sizes=\"auto, (max-width: 1024px) 100vw, 1024px\" \/><\/p>\n<p align=\"justify\"><img loading=\"lazy\" decoding=\"async\" class=\"alignnone size-full wp-image-22921\" src=\"https:\/\/vozcomoarma.noblogs.org\/files\/2019\/08\/EC0dQrYWkAExi3k.jpg\" alt=\"\" width=\"680\" height=\"442\" srcset=\"https:\/\/vozcomoarma.noblogs.org\/files\/2019\/08\/EC0dQrYWkAExi3k.jpg 680w, https:\/\/vozcomoarma.noblogs.org\/files\/2019\/08\/EC0dQrYWkAExi3k-300x195.jpg 300w\" sizes=\"auto, (max-width: 680px) 100vw, 680px\" \/><\/p>\n<p align=\"justify\"><img loading=\"lazy\" decoding=\"async\" class=\"alignnone size-full wp-image-22922\" src=\"https:\/\/vozcomoarma.noblogs.org\/files\/2019\/08\/EC0Gk0EW4AUtsqp.jpg\" alt=\"\" width=\"2048\" height=\"1536\" srcset=\"https:\/\/vozcomoarma.noblogs.org\/files\/2019\/08\/EC0Gk0EW4AUtsqp.jpg 2048w, https:\/\/vozcomoarma.noblogs.org\/files\/2019\/08\/EC0Gk0EW4AUtsqp-300x225.jpg 300w, https:\/\/vozcomoarma.noblogs.org\/files\/2019\/08\/EC0Gk0EW4AUtsqp-768x576.jpg 768w, https:\/\/vozcomoarma.noblogs.org\/files\/2019\/08\/EC0Gk0EW4AUtsqp-1024x768.jpg 1024w\" sizes=\"auto, (max-width: 2048px) 100vw, 2048px\" \/><\/p>\n","protected":false},"excerpt":{"rendered":"<p>A continuaci\u00f3n, sigue un comunicado que hemos recibido en el correo electr\u00f3nico y que adem\u00e1s de una peque\u00f1a cr\u00f3nica sobre los enfrentamientos vividos el pasado viernes 23 de agosto en los alrededores del campamento que la plataforma G7 Ez hab\u00eda &hellip; <a href=\"https:\/\/vozcomoarma.noblogs.org\/?p=22895\">Sigue leyendo <span class=\"meta-nav\">&rarr;<\/span><\/a><\/p>\n","protected":false},"author":7045,"featured_media":0,"comment_status":"closed","ping_status":"open","sticky":false,"template":"","format":"standard","meta":{"footnotes":""},"categories":[58,61,9],"tags":[21,54,16,26,42,24,19,11],"class_list":["post-22895","post","type-post","status-publish","format-standard","hentry","category-acciones","category-noticias","category-noticias-y-comunicados","tag-disturbios","tag-francia","tag-guerra-social","tag-insurreccionalismo","tag-movimientos-sociales","tag-reflexion","tag-represion","tag-solidaridad"],"_links":{"self":[{"href":"https:\/\/vozcomoarma.noblogs.org\/index.php?rest_route=\/wp\/v2\/posts\/22895","targetHints":{"allow":["GET"]}}],"collection":[{"href":"https:\/\/vozcomoarma.noblogs.org\/index.php?rest_route=\/wp\/v2\/posts"}],"about":[{"href":"https:\/\/vozcomoarma.noblogs.org\/index.php?rest_route=\/wp\/v2\/types\/post"}],"author":[{"embeddable":true,"href":"https:\/\/vozcomoarma.noblogs.org\/index.php?rest_route=\/wp\/v2\/users\/7045"}],"replies":[{"embeddable":true,"href":"https:\/\/vozcomoarma.noblogs.org\/index.php?rest_route=%2Fwp%2Fv2%2Fcomments&post=22895"}],"version-history":[{"count":8,"href":"https:\/\/vozcomoarma.noblogs.org\/index.php?rest_route=\/wp\/v2\/posts\/22895\/revisions"}],"predecessor-version":[{"id":22923,"href":"https:\/\/vozcomoarma.noblogs.org\/index.php?rest_route=\/wp\/v2\/posts\/22895\/revisions\/22923"}],"wp:attachment":[{"href":"https:\/\/vozcomoarma.noblogs.org\/index.php?rest_route=%2Fwp%2Fv2%2Fmedia&parent=22895"}],"wp:term":[{"taxonomy":"category","embeddable":true,"href":"https:\/\/vozcomoarma.noblogs.org\/index.php?rest_route=%2Fwp%2Fv2%2Fcategories&post=22895"},{"taxonomy":"post_tag","embeddable":true,"href":"https:\/\/vozcomoarma.noblogs.org\/index.php?rest_route=%2Fwp%2Fv2%2Ftags&post=22895"}],"curies":[{"name":"wp","href":"https:\/\/api.w.org\/{rel}","templated":true}]}}