{"id":22961,"date":"2019-08-29T16:06:55","date_gmt":"2019-08-29T14:06:55","guid":{"rendered":"https:\/\/vozcomoarma.noblogs.org\/?p=22961"},"modified":"2019-08-29T16:06:55","modified_gmt":"2019-08-29T14:06:55","slug":"alemania-actualizacion-sobre-la-situacion-de-les-3-del-parkbank-7-8-2019","status":"publish","type":"post","link":"https:\/\/vozcomoarma.noblogs.org\/?p=22961","title":{"rendered":"Alemania &#8211; Actualizaci\u00f3n sobre la situaci\u00f3n de les 3 del Parkbank (7\/8\/2019)"},"content":{"rendered":"<p align=\"justify\">Sigue a continuaci\u00f3n un comunicado que hemos recogido en ingl\u00e9s y traducido de<strong><a href=\"https:\/\/actforfree.nostate.net\/?p=34622\"> Act For Freedom Now!<\/a><\/strong> (donde fue publicado ayer) y que actualiza la situaci\u00f3n de les 3 del Parkbank o 3 del banco del parque, que recordemos son <strong><a href=\"https:\/\/vozcomoarma.noblogs.org\/?p=22590\">3 anarquistas que fueron detenides en Hamburgo el mes pasado<\/a><\/strong>, acusades, en principio, de estar planeando un supuesto ataque incendiario contra una sucursal bancaria con el fin de conmemorar los 2 a\u00f1os desde las protestas contra la cumbre del G20 en Hamburgo, Alemania, en julio de 2017.<\/p>\n<p align=\"justify\">De les 3 compa\u00f1eres inicialmente detenides, 2 permanecen en prisi\u00f3n, mientras que la persona restante ha podido ser puesta en libertad con medidas restrictivas.<\/p>\n<p align=\"justify\">&#8212;&#8212;&#8212;&#8212;&#8212;&#8212;&#8212;&#8212;&#8212;&#8212;&#8212;&#8212;&#8212;&#8212;&#8212;&#8212;&#8211;<\/p>\n<p align=\"justify\"><strong><em>Trasfondo<\/em><\/strong><\/p>\n<p align=\"justify\"><em>Hace aproximadamentee un mes, 3 de nuestres compa\u00f1eres fueron arrestades en Hamburgo (en una parte de la ciudad llamada Eimsb\u00fcttel). 2 de elles siguen todav\u00eda bajo custodia pendientes de juicio. Aunque la nueva informaci\u00f3n sigue siendo escasa, este texto pretende difundir lo que sabemos hasta ahora, sobre la investigaci\u00f3n y sobre el desarrollo general de este golpe represivo que les 3 est\u00e1n afrontando.<\/em><\/p>\n<p align=\"justify\"><em>Aqu\u00ed est\u00e1 lo que pas\u00f3: la noche antes del 8 de julio, 3 de nuestres compa\u00f1eres estaban sentades en un banco del parque cuando se convirtieron en el sujeto de un control policial, tras el cual fueron arrestades. Poco despu\u00e9s, varios apartamentos en Hamburgo fueron registrados. La polic\u00eda destruy\u00f3 algunas puertas y muebles y confisc\u00f3 un mont\u00f3n de cosas. En algunos de los apartamentos, la gente presente durante el registro no recibi\u00f3 una lista de los bienes confiscados, como normalmente se requiere.<\/em><\/p>\n<p align=\"justify\"><em>Un d\u00eda despu\u00e9s, los maderos emitieron una declaraci\u00f3n que daba \u201csospechas de preparar un delito serio\u201d (\u201csupuesto incendio\u201d) como la raz\u00f3n para llevarse a les 3, que fueron llevades ante un magistrado en una audiencia en el tribunal un d\u00eda despu\u00e9s de su arresto. 2 de elles han permanecido bajo custodia desde entonces. La orden de arresto de la tercera persona ha sido suspendida, y la dejaron ir con la condici\u00f3n de firmar en comisar\u00eda regularmente. Esta persona tiene prohibido tambi\u00e9n salir del pa\u00eds. Sin embargo, la orden de arresto no ha sido levantada, sino solo suspendida. <span lang=\"es-ES\">La defensa hab\u00eda solicitado que se revisara la prisi\u00f3n preventiva, pero retir\u00f3 la solicitud por razones estrat\u00e9gicas. En una revisi\u00f3n de <\/span><span lang=\"es-ES\">la<\/span><span lang=\"es-ES\"> prisi\u00f3n preventiva, el tribunal decide si mantener o no a l<\/span><span lang=\"es-ES\">es<\/span><span lang=\"es-ES\"> prisioner<\/span><span lang=\"es-ES\">e<\/span><span lang=\"es-ES\">s bajo custodia hasta su juicio. Las audiencias de revisi\u00f3n no est\u00e1n abiertas al p\u00fablico.<\/span><\/em><\/p>\n<p align=\"justify\"><strong><em><span lang=\"es-ES\">Lo que sabemos sobre la investigaci\u00f3n hasta ahora<\/span><\/em><\/strong><\/p>\n<p align=\"justify\"><em><span lang=\"es-ES\">La autoridad investigadora es la Oficina Suprema del Fiscal, lo que significa: Generalmente, la Oficina Suprema del Fiscal va a por casos realmente grandes, como juicios contra miembros del PKK o del ISIS. Otros grandes casos, sin embargo, como el juicio Breite<\/span>-Stra\u00dfe, o los juicios que siguieron a la cumbre del G20 de 2017 en Hamburgo (Elbchaussee, Rondenbarg) no son investigados por esta oficina. \u00a1Involucrarles ahora muestra que est\u00e1n adoptando una postura amenazante, contra la cual tenemos que mostrar un frente unido!<\/em><\/p>\n<p align=\"justify\"><strong><em>Desde que la investigaci\u00f3n est\u00e1 en marcha, hay algunas cosas que deber\u00edais considerar ahora m\u00e1s que nunca:<\/em><\/strong><\/p>\n<ul>\n<li>\n<p align=\"justify\"><em>\u00a1No hag\u00e1is ninguna declaraci\u00f3n a los maderos o a cualquier otra autoridad represiva!<\/em><\/p>\n<\/li>\n<li>\n<p align=\"justify\"><em>No habl\u00e9is o especul\u00e9is sobre lo que est\u00e1 pasando cuando est\u00e9is en lugares p\u00fablicos (por ejemplo en el bar con vuestres amigues\u2026). Adem\u00e1s, no teng\u00e1is absolutamente ninguna discusi\u00f3n sobre el tema por v\u00eda telef\u00f3nica o por Internet.<\/em><\/p>\n<\/li>\n<li>\n<p align=\"justify\"><em>No habl\u00e9is con la prensa.<\/em><\/p>\n<\/li>\n<li>\n<p align=\"justify\"><em>Si quer\u00e9is publicar algo por vuestra cuenta, usad solo informaci\u00f3n que est\u00e9 disponible p\u00fablicamente.<\/em><\/p>\n<\/li>\n<\/ul>\n<p align=\"justify\"><em>Es muy probable que los maderos o las agencias de seguridad intenten hablar con vosotres para acceder a nueva informaci\u00f3n o simplemente \u201cobtener vuestra opini\u00f3n sobre los eventos\u201d. Si se te acercan de este modo, rechaza hablar con elles, con el fin de proteger a las personas inmediatamente afectadas por esta investigaci\u00f3n as\u00ed como tambi\u00e9n a ti misme y a les dem\u00e1s. En ese caso deber\u00e1s contactar con el Equipo Legal (Ermittlungsausschuss\/EA), Rote Hilfe y\/o Out-Of-Action (primeros auxilios emocionales para activistas). Por el bien de la seguridad de otras personas, el hecho de que alguien haya sido abordade por las autoridades necesita ser hecho p\u00fablico cuanto antes.<\/em><\/p>\n<p align=\"justify\"><strong><em>Solidaridad<\/em><\/strong><\/p>\n<p align=\"justify\"><strong><a href=\"https:\/\/vozcomoarma.noblogs.org\/?p=22854\"><em>Ha habido ya numerosas acciones mostrando solidaridad con les \u201c3 del banco del parque\u201d.<\/em><\/a><\/strong><\/p>\n<p align=\"justify\"><em>Esto es genial y resulta realmente empoderante, \u00a1as\u00ed que seguid as\u00ed!<\/em><\/p>\n<p align=\"justify\"><strong><em>\u00bfC\u00f3mo est\u00e1n dentro de les 2 preses?<\/em><\/strong><\/p>\n<p align=\"justify\"><em>Les encarcelades est\u00e1n afrontando condiciones duras en la prisi\u00f3n de Holstenglacis. Est\u00e1n encerrades a solas en sus celdas durante 23 horas al d\u00eda. Solo ven a otres preses durante una hora de ejercicio en el patio al d\u00eda, y durante las pocas horas en las que se les permite estar encerrades en la celda de otres prisioneres durante los fines de semana (durante cu\u00e1nto tiempo depende de la discreci\u00f3n y el humor del carcelero).<\/em><\/p>\n<p align=\"justify\"><em>Les 2 han tenido ya visitantes, los maderos siempre estaban en la habitaci\u00f3n con elles. Las horas de visita son muy limitadas aun as\u00ed: 2 veces al mes pueden visitar hasta 3 personas durante un m\u00e1ximo de 1 hora. Les 2 compa\u00f1eres dicen que mantienen sus cabezas altas. <span lang=\"es-ES\">La solidaridad que la gente ha mostrado frente a la prisi\u00f3n les lleg\u00f3 (manifestaci<\/span><span lang=\"es-ES\">ones<\/span><span lang=\"es-ES\"> solidaria<\/span><span lang=\"es-ES\">s<\/span><span lang=\"es-ES\">, personas dando discursos <\/span><span lang=\"es-ES\">y<\/span><span lang=\"es-ES\"> gritos, <\/span><span lang=\"es-ES\">pirotecnia<\/span><span lang=\"es-ES\">), y dijeron que les dio fuerza y <\/span><span lang=\"es-ES\">c<\/span><span lang=\"es-ES\">oraje. Ningun<\/span><span lang=\"es-ES\">e<\/span><span lang=\"es-ES\"> de l<\/span><span lang=\"es-ES\">e<\/span><span lang=\"es-ES\">s dos pudo hacer llamadas telef\u00f3nicas hasta el momento, simplemente porque la compa\u00f1\u00eda telef\u00f3nica responsable estaba de vacaciones (<\/span><span lang=\"es-ES\">\u00bfPero qu\u00e9 co\u00f1o<\/span><span lang=\"es-ES\">?). Amb<\/span><span lang=\"es-ES\">e<\/span><span lang=\"es-ES\">s ya han recibido libros. No <\/span><span lang=\"es-ES\">se puede<\/span><span lang=\"es-ES\"> enviar libros directamente a ell<\/span><span lang=\"es-ES\">e<\/span><span lang=\"es-ES\">s, porque cualquier libro que se supone que deb<\/span><span lang=\"es-ES\">a<\/span><span lang=\"es-ES\">n obtener debe ser aprobado antes. Solo entonces puede solicitar que se env\u00ede una copia original directamente a la prisi\u00f3n. Si tiene<\/span><span lang=\"es-ES\">s<\/span><span lang=\"es-ES\"> ideas sobre qu\u00e9 libros les pueden gustar, no dude<\/span><span lang=\"es-ES\">s<\/span><span lang=\"es-ES\"> en poner<\/span><span lang=\"es-ES\">t<\/span><span lang=\"es-ES\">e en contacto con el blog (ver m\u00e1s abajo) o <\/span><span lang=\"es-ES\">dec\u00edrselo a le<\/span><span lang=\"es-ES\">s prisioner<\/span><span lang=\"es-ES\">e<\/span><span lang=\"es-ES\">s cuando les env\u00ede<\/span><span lang=\"es-ES\">s<\/span><span lang=\"es-ES\"> una carta.<\/span><\/em><\/p>\n<p align=\"justify\"><em>Finalmente, les 2 pueden ya recibir cartas. Lleva bastante tiempo que las cartas les lleguen finalmente, porque antes las revisan 3 autoridades diferentes (la c\u00e1rcel, los maderos \u2013 Oficina Estatal de Investigaci\u00f3n Criminal \u2013 y la oficina del fiscal estatal). \u00a1Seguid envi\u00e1ndoles cartas para que tengan algo que leer! Pod\u00e9is leer sobre cosas a considerar cuando envi\u00e1is cartas a personas presas en el blog solidario: parkbanksolidarity.blackblogs.org <\/em><\/p>\n<p align=\"justify\"><em><strong>Recuerda:<\/strong> \u00a1Poned el n\u00famero de las p\u00e1ginas en tu carta e incluid una lista de lo que hab\u00eda en el sobre para que puedan asegurarse de que llega todo y no falta nada! No olvid\u00e9is incluir algunos sellos.<\/em><\/p>\n<p align=\"justify\"><em>Por favor, <strong>sed conscientes tambi\u00e9n de que les preses no quieren que sus nombres completos se conozcan p\u00fablicamente<\/strong>. Esto significa que tienes que ser creative cuando lances pirotecnia junto a la prisi\u00f3n o grites saludos solidarios a trav\u00e9s de los muros de la c\u00e1rcel (ambas cosas pueden hacerse mejor entre las 17 y las 21:30). \u00a1En lugar de esto, tambi\u00e9n puedes gritar a favor de todes les preses all\u00ed encarcelades! Si est\u00e1is pensando en organizar acciones como conciertos o manifestaciones junto a la prisi\u00f3n, por favor an\u00fancialo con antelaci\u00f3n (por ejemplo en un e-mail al blog). En los fines de semana, les prisioneres tienen permitido pasar algunas horas con otres preses y necesitan saber de antemano que algo pasar\u00e1 en el exterior, con el fin de planear de acuerdo a ello y as\u00ed ir a celdas desde donde sean capaces de ver u o\u00edr vuestra solidaridad tanto como sea posible.<\/em><\/p>\n<p align=\"justify\"><em><strong>\u00a1Continuad mostrando vuestra solidaridad!<\/strong> Haced acciones, organizad eventos solidarios (caf\u00e9s, noches de barras, comidas, conciertos, fiestas, eventos informativos, encuentros para escribir cartas, etc.). Cuidad unes de otres y mantened vuestros ojos y vuestras orejas abiertas.<\/em><\/p>\n<p align=\"justify\"><strong><em>\u00a1Cont\u00e1dselo a vuestres amigues!<br \/>\n\u00a1Superemos el silencio y la inseguridad juntes! \u00a1Estamos furioses!<\/em><\/strong><\/p>\n<p align=\"justify\"><strong><em>\u00a1Libertad para les \u201c3 del Parkbank\u201d!<br \/>\n<\/em><em>\u00a1Libertad a todes les prisioneres!<\/em><\/strong><\/p>\n<p align=\"justify\"><img loading=\"lazy\" decoding=\"async\" class=\"alignnone size-full wp-image-22962 aligncenter\" src=\"https:\/\/vozcomoarma.noblogs.org\/files\/2019\/08\/PB_Header-768x221.jpg\" alt=\"\" width=\"768\" height=\"221\" srcset=\"https:\/\/vozcomoarma.noblogs.org\/files\/2019\/08\/PB_Header-768x221.jpg 768w, https:\/\/vozcomoarma.noblogs.org\/files\/2019\/08\/PB_Header-768x221-300x86.jpg 300w\" sizes=\"auto, (max-width: 768px) 100vw, 768px\" \/><\/p>\n","protected":false},"excerpt":{"rendered":"<p>Sigue a continuaci\u00f3n un comunicado que hemos recogido en ingl\u00e9s y traducido de Act For Freedom Now! (donde fue publicado ayer) y que actualiza la situaci\u00f3n de les 3 del Parkbank o 3 del banco del parque, que recordemos son &hellip; <a href=\"https:\/\/vozcomoarma.noblogs.org\/?p=22961\">Sigue leyendo <span class=\"meta-nav\">&rarr;<\/span><\/a><\/p>\n","protected":false},"author":7045,"featured_media":0,"comment_status":"closed","ping_status":"open","sticky":false,"template":"","format":"standard","meta":{"footnotes":""},"categories":[58,392,61,9,7],"tags":[51,17,16,42,19,11],"class_list":["post-22961","post","type-post","status-publish","format-standard","hentry","category-acciones","category-detenides-hamburgo-julio-2019--3-del-parkbank","category-noticias","category-noticias-y-comunicados","category-presxs","tag-alemania","tag-carcel","tag-guerra-social","tag-movimientos-sociales","tag-represion","tag-solidaridad"],"_links":{"self":[{"href":"https:\/\/vozcomoarma.noblogs.org\/index.php?rest_route=\/wp\/v2\/posts\/22961","targetHints":{"allow":["GET"]}}],"collection":[{"href":"https:\/\/vozcomoarma.noblogs.org\/index.php?rest_route=\/wp\/v2\/posts"}],"about":[{"href":"https:\/\/vozcomoarma.noblogs.org\/index.php?rest_route=\/wp\/v2\/types\/post"}],"author":[{"embeddable":true,"href":"https:\/\/vozcomoarma.noblogs.org\/index.php?rest_route=\/wp\/v2\/users\/7045"}],"replies":[{"embeddable":true,"href":"https:\/\/vozcomoarma.noblogs.org\/index.php?rest_route=%2Fwp%2Fv2%2Fcomments&post=22961"}],"version-history":[{"count":1,"href":"https:\/\/vozcomoarma.noblogs.org\/index.php?rest_route=\/wp\/v2\/posts\/22961\/revisions"}],"predecessor-version":[{"id":22963,"href":"https:\/\/vozcomoarma.noblogs.org\/index.php?rest_route=\/wp\/v2\/posts\/22961\/revisions\/22963"}],"wp:attachment":[{"href":"https:\/\/vozcomoarma.noblogs.org\/index.php?rest_route=%2Fwp%2Fv2%2Fmedia&parent=22961"}],"wp:term":[{"taxonomy":"category","embeddable":true,"href":"https:\/\/vozcomoarma.noblogs.org\/index.php?rest_route=%2Fwp%2Fv2%2Fcategories&post=22961"},{"taxonomy":"post_tag","embeddable":true,"href":"https:\/\/vozcomoarma.noblogs.org\/index.php?rest_route=%2Fwp%2Fv2%2Ftags&post=22961"}],"curies":[{"name":"wp","href":"https:\/\/api.w.org\/{rel}","templated":true}]}}