{"id":23139,"date":"2019-09-19T16:57:13","date_gmt":"2019-09-19T14:57:13","guid":{"rendered":"https:\/\/vozcomoarma.noblogs.org\/?p=23139"},"modified":"2019-09-19T16:57:13","modified_gmt":"2019-09-19T14:57:13","slug":"chile-ataque-incendiario-contra-la-fiscalia-local-de-villa-alemana-por-un-nuevo-11-de-septiembre","status":"publish","type":"post","link":"https:\/\/vozcomoarma.noblogs.org\/?p=23139","title":{"rendered":"Chile &#8211; Ataque incendiario contra la Fiscal\u00eda Local de Villa Alemana por un nuevo 11 de septiembre"},"content":{"rendered":"<p align=\"justify\">Sigue una nota informativa enviada por les compas de <strong><a href=\"https:\/\/noticiasdelaguerrasocial.wordpress.com\/2019\/09\/16\/ataque-incendiario-contra-fiscalia-local-de-villa-alemana\/\">Noticias de la Guerra Social<\/a> <\/strong>sobre el ataque incendiario que tuvo lugar la noche del 11 de septiembre (fecha en la que en Chile se conmemora con acciones, ataques y revueltas cada aniversario del Golpe de Estado fascista de Pinochet) en la sede de la Fiscal\u00eda Local en Villa Alemana.<\/p>\n<p align=\"justify\">En el lugar no se habr\u00edan hallado materiales alusivos al ataque y hasta el momento, que sepamos, nadie lo ha reivindicado.<\/p>\n<p align=\"justify\">&#8212;&#8212;&#8212;&#8212;&#8212;&#8212;&#8212;&#8212;&#8212;&#8212;&#8212;&#8212;<\/p>\n<p align=\"justify\"><em>Durante la madrugada del 11 de septiembre del 2019, mientras distintos enfrentamientos se suced\u00edan en las poblaciones de Santiago en conmemoraci\u00f3n a un nuevo aniversario del Golpe de Estado, en la localidad de Villa Alemana se suced\u00eda un nuevo ataque incendiario.<\/em><\/p>\n<p align=\"justify\"><em>Entre las calles Santiago y Caupolican se encuentra ubicada la Fiscal\u00eda Local de Villa Alemana, recinto al cual acudieron dos personas encapuchadas consiguiendo prender por completo la puerta y parte de la fachada del inmueble destinado a perseguir y \u201chacer cumplir la ley\u201d.<\/em><\/p>\n<p align=\"justify\"><em>A los pocos minutos carabineros llegaron al local consiguiendo controlar el incendio, pero felizmente sin dar con los responsables del ataque.<\/em><\/p>\n<p align=\"justify\"><em>Seg\u00fan la propia Fiscal Regional de Valparaiso, Claudia Perivancich, quien investigar\u00e1 la causa: \u201cEstar\u00eda claro que se intent\u00f3 incendiar el edificio de la Fiscal\u00eda\u201d. Mientras al lugar acudi\u00f3 personal especializado de la polic\u00eda: Labocar, SIP, OS-9.<\/em><\/p>\n<p align=\"justify\"><em>Hasta el momento la acci\u00f3n no fue revindicada, ni han existido detenidos en torno a la acci\u00f3n, aun as\u00ed el poder se\u00f1al\u00f3 que aumentar\u00eda los guardias y medidas de seguridad en torno a este y otros edificios de instituciones del Estado.<\/em><\/p>\n<p align=\"justify\"><img loading=\"lazy\" decoding=\"async\" class=\"alignnone size-full wp-image-23140\" src=\"https:\/\/vozcomoarma.noblogs.org\/files\/2019\/09\/01fiscaliavillaalemana.jpg\" alt=\"\" width=\"710\" height=\"399\" srcset=\"https:\/\/vozcomoarma.noblogs.org\/files\/2019\/09\/01fiscaliavillaalemana.jpg 710w, https:\/\/vozcomoarma.noblogs.org\/files\/2019\/09\/01fiscaliavillaalemana-300x169.jpg 300w\" sizes=\"auto, (max-width: 710px) 100vw, 710px\" \/> <img loading=\"lazy\" decoding=\"async\" class=\"size-full wp-image-23141 aligncenter\" src=\"https:\/\/vozcomoarma.noblogs.org\/files\/2019\/09\/03fiscaliavillaalemana.jpeg\" alt=\"\" width=\"431\" height=\"768\" srcset=\"https:\/\/vozcomoarma.noblogs.org\/files\/2019\/09\/03fiscaliavillaalemana.jpeg 431w, https:\/\/vozcomoarma.noblogs.org\/files\/2019\/09\/03fiscaliavillaalemana-168x300.jpeg 168w\" sizes=\"auto, (max-width: 431px) 100vw, 431px\" \/><\/p>\n","protected":false},"excerpt":{"rendered":"<p>Sigue una nota informativa enviada por les compas de Noticias de la Guerra Social sobre el ataque incendiario que tuvo lugar la noche del 11 de septiembre (fecha en la que en Chile se conmemora con acciones, ataques y revueltas &hellip; <a href=\"https:\/\/vozcomoarma.noblogs.org\/?p=23139\">Sigue leyendo <span class=\"meta-nav\">&rarr;<\/span><\/a><\/p>\n","protected":false},"author":7045,"featured_media":0,"comment_status":"closed","ping_status":"open","sticky":false,"template":"","format":"standard","meta":{"footnotes":""},"categories":[58,61,9],"tags":[14,78,16,26,10],"class_list":["post-23139","post","type-post","status-publish","format-standard","hentry","category-acciones","category-noticias","category-noticias-y-comunicados","tag-anti-fascismo","tag-chile","tag-guerra-social","tag-insurreccionalismo","tag-sabotaje"],"_links":{"self":[{"href":"https:\/\/vozcomoarma.noblogs.org\/index.php?rest_route=\/wp\/v2\/posts\/23139","targetHints":{"allow":["GET"]}}],"collection":[{"href":"https:\/\/vozcomoarma.noblogs.org\/index.php?rest_route=\/wp\/v2\/posts"}],"about":[{"href":"https:\/\/vozcomoarma.noblogs.org\/index.php?rest_route=\/wp\/v2\/types\/post"}],"author":[{"embeddable":true,"href":"https:\/\/vozcomoarma.noblogs.org\/index.php?rest_route=\/wp\/v2\/users\/7045"}],"replies":[{"embeddable":true,"href":"https:\/\/vozcomoarma.noblogs.org\/index.php?rest_route=%2Fwp%2Fv2%2Fcomments&post=23139"}],"version-history":[{"count":1,"href":"https:\/\/vozcomoarma.noblogs.org\/index.php?rest_route=\/wp\/v2\/posts\/23139\/revisions"}],"predecessor-version":[{"id":23142,"href":"https:\/\/vozcomoarma.noblogs.org\/index.php?rest_route=\/wp\/v2\/posts\/23139\/revisions\/23142"}],"wp:attachment":[{"href":"https:\/\/vozcomoarma.noblogs.org\/index.php?rest_route=%2Fwp%2Fv2%2Fmedia&parent=23139"}],"wp:term":[{"taxonomy":"category","embeddable":true,"href":"https:\/\/vozcomoarma.noblogs.org\/index.php?rest_route=%2Fwp%2Fv2%2Fcategories&post=23139"},{"taxonomy":"post_tag","embeddable":true,"href":"https:\/\/vozcomoarma.noblogs.org\/index.php?rest_route=%2Fwp%2Fv2%2Ftags&post=23139"}],"curies":[{"name":"wp","href":"https:\/\/api.w.org\/{rel}","templated":true}]}}