{"id":23283,"date":"2019-09-29T17:02:44","date_gmt":"2019-09-29T15:02:44","guid":{"rendered":"https:\/\/vozcomoarma.noblogs.org\/?p=23283"},"modified":"2019-09-29T17:02:44","modified_gmt":"2019-09-29T15:02:44","slug":"italia-actualizacion-sobre-la-revision-de-la-custodia-preventiva-de-natascia-presa-anarquista-de-la-operacion-prometeo","status":"publish","type":"post","link":"https:\/\/vozcomoarma.noblogs.org\/?p=23283","title":{"rendered":"Italia &#8211; Actualizaci\u00f3n sobre la revisi\u00f3n de la custodia preventiva de Natascia, presa anarquista de la Operaci\u00f3n Prometeo"},"content":{"rendered":"<p align=\"justify\"><img loading=\"lazy\" decoding=\"async\" class=\"alignright wp-image-23284 size-medium\" src=\"https:\/\/vozcomoarma.noblogs.org\/files\/2019\/09\/i-a-italia-aggiornamenti-su-natascia-dal-carcere-d-1-200x300.jpg\" alt=\"\" width=\"200\" height=\"300\" srcset=\"https:\/\/vozcomoarma.noblogs.org\/files\/2019\/09\/i-a-italia-aggiornamenti-su-natascia-dal-carcere-d-1-200x300.jpg 200w, https:\/\/vozcomoarma.noblogs.org\/files\/2019\/09\/i-a-italia-aggiornamenti-su-natascia-dal-carcere-d-1-683x1024.jpg 683w, https:\/\/vozcomoarma.noblogs.org\/files\/2019\/09\/i-a-italia-aggiornamenti-su-natascia-dal-carcere-d-1.jpg 720w\" sizes=\"auto, (max-width: 200px) 100vw, 200px\" \/>Sigue una actualizaci\u00f3n (que nosotres recibimos en ingl\u00e9s, italiano y franc\u00e9s de la mano de <strong><a href=\"https:\/\/insuscettibilediravvedimento.noblogs.org\/post\/2019\/09\/29\/it-en-fr-italia-operazione-prometeo-aggiornamenti-su-natascia-e-due-parole-in-merito-alle-motivazioni-che-confermano-la-custodia-cautelare-in-carcere-settembre-2019\/\">Insuscettibile di Ravvedimento<\/a> <\/strong>y tradujimos a castellano) sobre la solicitud de libertad de Natascia Savio, confirm\u00e1ndose su custodia preventiva, por desgracia, al encontrarse presuntos \u00abindicios de culpabilidad\u00bb, que tras analizarlos un poco, como de costumbre, no resultan ser otra cosa que el hecho de que tanto Natascia como los otros acusados de la Operaci\u00f3n Prometeo, Robert Firozpoor y Giuseppe <em>\u00abBeppe\u00bb<\/em> Bruna, son anarquistas. Una vez m\u00e1s, lo que se persigue y juzga son posicionamientos, ideas, lazos de afecto y amistad, utilizando para ello conversaciones fuera de contexto e \u00abindicios\u00bb manipulados. Nada nuevo si partimos de la base de que, efectivamente, el Estado nos reconoce como sus adversarios y act\u00faa en consecuencia.<\/p>\n<p align=\"justify\">Recordemos que Natascia, Robert y <em>Beppe<\/em> est\u00e1n acusades de ser les presuntes autores del env\u00edo de 3 paquetes explosivos que en junio de 2017 se mandaron a los fiscales Sparagna y Rinaudo (ambos al cargo de varios procesos judiciales contra anarquistas en los \u00faltimos a\u00f1os, incluyendo la Operaci\u00f3n Scripta Manent) y contra el por entonces director del Departamento de Administraci\u00f3n Penitenciaria en Roma, el miserable Santi Consolo.<\/p>\n<p align=\"justify\">&#8212;&#8212;&#8212;&#8212;&#8212;&#8212;&#8212;&#8212;&#8212;&#8212;&#8212;&#8212;&#8212;&#8212;<\/p>\n<p align=\"justify\"><strong>\u201c<i>Los juicios se montan contra les anarquistas por lo que les anarquistas son, enemigos del Estado\u201d<\/i><\/strong><\/p>\n<p align=\"justify\"><i>Hace poco m\u00e1s de una semana, se emiti\u00f3 una ordenanza p\u00fablica del Tribunal de Milan, que perfilaba las razones dadas durante la revisi\u00f3n que confirm\u00f3 la custodia preventiva de Natascia Savio mientras espera juicio. Esto pas\u00f3 anteriormente con Roberto y Beppe, que tambi\u00e9n fueron arrestados el 21 de mayo como parte de la operaci\u00f3n represiva denominada \u201cPrometeo\u201d.<\/i><\/p>\n<p align=\"justify\"><i>Un mont\u00f3n de razones fueron subdivididas en muchos p\u00e1rrafos a los que pusieron t\u00edtulos como \u201cgrado de da\u00f1o de los paquetes rudimentarios enviadas\u201d, \u201cla necesidad de medidas cautelares\u201d, \u201cevidencia de serios indicios de culpabilidad\u201d y la \u201ccalificaci\u00f3n jur\u00eddica del delito en la perspectiva de algunos elementos constituyentes, incluidos bajo el perfil del elemento psicol\u00f3gico\u201d.<\/i><\/p>\n<p align=\"justify\"><i>Todas las indicaciones apuntan al hecho de que es lo que les acusades representan como individues, m\u00e1s que las pruebas, lo que es incontrovertible o incontestable. De hecho, el p\u00e1rrafo sobre el \u201cgrado de da\u00f1o de los paquetes rudimentarias enviadas\u201d concluye con \u201cdicho esto, incluso si quisi\u00e9semos creer que los paquetes no eran tales como para poner en peligro las vidas de los receptores [\u2026] el Colegio considera que el crimen y el potencial [\u2026] son desvelados en cualquier caso \u2013 por los m\u00e9todos de conducta, las personalidades de los acusados y el contexto en el cual estaban implicados \u2013 como <span lang=\"es-ES\">un peligro significativo para los autores materiales, con la consiguiente irrelevancia sustancial, en t\u00e9rminos de una evaluaci\u00f3n estrictamente precautoria, de la actitud efectiva de las ordenanzas para perturbar la vida de las personas \u00ab.<\/span><\/i><\/p>\n<p align=\"justify\"><i>En el p\u00e1rrafo que concierne a la \u201cevidencia de serios indicios de culpabilidad\u201d, el mismo Tribunal afirm\u00f3 que aunque \u201cciertamente es verdad, <span lang=\"es-ES\">seg\u00fan lo indicado por la defensa, que sobre la base de la emergencia actual no fue posible saber en t\u00e9rminos de certeza absoluta lo que los dos acusados hab\u00edan comprado, el hecho de que dos individuos anarquistas fuesen encontrados juntos en esa tienda y en ese per\u00edodo se consider\u00f3 un indicio de culpabilidad.\u201d<\/span><\/i><\/p>\n<p align=\"justify\"><i>Pasando a las escuchas telef\u00f3nicas, la misma ordenanza afirm\u00f3 \u201cen t\u00e9rminos generales, tanto la ordenanza <span lang=\"es-ES\">como la defensa se\u00f1alan que ninguna conversaci\u00f3n se refer\u00eda en t\u00e9rminos espec\u00edficos a los hechos incriminatorios, ni hay referencias suficientemente espec\u00edficas al temor de ser arrestado por el hechos incriminatorios. Sin embargo, por un lado, las conversaciones interceptadas no proporcionaron informaci\u00f3n favorable sobre el acusado, pero por otro lado, el contenido de algunas conversaciones, aunque a veces fragmentarias (marcadas por pasajes incomprensibles o dif\u00edciles de leer) proporcionan elementos claros del contexto, para apoyar el sistema fiscal \u00ab.<\/span><\/i><\/p>\n<p align=\"justify\"><i>Esto significa que ninguna de las conversaciones interceptadas prueba su culpabilidad, \u201cSIN EMBARGO\u201d, son anarquistas y por lo tanto enemigos del Estado. Y si sus conversaciones no demuestran su culpabilidad, tampoco demuestran su inocencia. De este modo, entre palabras abstra\u00eddas del resto de las frases y descontextualizadas del hilo de la discusi\u00f3n y de conversaciones personales que son usadas y consumidas por los tribunales, les anarquistas est\u00e1n siendo juzgades por lo que representan como \u201cserios indicios de culpabilidad\u201d.<\/i><\/p>\n<p align=\"justify\"><i>Siempre es con este modus operandi que la frase de un amigo y compa\u00f1ero que en el curso de una conversaci\u00f3n telef\u00f3nica, y en respuesta a un poco de charla por parte de Nat (de naturaleza pol\u00edtica), dijo \u00abtoda esta tensi\u00f3n social tarde o temprano va a explotar (convertirse en confrontaci\u00f3n)\u00bbse cort\u00f3 para convertirse simplemente en \u00abtarde o temprano explotar\u00e1\u00bb en los documentos del juicio y de hecho se cerr\u00f3 de golpe e inform\u00f3 junto con el resto de las intercepciones en los peri\u00f3dicos, con el nombre y apellido del amigo y compa\u00f1ero en cuesti\u00f3n.<\/i><\/p>\n<p align=\"justify\"><i>Del mismo modo, reportaron conversaciones en las cuales las opiniones personales y los posicionamientos pol\u00edticos eran todos transformados por los autores de la ordenanza en \u201calusiones\u201d que luego se convirtieron, en efecto, en \u201csignos de culpabilidad\u201d, exactamente igual que los carteles pegados en la pared en casa, la solidaridad y la correspondencia con compa\u00f1eres en prisi\u00f3n y la red de relaciones y amistad con otres anarquistas. Nada nuevo, de hecho.<\/i><\/p>\n<p align=\"justify\"><i>Se pueden encontrar actualizaciones previas sobre Natascia, Robert y Beppe en el siguiente enlace: <strong><a href=\"https:\/\/vozcomoarma.noblogs.org\/?cat=384\">aqu\u00ed<\/a><\/strong><\/i><\/p>\n<p align=\"justify\"><i>Ser\u00e1 un juicio muy costoso porque el equipo de defensa necesita colaborar con varios t\u00e9cnicos y expertos. Invitamos a individues de diferentes realidades, conectades y solidaries, a apoyar a Natascia, Robert y Beppe y a contribuir a sus gastos procesales utilizando las siguientes coordenadas:<\/i><\/p>\n<p align=\"justify\"><i><strong>Cuenta bancaria<\/strong><br \/>\nPropietaria de la cuenta: Vanessa Ferrara<br \/>\nIBAN: IT89W0894616401000024400978<\/i><\/p>\n<p align=\"justify\"><i><strong>Postepay Evolution<\/strong><br \/>\nPropietaria de la cuenta: Ilaria Benedetta Pasini<br \/>\nAccount number: 5333171089319699<br \/>\nIBAN: IT43K3608105138213368613377<\/i><\/p>\n<p align=\"justify\"><i><strong>\u00a1NO DEJEMOS DE ROMPER EL AISLAMIENTO DE NAT, ROBERT Y BEPPE!<\/strong> \u00a1Cartas, postales, libros y m\u00fasica son ox\u00edgeno cuando alguien est\u00e1 encerrade en una jaula! Nat nos hace saber que ella actualmente prefiere leer novelas gr\u00e1ficas y ficci\u00f3n. Es preferible usar un m\u00e9todo de env\u00edo que pueda ser rastreado para evitar que nuestro correo \u201cse pierda\u201d, como a menudo pasa con cartas enviadas con sellos ordinarios. Con POSTA 1 o una carta\/paquete certificados es dif\u00edcil que \u201clo pierdan\u201d ya que es rastreable y requiere una recepci\u00f3n. Queremos recordaros las direcciones para escribir a nuestres compa\u00f1eres:<\/i><\/p>\n<p align=\"justify\"><strong><em><i>Natascia Savio<\/i><\/em><\/strong><i><br \/>\nCasa Circondariale Le Novate \u2013 Sezione AS2 femminile<br \/>\nstrada\u00a0delle\u00a0Novate\u00a065<br \/>\n29122 Piacenza<br \/>\nItalia<\/i><\/p>\n<p align=\"justify\"><strong><em><i>Robert Firozpoor<\/i><\/em><\/strong><i><br \/>\nC.C.\u00a0di\u00a0Sassari\u2013Bancali<br \/>\nstrada\u00a0provinciale\u00a056,\u00a0n.4<br \/>\nLocalit\u00e0\u00a0Bancali<br \/>\n07100 Sassari (SS)<br \/>\nItalia<\/i><\/p>\n<p align=\"justify\"><strong><em><i>Giuseppe Bruna<\/i><\/em><\/strong><i><br \/>\nC.C.\u00a0di\u00a0Pavia<br \/>\nvia\u00a0Vigentina\u00a085<br \/>\n27100\u00a0Pavia<br \/>\nItalia<\/i><\/p>\n<p align=\"justify\"><strong><em><i>CONTRA TODA AUTORIDAD, CONTRA TODA JAULA<br \/>\n<\/i><\/em><em><i>LIBERTAD PARA NAT, ROBERT Y BEPPE<br \/>\nLIBERTAD PARA TODES<\/i><\/em><\/strong><\/p>\n","protected":false},"excerpt":{"rendered":"<p>Sigue una actualizaci\u00f3n (que nosotres recibimos en ingl\u00e9s, italiano y franc\u00e9s de la mano de Insuscettibile di Ravvedimento y tradujimos a castellano) sobre la solicitud de libertad de Natascia Savio, confirm\u00e1ndose su custodia preventiva, por desgracia, al encontrarse presuntos \u00abindicios &hellip; <a href=\"https:\/\/vozcomoarma.noblogs.org\/?p=23283\">Sigue leyendo <span class=\"meta-nav\">&rarr;<\/span><\/a><\/p>\n","protected":false},"author":7045,"featured_media":0,"comment_status":"closed","ping_status":"open","sticky":false,"template":"","format":"standard","meta":{"footnotes":""},"categories":[384,61,9,7],"tags":[38,24,19,11],"class_list":["post-23283","post","type-post","status-publish","format-standard","hentry","category-detenides-operacion-prometeo-italia","category-noticias","category-noticias-y-comunicados","category-presxs","tag-italia","tag-reflexion","tag-represion","tag-solidaridad"],"_links":{"self":[{"href":"https:\/\/vozcomoarma.noblogs.org\/index.php?rest_route=\/wp\/v2\/posts\/23283","targetHints":{"allow":["GET"]}}],"collection":[{"href":"https:\/\/vozcomoarma.noblogs.org\/index.php?rest_route=\/wp\/v2\/posts"}],"about":[{"href":"https:\/\/vozcomoarma.noblogs.org\/index.php?rest_route=\/wp\/v2\/types\/post"}],"author":[{"embeddable":true,"href":"https:\/\/vozcomoarma.noblogs.org\/index.php?rest_route=\/wp\/v2\/users\/7045"}],"replies":[{"embeddable":true,"href":"https:\/\/vozcomoarma.noblogs.org\/index.php?rest_route=%2Fwp%2Fv2%2Fcomments&post=23283"}],"version-history":[{"count":1,"href":"https:\/\/vozcomoarma.noblogs.org\/index.php?rest_route=\/wp\/v2\/posts\/23283\/revisions"}],"predecessor-version":[{"id":23285,"href":"https:\/\/vozcomoarma.noblogs.org\/index.php?rest_route=\/wp\/v2\/posts\/23283\/revisions\/23285"}],"wp:attachment":[{"href":"https:\/\/vozcomoarma.noblogs.org\/index.php?rest_route=%2Fwp%2Fv2%2Fmedia&parent=23283"}],"wp:term":[{"taxonomy":"category","embeddable":true,"href":"https:\/\/vozcomoarma.noblogs.org\/index.php?rest_route=%2Fwp%2Fv2%2Fcategories&post=23283"},{"taxonomy":"post_tag","embeddable":true,"href":"https:\/\/vozcomoarma.noblogs.org\/index.php?rest_route=%2Fwp%2Fv2%2Ftags&post=23283"}],"curies":[{"name":"wp","href":"https:\/\/api.w.org\/{rel}","templated":true}]}}