{"id":23342,"date":"2019-10-06T20:58:00","date_gmt":"2019-10-06T18:58:00","guid":{"rendered":"https:\/\/vozcomoarma.noblogs.org\/?p=23342"},"modified":"2019-10-06T21:18:13","modified_gmt":"2019-10-06T19:18:13","slug":"continuan-las-adhesiones-a-la-huelga-de-hambre-rotativa-en-las-prisiones","status":"publish","type":"post","link":"https:\/\/vozcomoarma.noblogs.org\/?p=23342","title":{"rendered":"Contin\u00faan las adhesiones a la huelga de hambre rotativa en las prisiones"},"content":{"rendered":"<p align=\"justify\">A continuaci\u00f3n sigue un <strong>art\u00edculo de Vicent Almela<\/strong> (publicado inicialmente en catal\u00e1n <strong><a href=\"https:\/\/directa.cat\/tag\/vaga-de-presos\/\">en el medio La Directa<\/a> <\/strong>el pasado 2 de octubre pero que nosotres recogemos en castellano de <strong><a href=\"http:\/\/tokata.info\/aumentan-las-adhesiones-a-la-huelga-de-hambre-rotativa-en-las-carceles\/\">les compa\u00f1eres del Tokata<\/a><\/strong>) sobre la situaci\u00f3n de la <strong><a href=\"https:\/\/vozcomoarma.noblogs.org\/?tag=huelga-de-hambre-rotativa-preses-2019\">huelga de hambre rotativa de preses en lucha<\/a> <\/strong>a poco m\u00e1s de un mes del comienzo de la movilizaci\u00f3n colectiva.<\/p>\n<p align=\"justify\">&#8212;&#8212;&#8212;&#8212;&#8212;&#8212;&#8212;&#8212;&#8212;&#8212;&#8212;&#8212;&#8212;&#8212;&#8212;-<\/p>\n<p align=\"justify\"><em>Hace ya un mes desde que Toni Chavero, privado de libertad en el m\u00f3dulo de aislamiento en el centro penitenciario de Estremera (Madrid VII), comenzaba la acci\u00f3n de huelga de hambre rotativa de diez d\u00edas para visibilizar las catorce reivindicaciones de la propuesta de lucha colectiva dentro de las c\u00e1rceles. Esta vez la propuesta pretende, especialmente, reclamar la excarcelaci\u00f3n de las personas presas con enfermedades cr\u00f3nicas e incurables, uno de los catorce puntos de la tabla reivindicativa.<\/em><\/p>\n<p align=\"justify\"><em>La \u00faltima persona que ha participado en la acci\u00f3n de protesta ha sido Francisco Aroca Lis\u00f3n (Alias \u200b\u200bPiyayo), desde el centro penitenciario granadino de Albolote. En una misiva escrita un d\u00eda antes de comenzar el ayuno, Aroca se dirig\u00eda a sus compa\u00f1eros de lucha y los grupos de apoyo de la calle: \u201chay inundarles los despachos de denuncias. Si en la calle est\u00e1n dejando morir a las personas dependientes con enfermedades graves \u2013porque no llegan las ayudas a las comunidades y 80 personas al d\u00eda mueren en el Estado espa\u00f1ol\u2013, ya se puede hacer una idea de c\u00f3mo ignoran lo que sucede en las c\u00e1rceles . Imag\u00ednese las atrocidades que se est\u00e1n produciendo cada d\u00eda aqu\u00ed dentro en el \u00e1mbito sanitario, y con las personas con enfermedades graves, sobre todo, es puro genocidio, con toda impunidad. Y todo, en definitiva, por motivos econ\u00f3micos \u201c. Ayer, martes 1 de octubre, comenz\u00f3 su turno de huelga Pedro Doblado Pozo, desde la prisi\u00f3n de Campos del R\u00edo (Murcia).<\/em><\/p>\n<p align=\"justify\"><em>Durante las \u00faltimas semanas, cinco presos han decidido sumarse a la propuesta, por el que ya son quince las personas adheridas a la huelga de hambre rotatoria que se extender\u00e1, de momento, hasta el mes de febrero de 2020. Dos de estos internos, Jaime Arias y Sebastian Qui\u00f1ones, se encuentran privados de libertad en el centro penitenciario de Lledoners. Qui\u00f1ones, compa\u00f1ero de Gina Katherine \u2013<strong><a href=\"https:\/\/directa.cat\/un-altra-mort-en-regim-daillament-a-brians-i\/\">que muri\u00f3 en la celda de aislamiento de Brians I por motivos a\u00fan desconocidos<\/a><\/strong>\u2013, afirma en su carta de adhesi\u00f3n a la propuesta que ese hecho cambi\u00f3 su vida: \u201cLe ponen miles de cadenas en mi vida, para m\u00ed esta noticia fue un disparo certero al coraz\u00f3n. Me qued\u00e9 impotente ante la situaci\u00f3n. Ahora sigo con la lucha, porque esto no le pueda pasar a otra persona interna en una prisi\u00f3n \u201c.<\/em><\/p>\n<p align=\"justify\"><em>En lo que va de a\u00f1o, ya son 121 las personas que han muerto en los centros penitenciarios de Espa\u00f1a \u2013a las que hay que sumar las cinco muertes en prisi\u00f3n de Zaballa y catorce m\u00e1s en las c\u00e1rceles catalanas\u2013, la mayor\u00eda de ellas por enfermedad terminal, suicidio y sobredosis.<\/em><\/p>\n<p align=\"justify\"><em><strong>La solidaridad se extiende a las calles<\/strong><\/em><\/p>\n<p align=\"justify\"><em>El pasado s\u00e1bado 21 de septiembre un grupo de unas cuarenta personas se acerc\u00f3 a la prisi\u00f3n de Alboc\u00e0sser (Castell\u00f3n II) para dar apoyo a las personas internas en este centro e informarles, desde fuera y con un meg\u00e1fono, sobre la propuesta de lucha activa que estaban llevando a cabo otras personas privadas de libertad. En este acto intervinieron familiares y personas que participan en grupos de apoyo a personas presas, que fueron identificadas por la Guardia Civil nada m\u00e1s bajar de sus veh\u00edculos.<\/em><\/p>\n<p align=\"justify\"><em>Aparte de la concentraci\u00f3n de Alboc\u00e0sser, tambi\u00e9n se est\u00e1n llevando a cabo diferentes actividades de solidaridad en diferentes ciudades del Estado para informar sobre la propuesta. Muestra de ello es que este s\u00e1bado se celebrar\u00e1n unas jornadas anticarceraries en la Biblioteca Anarquista Maria Rius de Lleida donde, entre otras actividades, se actualizar\u00e1 la situaci\u00f3n de las presas en huelga de hambre. Y el jueves 10 de octubre, en el taller de t\u00edteres Pepe Otal del barrio del Raval de Barcelona, \u200b\u200btendr\u00e1 lugar una \u201cVelada anticarceraria\u201d que incluir\u00e1 el espect\u00e1culo de t\u00edteres Ni Pio \u2013de la compa\u00f1\u00eda T\u00edteres desde Abajo\u2013, una sesi\u00f3n informativa sobre la huelga de hambre y un espacio de carteo a personas privadas de libertad.<\/em><\/p>\n<div id=\"attachment_23343\" style=\"width: 1450px\" class=\"wp-caption alignnone\"><img loading=\"lazy\" decoding=\"async\" aria-describedby=\"caption-attachment-23343\" class=\"size-full wp-image-23343\" src=\"https:\/\/vozcomoarma.noblogs.org\/files\/2019\/10\/MG_7444-1.jpg\" alt=\"\" width=\"1440\" height=\"960\" srcset=\"https:\/\/vozcomoarma.noblogs.org\/files\/2019\/10\/MG_7444-1.jpg 1440w, https:\/\/vozcomoarma.noblogs.org\/files\/2019\/10\/MG_7444-1-300x200.jpg 300w, https:\/\/vozcomoarma.noblogs.org\/files\/2019\/10\/MG_7444-1-768x512.jpg 768w, https:\/\/vozcomoarma.noblogs.org\/files\/2019\/10\/MG_7444-1-1024x683.jpg 1024w\" sizes=\"auto, (max-width: 1440px) 100vw, 1440px\" \/><p id=\"caption-attachment-23343\" class=\"wp-caption-text\">Fotograf\u00eda de una concentraci\u00f3n ante la prisi\u00f3n de Picassent en apoyo a les preses en lucha y a la huelga de hambre rotativa<\/p><\/div>\n","protected":false},"excerpt":{"rendered":"<p>A continuaci\u00f3n sigue un art\u00edculo de Vicent Almela (publicado inicialmente en catal\u00e1n en el medio La Directa el pasado 2 de octubre pero que nosotres recogemos en castellano de les compa\u00f1eres del Tokata) sobre la situaci\u00f3n de la huelga de &hellip; <a href=\"https:\/\/vozcomoarma.noblogs.org\/?p=23342\">Sigue leyendo <span class=\"meta-nav\">&rarr;<\/span><\/a><\/p>\n","protected":false},"author":7045,"featured_media":0,"comment_status":"closed","ping_status":"open","sticky":false,"template":"","format":"standard","meta":{"footnotes":""},"categories":[61,9,7],"tags":[17,16,397,42,19,11],"class_list":["post-23342","post","type-post","status-publish","format-standard","hentry","category-noticias","category-noticias-y-comunicados","category-presxs","tag-carcel","tag-guerra-social","tag-huelga-de-hambre-rotativa-preses-2019","tag-movimientos-sociales","tag-represion","tag-solidaridad"],"_links":{"self":[{"href":"https:\/\/vozcomoarma.noblogs.org\/index.php?rest_route=\/wp\/v2\/posts\/23342","targetHints":{"allow":["GET"]}}],"collection":[{"href":"https:\/\/vozcomoarma.noblogs.org\/index.php?rest_route=\/wp\/v2\/posts"}],"about":[{"href":"https:\/\/vozcomoarma.noblogs.org\/index.php?rest_route=\/wp\/v2\/types\/post"}],"author":[{"embeddable":true,"href":"https:\/\/vozcomoarma.noblogs.org\/index.php?rest_route=\/wp\/v2\/users\/7045"}],"replies":[{"embeddable":true,"href":"https:\/\/vozcomoarma.noblogs.org\/index.php?rest_route=%2Fwp%2Fv2%2Fcomments&post=23342"}],"version-history":[{"count":1,"href":"https:\/\/vozcomoarma.noblogs.org\/index.php?rest_route=\/wp\/v2\/posts\/23342\/revisions"}],"predecessor-version":[{"id":23344,"href":"https:\/\/vozcomoarma.noblogs.org\/index.php?rest_route=\/wp\/v2\/posts\/23342\/revisions\/23344"}],"wp:attachment":[{"href":"https:\/\/vozcomoarma.noblogs.org\/index.php?rest_route=%2Fwp%2Fv2%2Fmedia&parent=23342"}],"wp:term":[{"taxonomy":"category","embeddable":true,"href":"https:\/\/vozcomoarma.noblogs.org\/index.php?rest_route=%2Fwp%2Fv2%2Fcategories&post=23342"},{"taxonomy":"post_tag","embeddable":true,"href":"https:\/\/vozcomoarma.noblogs.org\/index.php?rest_route=%2Fwp%2Fv2%2Ftags&post=23342"}],"curies":[{"name":"wp","href":"https:\/\/api.w.org\/{rel}","templated":true}]}}