{"id":23418,"date":"2019-10-14T00:19:04","date_gmt":"2019-10-13T22:19:04","guid":{"rendered":"https:\/\/vozcomoarma.noblogs.org\/?p=23418"},"modified":"2019-10-14T00:20:49","modified_gmt":"2019-10-13T22:20:49","slug":"italia-una-nueva-operacion-policial-en-genova","status":"publish","type":"post","link":"https:\/\/vozcomoarma.noblogs.org\/?p=23418","title":{"rendered":"Italia &#8211; Una nueva operaci\u00f3n policial en G\u00e9nova"},"content":{"rendered":"<p align=\"justify\">Recogemos de <strong><a href=\"https:\/\/actforfree.nostate.net\/?p=35155\">Act For Freedom Now!<\/a><\/strong>, traducimos y compartimos a continuaci\u00f3n una noticia sobre tres allanamientos policiales que se produjeron en viviendas de compa\u00f1eres anarquistas (cuya identidad no ha trascendido por el momento) en la ciudad de G\u00e9nova. Dos de las viviendas fueron allanadas por el ROS (Operaciones Especiales de los Carabinieri) el 4 de octubre (y de estas dos, una volvi\u00f3 a ser registrada el 10 de octubre), y adem\u00e1s de ponerles todo patas arriba y llevarse todo lo que quisieron (material inform\u00e1tico, panfletos y otros materiales impresos con contenido pol\u00edtico, anotaciones personales&#8230;) los maderos informaron a sus habitantes de que son parte de una investigaci\u00f3n relacionada con un acto de sabotaje ocurrido en G\u00e9nova el 30 de julio (<strong><a href=\"https:\/\/vozcomoarma.noblogs.org\/?p=23419\">el incendio de un veh\u00edculo propiedad de la empresa ENI<\/a><\/strong>). En el caso de la vivienda restante, fue asaltada por la DIGOS (\u00abpolic\u00eda pol\u00edtica\u00bb italiana) el 7 de octubre, en busca de supuestas armas de fuego, municiones o materiales explosivos, pero no encontraron nada. La persona que vive en este \u00faltimo piso no se encontrar\u00eda investigada de momento.<\/p>\n<p align=\"justify\">&#8212;&#8212;&#8212;&#8212;&#8212;&#8212;&#8212;&#8212;&#8212;&#8212;&#8212;&#8212;&#8212;&#8212;<\/p>\n<p align=\"justify\"><em>El 4\/10\/19 al amanecer, el ROS (Grupo de Operaci\u00f3n Especiales de los Carabinieri) de G\u00e9nova apareci\u00f3 en las casas de dos compa\u00f1eres con \u00f3rdenes de registro [a una de las casas volvieron el 10\/10 para confiscar material inform\u00e1tico que hab\u00edan olvidado: un ordenador, dos m\u00f3dems, una memoria USB y un borrador en papel de este escrito].<\/em><\/p>\n<p align=\"justify\"><em>La orden dice: \u201cbajo investigaci\u00f3n por delitos que corresponden a los art\u00edculos 110, 423, 270bis, cometidos en G\u00e9nova el 30\/07\/19\u201d.<\/em><\/p>\n<p align=\"justify\"><em>A trav\u00e9s de webs de noticias locales supimos que somos acusades de prenderle fuego a un coche de ENI, una acci\u00f3n que fue seguida de <strong><a href=\"https:\/\/vozcomoarma.noblogs.org\/?p=23419\">una reivindicaci\u00f3n publicada en p\u00e1ginas web de contrainformaci\u00f3n<\/a><\/strong>.<\/em><\/p>\n<p align=\"justify\"><em>Lo que buscaban era (citamos textualmente de la orden): \u201c<span lang=\"es-ES\">&#8216;objetos y material relacionado con los delitos que siguen los procedimientos en curso con referencia particular a prendas de vestir utilizadas como disfraces durante la perpetraci\u00f3n de los delitos, as\u00ed como documentos y\/o material inform\u00e1tico relacionado con la reclamaci\u00f3n de la acci\u00f3n penal.\u201d<\/span><\/em><\/p>\n<p align=\"justify\"><em>Confiscaron un ordenador de una de las casas, de la otra varios papeles (cartas de prisioneres, anotaciones personales, panfletos, volantinas y un dossier b\u00e1sico sobre riesgos de incendios)\u2026 de estos solo un panfleto fue finalmente confiscado (\u201cTorturadores del mar y del desierto \u2013 Las pol\u00edticas del gobierno italiano en Libia\u201d).<\/em><\/p>\n<p align=\"justify\"><em>Adem\u00e1s de poner dos viviendas patas arriba, m\u00e1s de lo que ya estaban, todo esto nos hizo perder unas horas en el cuartel policial.<\/em><\/p>\n<p align=\"justify\"><em>Como suele pasar con las diversas operaciones represivas contra compa\u00f1eres, una vez m\u00e1s lo que se est\u00e1 llevando a juicio aqu\u00ed es que somos anarquistas, que frecuentamos ambientes antiautoritarios, el hecho de que expresemos solidaridad con nuestres compas y amigos golpeades por la represi\u00f3n.<\/em><\/p>\n<p align=\"justify\"><em>Su meta no es solo repartir a\u00f1os de prisi\u00f3n y medidas cautelares, sino tambi\u00e9n extender el miedo entre los enemigos jurados del Estado haci\u00e9ndoles sentirse m\u00e1s estrechamente vigilades y controlades con la esperanza de alcanzar su aniquilaci\u00f3n y retirada a una vida frustrante pero confortable, una vida que no sea una espina en su costado o en el de aquelles a quienes ellos defienden. A veces les da resultado, como la gente que se disocia o se distancia, lo que en realidad le hace el juego al poder, a menudo ocultando la cobard\u00eda tras las l\u00edneas pol\u00edticas.<\/em><\/p>\n<p align=\"justify\"><em><span lang=\"es-ES\">En lo que a nosotr<\/span><span lang=\"es-ES\">e<\/span><span lang=\"es-ES\">s respecta, seguiremos siendo lo que somos, fuertes en nuestras ideas y rodead<\/span><span lang=\"es-ES\">e<\/span><span lang=\"es-ES\">s de aquell<\/span><span lang=\"es-ES\">e<\/span><span lang=\"es-ES\">s que se solidaricen con nosotr<\/span><span lang=\"es-ES\">e<\/span><span lang=\"es-ES\">s y no est\u00e9n interesados en atribuir culpabilidad o inocencia por los hechos de los que se nos acusa.<\/span><\/em><\/p>\n<p align=\"justify\"><em><span lang=\"es-ES\">S<\/span><span lang=\"es-ES\">aber de las muchas acciones directas que son llevadas a cabo por todo el mundo y de los actos de revuelta que surgen contra lo que odiamos nos llen\u00f3 antes y nos sigue llenando hoy de alegr\u00eda.<\/span><\/em><\/p>\n<p align=\"justify\"><em><span lang=\"es-ES\">No estamos interesades en reconocer como interlocutores a fiscales p\u00fablicos, jueces, periodistas-sirvientes etc.<\/span><\/em><\/p>\n<p align=\"justify\"><em><span lang=\"es-ES\">Elegimos defendernos a trav\u00e9s de un abogado; as\u00ed que es su tarea demostrar la inconsistencia de las pruebas que dicen que tienen contra nosotres.<\/span><\/em><\/p>\n<p align=\"justify\"><em><span lang=\"es-ES\">No ser\u00e1<\/span><span lang=\"es-ES\">n<\/span><span lang=\"es-ES\"> un pu\u00f1ado de esp\u00edas buscando promoci\u00f3n ni la sentencia de un juez lo que <\/span><span lang=\"es-ES\">empa\u00f1e nuestra dignidad.<\/span><\/em><\/p>\n<p align=\"justify\"><em><span lang=\"es-ES\">En la ma\u00f1ana del 7\/10, otra vivienda de compas fue allanada.<\/span><\/em><\/p>\n<p align=\"justify\"><em><span lang=\"es-ES\">Con la vulgar ley 41 (un art\u00edculo que permite a cualquier madero entrar en tu casa sin una orden judicial), los agentes de la DIGOS entraron en el piso en busca de armas, munici\u00f3n y explosivos. El registro result\u00f3 ser negativo. Por el momento, este compa\u00f1ero no est\u00e1 bajo investigaci\u00f3n.<\/span><\/em><\/p>\n<div id=\"attachment_23423\" style=\"width: 610px\" class=\"wp-caption aligncenter\"><img loading=\"lazy\" decoding=\"async\" aria-describedby=\"caption-attachment-23423\" class=\"size-full wp-image-23423\" src=\"https:\/\/vozcomoarma.noblogs.org\/files\/2019\/10\/no_galere.jpg\" alt=\"\" width=\"600\" height=\"450\" srcset=\"https:\/\/vozcomoarma.noblogs.org\/files\/2019\/10\/no_galere.jpg 600w, https:\/\/vozcomoarma.noblogs.org\/files\/2019\/10\/no_galere-300x225.jpg 300w\" sizes=\"auto, (max-width: 600px) 100vw, 600px\" \/><p id=\"caption-attachment-23423\" class=\"wp-caption-text\">\u00ab\u00a1Ninguna jaula podr\u00e1 apagar nuestra necesidad de libertad!\u00bb<\/p><\/div>\n","protected":false},"excerpt":{"rendered":"<p>Recogemos de Act For Freedom Now!, traducimos y compartimos a continuaci\u00f3n una noticia sobre tres allanamientos policiales que se produjeron en viviendas de compa\u00f1eres anarquistas (cuya identidad no ha trascendido por el momento) en la ciudad de G\u00e9nova. Dos de &hellip; <a href=\"https:\/\/vozcomoarma.noblogs.org\/?p=23418\">Sigue leyendo <span class=\"meta-nav\">&rarr;<\/span><\/a><\/p>\n","protected":false},"author":7045,"featured_media":0,"comment_status":"closed","ping_status":"open","sticky":false,"template":"","format":"standard","meta":{"footnotes":""},"categories":[61,9],"tags":[16,38,24,19,10,11],"class_list":["post-23418","post","type-post","status-publish","format-standard","hentry","category-noticias","category-noticias-y-comunicados","tag-guerra-social","tag-italia","tag-reflexion","tag-represion","tag-sabotaje","tag-solidaridad"],"_links":{"self":[{"href":"https:\/\/vozcomoarma.noblogs.org\/index.php?rest_route=\/wp\/v2\/posts\/23418","targetHints":{"allow":["GET"]}}],"collection":[{"href":"https:\/\/vozcomoarma.noblogs.org\/index.php?rest_route=\/wp\/v2\/posts"}],"about":[{"href":"https:\/\/vozcomoarma.noblogs.org\/index.php?rest_route=\/wp\/v2\/types\/post"}],"author":[{"embeddable":true,"href":"https:\/\/vozcomoarma.noblogs.org\/index.php?rest_route=\/wp\/v2\/users\/7045"}],"replies":[{"embeddable":true,"href":"https:\/\/vozcomoarma.noblogs.org\/index.php?rest_route=%2Fwp%2Fv2%2Fcomments&post=23418"}],"version-history":[{"count":3,"href":"https:\/\/vozcomoarma.noblogs.org\/index.php?rest_route=\/wp\/v2\/posts\/23418\/revisions"}],"predecessor-version":[{"id":23425,"href":"https:\/\/vozcomoarma.noblogs.org\/index.php?rest_route=\/wp\/v2\/posts\/23418\/revisions\/23425"}],"wp:attachment":[{"href":"https:\/\/vozcomoarma.noblogs.org\/index.php?rest_route=%2Fwp%2Fv2%2Fmedia&parent=23418"}],"wp:term":[{"taxonomy":"category","embeddable":true,"href":"https:\/\/vozcomoarma.noblogs.org\/index.php?rest_route=%2Fwp%2Fv2%2Fcategories&post=23418"},{"taxonomy":"post_tag","embeddable":true,"href":"https:\/\/vozcomoarma.noblogs.org\/index.php?rest_route=%2Fwp%2Fv2%2Ftags&post=23418"}],"curies":[{"name":"wp","href":"https:\/\/api.w.org\/{rel}","templated":true}]}}