{"id":23430,"date":"2019-10-15T23:47:39","date_gmt":"2019-10-15T21:47:39","guid":{"rendered":"https:\/\/vozcomoarma.noblogs.org\/?p=23430"},"modified":"2019-10-15T23:47:52","modified_gmt":"2019-10-15T21:47:52","slug":"sale-el-no-7-del-boletin-aqui-y-ahora-madrid","status":"publish","type":"post","link":"https:\/\/vozcomoarma.noblogs.org\/?p=23430","title":{"rendered":"[Publicaci\u00f3n] Sale el n\u00ba 7 del bolet\u00edn Aqu\u00ed y Ahora (Madrid)"},"content":{"rendered":"<p align=\"justify\">Recibimos y compartimos esta s\u00e9ptima entrega del peri\u00f3dico o bolet\u00edn anarquista <strong><a href=\"https:\/\/vozcomoarma.noblogs.org\/?tag=aqui-y-ahora-revista\">Aqu\u00ed y Ahora<\/a><\/strong>, publicado en los distritos madrile\u00f1os de Carabanchel y Aluche.<\/p>\n<p align=\"justify\">Para leer online o descargar, click <strong><a href=\"https:\/\/vozcomoarma.noblogs.org\/files\/2019\/10\/aqui-y-ahora-n7.pdf\">aqu\u00ed<\/a><\/strong>.<\/p>\n<p align=\"justify\">&#8212;&#8212;&#8212;&#8212;&#8212;&#8212;&#8212;&#8212;&#8212;&#8212;&#8212;&#8212;&#8212;<\/p>\n<p align=\"justify\"><em>Volvemos a la carga despu\u00e9s del intenso y caluroso verano, como siempre, cada tres meses, con nuevos debates y noticias que difundir. A pesar de la generalizada sequ\u00eda que nos azota, los diluvios de noticias, debates, convocatorias y luchas hacen posible que el calentamiento global no llegue a nuestros cerebros y podamos seguir contando con publicaciones como esta. Quiz\u00e1 habiendo tomado algo de aliento durante estos meses, los conflictos se retomen con m\u00e1s intensidad. Quiz\u00e1 nunca se dejaron de tomar, pero, los ritmos a los que nos sometemos, nos hacen desconectar y olvidar que, a pesar del verano, la vida sigue.<\/em><\/p>\n<p align=\"justify\"><strong><em>Sumario:<\/em><\/strong><\/p>\n<p align=\"justify\"><em>1.- Turismo de masa o un concepto moderno de invasi\u00f3n<\/em><br \/>\n<em>2.- Smart city: urbanismo y control social<\/em><br \/>\n<em>3.- Carabanchel y la prisi\u00f3n que le rob\u00f3 el nombre<\/em><br \/>\n<em>4.- Tiendas 24\/7: trabajo y consumismo nonstop<\/em><br \/>\n<em>Anexo: 12 de octubre, \u00a1nada que celebrar!<\/em><br \/>\n<em>Noticias breves \/ Convocatorias \/ Recomendaciones \/ Proyectos de la zona<\/em><\/p>\n<p align=\"justify\"><strong><em>Puntos de distribuci\u00f3n fijos:<\/em><\/strong><\/p>\n<p align=\"justify\"><em>&#8211; Local Anarquista Mot\u00edn, C\/ Matilde Hern\u00e1ndez, 47<\/em><br \/>\n<em>&#8211; Casa Auto-gestionada del Barrio de Aluche, La CABA, C\/ Quero, 37<\/em><br \/>\n<em>&#8211; Ateneo Libertario de Carabanchel, 2\u00aa planta del Centro Social Okupado \u201c<span lang=\"es-ES\">EKO\u201d, C\/ \u00c1nade, 10<br \/>\n<\/span>&#8211; Espacio Social\u00a0 Liberado Autogestionado EKO. C\/ \u00c1nade s\/n<\/em><br \/>\n<em>&#8211; Bar R\u00edo, C\/ Halc\u00f3n, 6<\/em><\/p>\n<p align=\"justify\"><strong><em>Otros puntos de distribuci\u00f3n:<\/em><\/strong><\/p>\n<p align=\"justify\"><em>&#8211; En los metros de Aluche, Carabanchel, Carpetana, Oporto y VistaAlegre principalmente<\/em><br \/>\n<em>&#8211; En centros culturales, bibliotecas y dem\u00e1s espacios p\u00fablicos<\/em><br \/>\n<em>&#8211; En algunos bares y comercios del barrio<\/em><\/p>\n<p align=\"justify\"><em>Si quieres distribuir, sugerir, aportar o contactar: <strong>aqu\u00ed_y_ahora@riseup.net<\/strong><\/em><\/p>\n<p align=\"justify\"><em>Para descargar todos los n\u00fameros y consultar los art\u00edculos: <strong><a href=\"http:\/\/www.aquiyahora.noblogs.org\/\">aqu\u00ed<\/a><\/strong><\/em><\/p>\n<p align=\"justify\"><img loading=\"lazy\" decoding=\"async\" class=\"size-full wp-image-23433 aligncenter\" src=\"https:\/\/vozcomoarma.noblogs.org\/files\/2019\/10\/portada-n7.jpg\" alt=\"\" width=\"1802\" height=\"2528\" srcset=\"https:\/\/vozcomoarma.noblogs.org\/files\/2019\/10\/portada-n7.jpg 1802w, https:\/\/vozcomoarma.noblogs.org\/files\/2019\/10\/portada-n7-214x300.jpg 214w, https:\/\/vozcomoarma.noblogs.org\/files\/2019\/10\/portada-n7-768x1077.jpg 768w, https:\/\/vozcomoarma.noblogs.org\/files\/2019\/10\/portada-n7-730x1024.jpg 730w\" sizes=\"auto, (max-width: 1802px) 100vw, 1802px\" \/><\/p>\n<p align=\"justify\"><img loading=\"lazy\" decoding=\"async\" class=\"size-full wp-image-23432 aligncenter\" src=\"https:\/\/vozcomoarma.noblogs.org\/files\/2019\/10\/banner.jpg\" alt=\"\" width=\"12541\" height=\"5459\" srcset=\"https:\/\/vozcomoarma.noblogs.org\/files\/2019\/10\/banner.jpg 12541w, https:\/\/vozcomoarma.noblogs.org\/files\/2019\/10\/banner-300x131.jpg 300w, https:\/\/vozcomoarma.noblogs.org\/files\/2019\/10\/banner-768x334.jpg 768w, https:\/\/vozcomoarma.noblogs.org\/files\/2019\/10\/banner-1024x446.jpg 1024w\" sizes=\"auto, (max-width: 12541px) 100vw, 12541px\" \/><\/p>\n","protected":false},"excerpt":{"rendered":"<p>Recibimos y compartimos esta s\u00e9ptima entrega del peri\u00f3dico o bolet\u00edn anarquista Aqu\u00ed y Ahora, publicado en los distritos madrile\u00f1os de Carabanchel y Aluche. Para leer online o descargar, click aqu\u00ed. &#8212;&#8212;&#8212;&#8212;&#8212;&#8212;&#8212;&#8212;&#8212;&#8212;&#8212;&#8212;&#8212; Volvemos a la carga despu\u00e9s del intenso y caluroso &hellip; <a href=\"https:\/\/vozcomoarma.noblogs.org\/?p=23430\">Sigue leyendo <span class=\"meta-nav\">&rarr;<\/span><\/a><\/p>\n","protected":false},"author":7045,"featured_media":0,"comment_status":"closed","ping_status":"open","sticky":false,"template":"","format":"standard","meta":{"footnotes":""},"categories":[58,61,9],"tags":[354,67,42],"class_list":["post-23430","post","type-post","status-publish","format-standard","hentry","category-acciones","category-noticias","category-noticias-y-comunicados","tag-aqui-y-ahora-revista","tag-madrid","tag-movimientos-sociales"],"_links":{"self":[{"href":"https:\/\/vozcomoarma.noblogs.org\/index.php?rest_route=\/wp\/v2\/posts\/23430","targetHints":{"allow":["GET"]}}],"collection":[{"href":"https:\/\/vozcomoarma.noblogs.org\/index.php?rest_route=\/wp\/v2\/posts"}],"about":[{"href":"https:\/\/vozcomoarma.noblogs.org\/index.php?rest_route=\/wp\/v2\/types\/post"}],"author":[{"embeddable":true,"href":"https:\/\/vozcomoarma.noblogs.org\/index.php?rest_route=\/wp\/v2\/users\/7045"}],"replies":[{"embeddable":true,"href":"https:\/\/vozcomoarma.noblogs.org\/index.php?rest_route=%2Fwp%2Fv2%2Fcomments&post=23430"}],"version-history":[{"count":2,"href":"https:\/\/vozcomoarma.noblogs.org\/index.php?rest_route=\/wp\/v2\/posts\/23430\/revisions"}],"predecessor-version":[{"id":23435,"href":"https:\/\/vozcomoarma.noblogs.org\/index.php?rest_route=\/wp\/v2\/posts\/23430\/revisions\/23435"}],"wp:attachment":[{"href":"https:\/\/vozcomoarma.noblogs.org\/index.php?rest_route=%2Fwp%2Fv2%2Fmedia&parent=23430"}],"wp:term":[{"taxonomy":"category","embeddable":true,"href":"https:\/\/vozcomoarma.noblogs.org\/index.php?rest_route=%2Fwp%2Fv2%2Fcategories&post=23430"},{"taxonomy":"post_tag","embeddable":true,"href":"https:\/\/vozcomoarma.noblogs.org\/index.php?rest_route=%2Fwp%2Fv2%2Ftags&post=23430"}],"curies":[{"name":"wp","href":"https:\/\/api.w.org\/{rel}","templated":true}]}}