{"id":23467,"date":"2019-10-23T16:07:33","date_gmt":"2019-10-23T14:07:33","guid":{"rendered":"https:\/\/vozcomoarma.noblogs.org\/?p=23467"},"modified":"2019-10-23T16:08:42","modified_gmt":"2019-10-23T14:08:42","slug":"encuentro-de-experiencias-de-educacion-critica-en-los-barrios-26-de-octubre-madrid","status":"publish","type":"post","link":"https:\/\/vozcomoarma.noblogs.org\/?p=23467","title":{"rendered":"Encuentro de Experiencias de Educaci\u00f3n Cr\u00edtica en los Barrios (26 de octubre, Madrid)"},"content":{"rendered":"<p align=\"justify\">A continuaci\u00f3n, dejamos el cartel que hemos recibido con la convocatoria a un Encuentro de Experiencias de Educaci\u00f3n Cr\u00edtica en los Barrios, el cual tendr\u00e1 lugar en el centro social okupado Eko, calle \u00c1nade n\u00famero 10, en el barrio de Carabanchel (&lt;M&gt; Oporto) el pr\u00f3ximo 26 de octubre.<\/p>\n<p align=\"justify\">&#8212;&#8212;&#8212;&#8212;&#8212;&#8212;&#8212;&#8212;&#8212;&#8212;&#8212;&#8212;&#8212;&#8212;&#8212;&#8212;&#8212;&#8212;<\/p>\n<div class=\"entry-content clearfix\">\n<p align=\"justify\"><em>Vivimos un tiempo en el que la renovaci\u00f3n pedag\u00f3gica parece estar cada vez m\u00e1s en manos de gur\u00fas, fundaciones, bancos y empresas que quieren hacernos creer que la educaci\u00f3n es un asunto t\u00e9cnico y no pol\u00edtico. Buena parte del legado de las pedagog\u00edas cr\u00edticas est\u00e1 en juego y no podremos hacer frente a la innovaci\u00f3n neoliberal sin colectivo y sin recordar que la educaci\u00f3n, si no es cr\u00edtica y popular, no es transformadora.<\/em><\/p>\n<p align=\"justify\"><em>Con la intenci\u00f3n de tejer redes y de construir juntas desde abajo, hemos organizado esta Jornada de Experiencias de Educaci\u00f3n Cr\u00edtica en los Barrios, que tendr\u00e1 lugar el pr\u00f3ximo s\u00e1bado 26 de octubre en el EKO de Carabanchel. Durante la jornada habr\u00e1 talleres pr\u00e1cticos y debates en torno a las necesidades, potencialidades y dificultades que se encuentran quienes tratan de establecer v\u00ednculos entre los proyectos educativos y sus barrios. No faltar\u00e1 tampoco la m\u00fasica, la comida y un espacio de peques con materiales de juego.<\/em><\/p>\n<p align=\"justify\"><strong><em>Te esperamos, \u00a1ac\u00e9rcate y difunde!<\/em><\/strong><\/p>\n<p align=\"justify\"><strong><em>ATENEO LIBERTARIO DE CARABANCHEL LATINA<br \/>\n<\/em><em>26 de Octubre<br \/>\n<\/em><em>EKO de Carabanchel. C\/ \u00c1nade, 10<br \/>\nM<\/em><em>etro: Oporto<\/em><\/strong><em><br \/>\n<a href=\"http:\/\/ateneolibertariocarabanchellatina.wordpress.com\/\">http:\/\/ateneolibertariocarabanchellatina.wordpress.com<\/a><\/em><em>@AteneoLCL<\/em><em><br \/>\n<a href=\"https:\/\/www.facebook.com\/ateneolibertariocarabanchellatina\/\">https:\/\/www.facebook.com\/ateneolibertariocarabanchellatina\/<\/a><\/em><em><a href=\"https:\/\/federacionlibertariamadrid.home.blog\/\">https:\/\/federacionlibertariamadrid.home.blog\/<\/a><\/em><em><a href=\"https:\/\/ateneoslibertariosdeiberia.wordpress.com\/\">https:\/\/ateneoslibertariosdeiberia.wordpress.com\/<\/a><\/em><\/p>\n<p align=\"justify\"><strong><em>PARA Y POR LA ANARQU\u00cdA<\/em><\/strong><\/p>\n<\/div>\n<p><a href=\"https:\/\/vozcomoarma.noblogs.org\/files\/2019\/10\/image.php_.jpg\"><img loading=\"lazy\" decoding=\"async\" class=\"size-full wp-image-23469 aligncenter\" src=\"https:\/\/vozcomoarma.noblogs.org\/files\/2019\/10\/image.php_.jpg\" alt=\"\" width=\"776\" height=\"570\" srcset=\"https:\/\/vozcomoarma.noblogs.org\/files\/2019\/10\/image.php_.jpg 776w, https:\/\/vozcomoarma.noblogs.org\/files\/2019\/10\/image.php_-300x220.jpg 300w, https:\/\/vozcomoarma.noblogs.org\/files\/2019\/10\/image.php_-768x564.jpg 768w\" sizes=\"auto, (max-width: 776px) 100vw, 776px\" \/><\/a><\/p>\n","protected":false},"excerpt":{"rendered":"<p>A continuaci\u00f3n, dejamos el cartel que hemos recibido con la convocatoria a un Encuentro de Experiencias de Educaci\u00f3n Cr\u00edtica en los Barrios, el cual tendr\u00e1 lugar en el centro social okupado Eko, calle \u00c1nade n\u00famero 10, en el barrio de &hellip; <a href=\"https:\/\/vozcomoarma.noblogs.org\/?p=23467\">Sigue leyendo <span class=\"meta-nav\">&rarr;<\/span><\/a><\/p>\n","protected":false},"author":7045,"featured_media":0,"comment_status":"closed","ping_status":"open","sticky":false,"template":"","format":"standard","meta":{"footnotes":""},"categories":[59,61,9],"tags":[67,42,126],"class_list":["post-23467","post","type-post","status-publish","format-standard","hentry","category-convocatorias","category-noticias","category-noticias-y-comunicados","tag-madrid","tag-movimientos-sociales","tag-pedagogia-libertaria"],"_links":{"self":[{"href":"https:\/\/vozcomoarma.noblogs.org\/index.php?rest_route=\/wp\/v2\/posts\/23467","targetHints":{"allow":["GET"]}}],"collection":[{"href":"https:\/\/vozcomoarma.noblogs.org\/index.php?rest_route=\/wp\/v2\/posts"}],"about":[{"href":"https:\/\/vozcomoarma.noblogs.org\/index.php?rest_route=\/wp\/v2\/types\/post"}],"author":[{"embeddable":true,"href":"https:\/\/vozcomoarma.noblogs.org\/index.php?rest_route=\/wp\/v2\/users\/7045"}],"replies":[{"embeddable":true,"href":"https:\/\/vozcomoarma.noblogs.org\/index.php?rest_route=%2Fwp%2Fv2%2Fcomments&post=23467"}],"version-history":[{"count":3,"href":"https:\/\/vozcomoarma.noblogs.org\/index.php?rest_route=\/wp\/v2\/posts\/23467\/revisions"}],"predecessor-version":[{"id":23472,"href":"https:\/\/vozcomoarma.noblogs.org\/index.php?rest_route=\/wp\/v2\/posts\/23467\/revisions\/23472"}],"wp:attachment":[{"href":"https:\/\/vozcomoarma.noblogs.org\/index.php?rest_route=%2Fwp%2Fv2%2Fmedia&parent=23467"}],"wp:term":[{"taxonomy":"category","embeddable":true,"href":"https:\/\/vozcomoarma.noblogs.org\/index.php?rest_route=%2Fwp%2Fv2%2Fcategories&post=23467"},{"taxonomy":"post_tag","embeddable":true,"href":"https:\/\/vozcomoarma.noblogs.org\/index.php?rest_route=%2Fwp%2Fv2%2Ftags&post=23467"}],"curies":[{"name":"wp","href":"https:\/\/api.w.org\/{rel}","templated":true}]}}