{"id":23473,"date":"2019-10-23T16:16:59","date_gmt":"2019-10-23T14:16:59","guid":{"rendered":"https:\/\/vozcomoarma.noblogs.org\/?p=23473"},"modified":"2019-10-23T16:27:20","modified_gmt":"2019-10-23T14:27:20","slug":"ya-disponible-el-no-2-del-periodico-anarquista-acracia-madrid","status":"publish","type":"post","link":"https:\/\/vozcomoarma.noblogs.org\/?p=23473","title":{"rendered":"[Publicaci\u00f3n] Ya disponible el n\u00ba 2 del peri\u00f3dico anarquista Acracia (Madrid)"},"content":{"rendered":"<p align=\"justify\">Recibimos y compartimos el segundo n\u00famero de esta publicaci\u00f3n trimestral editada por la FLM (Federaci\u00f3n Libertaria de Madrid).<\/p>\n<p align=\"justify\">Para leer online\/descargar, click <strong><a href=\"https:\/\/vozcomoarma.noblogs.org\/files\/2019\/10\/Acracia-2.2019.10.pdf\">aqu\u00ed<\/a><\/strong>.<\/p>\n<p align=\"justify\"><a href=\"https:\/\/vozcomoarma.noblogs.org\/files\/2019\/10\/Acracia-Portada-.jpg\"><img loading=\"lazy\" decoding=\"async\" class=\"size-full wp-image-23476 aligncenter\" src=\"https:\/\/vozcomoarma.noblogs.org\/files\/2019\/10\/Acracia-Portada-.jpg\" alt=\"\" width=\"465\" height=\"643\" srcset=\"https:\/\/vozcomoarma.noblogs.org\/files\/2019\/10\/Acracia-Portada-.jpg 465w, https:\/\/vozcomoarma.noblogs.org\/files\/2019\/10\/Acracia-Portada--217x300.jpg 217w\" sizes=\"auto, (max-width: 465px) 100vw, 465px\" \/><\/a><\/p>\n","protected":false},"excerpt":{"rendered":"<p>Recibimos y compartimos el segundo n\u00famero de esta publicaci\u00f3n trimestral editada por la FLM (Federaci\u00f3n Libertaria de Madrid). Para leer online\/descargar, click aqu\u00ed.<\/p>\n","protected":false},"author":7045,"featured_media":0,"comment_status":"closed","ping_status":"open","sticky":false,"template":"","format":"standard","meta":{"footnotes":""},"categories":[60,4],"tags":[67,42],"class_list":["post-23473","post","type-post","status-publish","format-standard","hentry","category-fanzines-y-revistas","category-publicaciones","tag-madrid","tag-movimientos-sociales"],"_links":{"self":[{"href":"https:\/\/vozcomoarma.noblogs.org\/index.php?rest_route=\/wp\/v2\/posts\/23473","targetHints":{"allow":["GET"]}}],"collection":[{"href":"https:\/\/vozcomoarma.noblogs.org\/index.php?rest_route=\/wp\/v2\/posts"}],"about":[{"href":"https:\/\/vozcomoarma.noblogs.org\/index.php?rest_route=\/wp\/v2\/types\/post"}],"author":[{"embeddable":true,"href":"https:\/\/vozcomoarma.noblogs.org\/index.php?rest_route=\/wp\/v2\/users\/7045"}],"replies":[{"embeddable":true,"href":"https:\/\/vozcomoarma.noblogs.org\/index.php?rest_route=%2Fwp%2Fv2%2Fcomments&post=23473"}],"version-history":[{"count":2,"href":"https:\/\/vozcomoarma.noblogs.org\/index.php?rest_route=\/wp\/v2\/posts\/23473\/revisions"}],"predecessor-version":[{"id":23483,"href":"https:\/\/vozcomoarma.noblogs.org\/index.php?rest_route=\/wp\/v2\/posts\/23473\/revisions\/23483"}],"wp:attachment":[{"href":"https:\/\/vozcomoarma.noblogs.org\/index.php?rest_route=%2Fwp%2Fv2%2Fmedia&parent=23473"}],"wp:term":[{"taxonomy":"category","embeddable":true,"href":"https:\/\/vozcomoarma.noblogs.org\/index.php?rest_route=%2Fwp%2Fv2%2Fcategories&post=23473"},{"taxonomy":"post_tag","embeddable":true,"href":"https:\/\/vozcomoarma.noblogs.org\/index.php?rest_route=%2Fwp%2Fv2%2Ftags&post=23473"}],"curies":[{"name":"wp","href":"https:\/\/api.w.org\/{rel}","templated":true}]}}