{"id":23497,"date":"2019-10-23T18:04:43","date_gmt":"2019-10-23T16:04:43","guid":{"rendered":"https:\/\/vozcomoarma.noblogs.org\/?p=23497"},"modified":"2019-10-23T20:25:43","modified_gmt":"2019-10-23T18:25:43","slug":"nace-una-web-para-recopilar-todo-el-material-de-video-sobre-la-represion-en-cataluna-posicionamiento-ante-todo-lo-que-esta-pasando","status":"publish","type":"post","link":"https:\/\/vozcomoarma.noblogs.org\/?p=23497","title":{"rendered":"Nace una web para recopilar todo el material de v\u00eddeo sobre la represi\u00f3n en Catalu\u00f1a + Posicionamiento ante todo lo que est\u00e1 pasando"},"content":{"rendered":"<p align=\"justify\">Hace ya varios d\u00edas que Catalu\u00f1a <strong><a href=\"https:\/\/directa.cat\/la-reaccio-a-la-sentencia-de-l1-o-en-directe\/\">es el escenario de fuertes tensiones y movilizaciones<\/a> <\/strong>en lo que comenz\u00f3 como un movimiento de protesta contra las sentencias a los encausados por la tentativa de Refer\u00e9ndum del 1 de octubre del pasado a\u00f1o 2017 y, ante la brutal represi\u00f3n desencadenada por el Estado espa\u00f1ol y sus organismos auton\u00f3micos filiales en Catalu\u00f1a, se acab\u00f3 convirtiendo en un movimiento social amplio y que cuestiona muchas otras cuestiones, abordando de forma hol\u00edstica la represi\u00f3n de la democracia espa\u00f1ola, sus caracter\u00edsticas fascistas y sus abusos. Esto termin\u00f3 con una huelga general convocada para el pasado 18 de octubre, en la cual algunos piquetes no se limitaron a una cuesti\u00f3n de solidaridad con les independentistas encausades, sino que tambi\u00e9n frenaron desahucios y colaboraron en ataques contra el Estado espa\u00f1ol, su econom\u00eda y sus s\u00edmbolos.<\/p>\n<p align=\"justify\">Para recopilar los numerosos registros videogr\u00e1ficos de abusos y barbaridades cometidas por los maderos en el transcurso de estas manifestaciones (muchos de los cuales han sido borrados de sus fuentes originales en redes sociales en un intento rid\u00edculo por censurar lo que est\u00e1 pasando), se ha creado la web <strong><em>Catalan Repression<\/em><\/strong>, que pod\u00e9is visitar haciendo click <strong><a href=\"https:\/\/catalanrepression.github.io\/\">aqu\u00ed<\/a><\/strong>.<\/p>\n<p align=\"justify\">Antes de que a alguien se le ocurra volver a acusarnos de \u00abchovinistas\u00bb, de \u00abnacionalistas\u00bb o de \u00abapoyar el Proc\u00e9s\u00bb (como ya hicieron algunes \u00ablumbreras\u00bb cuando explicamos <strong><a href=\"https:\/\/vozcomoarma.noblogs.org\/?p=18153\">nuestro posicionamiento<\/a> <\/strong>ante lo ocurrido el 1 de octubre de 2017), aunque pueda resultar obvio, queremos aclarar que nosotres no somos independentistas, y no tenemos ning\u00fan inter\u00e9s en la creaci\u00f3n de nuevos Estados ni Rep\u00fablicas que nos gobiernen y nos dicten lo que tenemos que hacer castig\u00e1ndonos si no aceptamos la desigualdad y la violencia de sus jerarqu\u00edas. Tampoco nos preocupan varias de las personas condenadas por el \u00abProc\u00e9s\u00bb, algunas de los cuales eran hasta no hace tanto c\u00f3mplices de pol\u00edticas de miseria y de otros procesos represivos que ahora se victimizan y apelan a una solidaridad que creemos que ni merecen ni les incluye como clase social (aunque nos preocupa la ligereza y arbitrariedad con la que el Estado espa\u00f1ol aplica condenas de entre 9 y 13 a\u00f1os de talego en casos cuya \u00fanica motivaci\u00f3n es pura y esencialmente pol\u00edtica, y pensamos que esto no nos es en absoluto ajeno). En cambio, vemos en la represi\u00f3n al pueblo catal\u00e1n (un pueblo que fue y sigue siendo pisoteado y machacado por el simple hecho de proponer un mecanismo de decisi\u00f3n sobre la independencia de su territorio, estemos m\u00e1s o menos de acuerdo con dichas reivindicaciones) una muestra m\u00e1s de tantas del verdadero rostro de su llamada democracia. En los cientos de personas detenidas (<strong><a href=\"https:\/\/directa.cat\/qui-son-les-28-persones-empresonades-durant-la-primera-setmana-de-protestes-contra-la-sentencia\/\">de las cuales m\u00e1s de una veintena han sido ya trasladadas a prisi\u00f3n preventiva sin juicio, 2 de ellas a un CIE arriesgando la expulsi\u00f3n por ser migrantes<\/a><\/strong>) y heridas (algunas de ellas hospitalizadas con un pron\u00f3stico grave) por golpes, pelotazos y atropellos de los maderos, en todas las personas que han sufrido amputaciones (varias personas han perdido un ojo debido al impacto de pelotas de goma y\/o balas de Foam, y un hombre ha perdido un test\u00edculo), en las mentiras descaradas de los medios de comunicaci\u00f3n, en todas las personas apaleadas y lesionadas gravemente en las numerosas agresiones neonazis que se han sucedido a lo largo de estos d\u00edas con la total complicidad de los cuerpos policiales (basta con ver las <a href=\"https:\/\/vozcomoarma.noblogs.org\/files\/2019\/10\/Nazis-y-maderos-Catalu\u00f1a.mp4\"><strong>num<\/strong><strong>erosas im\u00e1genes <\/strong><\/a>mostrando a los antidisturbios en actitud amistosa y <strong><a href=\"https:\/\/vozcomoarma.noblogs.org\/files\/2019\/10\/EHHFqALX4AEEXBF.jpg\">cuidando de sus cachorritos fascistas<\/a><\/strong>), y en las que no han muerto de milagro (destacamos <strong><a href=\"https:\/\/vozcomoarma.noblogs.org\/files\/2019\/10\/EHE5Nm7WkAEURHJ.jpg\">una fotograf\u00eda<\/a><\/strong> donde una persona mostraba un casco de moto totalmente agujereado por el impacto directo de una pelota de goma de los maderos, \u00bfqu\u00e9 habr\u00eda sucedido si no llevase casco y el proyectil hubiese dado en su cabeza?), observamos la misma cara asquerosa de un Estado que silencia con miedo y c\u00f3cteles de porrazos, pelotazos, gases y condenas de prisi\u00f3n desorbitadas a cuantes se atrevan a cuestionar su orden. No se trata solo de la represi\u00f3n a un movimiento independentista en Catalunya con el que, a priori, como anarquistas, no compartimos objetivos ni herramientas. Lo que ocurre all\u00ed es tambi\u00e9n\u00a0 lo que ocurre con les j\u00f3venes encausades de Altsasu, son les pensionistas apalizades en Madrid, son les compa\u00f1eres encausadas por defender Fraguas, son todes les que han sufrido cada uno de los diferentes montajes policiales vistos en los \u00faltimos a\u00f1os bajo rid\u00edculas acusaciones de \u00abterrorismo\u00bb (las \u00faltimas personas que han vivido algo as\u00ed son, de hecho, un grupo de militantes independentistas catalanes), y podr\u00edamos seguir aunque pensamos que con \u00e9sto basta para explicar que si bien las denominadas \u00abluchas de liberaci\u00f3n nacional\u00bb no son para nosotres una prioridad (y creemos que en torno a \u00e9sto tambi\u00e9n deber\u00edan darse varios debates entre anarquistas, ojo) ni algo por lo que consideremos importante pelear, desde luego s\u00ed son importantes los abusos represivos, la manipulaci\u00f3n medi\u00e1tica, el auge fascista, las posturas reaccionarias de muches compa\u00f1eres y la necesidad de hacer pedazos este Estado y su mundo.<\/p>\n<p align=\"justify\"><strong>Por eso, queremos mostrar nuestra solidaridad con todas las personas encausadas y\/o afectadas de cualquier otra forma por la represi\u00f3n por luchar estos d\u00edas contra el fascismo y contra la democracia del Estado espa\u00f1ol, tanto en ciudades catalanas como m\u00e1s all\u00e1, en alguna de las distintas expresiones de solidaridad realizadas en Bilbao, Madrid y otros lugares.<\/strong><br \/>\n<strong>Guerra al Estado. Guerra al fascismo. Guerra a la democracia.<br \/>\n<em>Cap estat ens far\u00e0 lliures!<\/em><\/strong><\/p>\n","protected":false},"excerpt":{"rendered":"<p>Hace ya varios d\u00edas que Catalu\u00f1a es el escenario de fuertes tensiones y movilizaciones en lo que comenz\u00f3 como un movimiento de protesta contra las sentencias a los encausados por la tentativa de Refer\u00e9ndum del 1 de octubre del pasado &hellip; <a href=\"https:\/\/vozcomoarma.noblogs.org\/?p=23497\">Sigue leyendo <span class=\"meta-nav\">&rarr;<\/span><\/a><\/p>\n","protected":false},"author":7045,"featured_media":0,"comment_status":"closed","ping_status":"open","sticky":false,"template":"","format":"standard","meta":{"footnotes":""},"categories":[58,61,9],"tags":[14,49,36,107,48,21,16,76,42,34,24,19,11,71],"class_list":["post-23497","post","type-post","status-publish","format-standard","hentry","category-acciones","category-noticias","category-noticias-y-comunicados","tag-anti-fascismo","tag-anti-sexismo","tag-ataque-fascista","tag-barcelona","tag-cataluna","tag-disturbios","tag-guerra-social","tag-migrantes","tag-movimientos-sociales","tag-racismo","tag-reflexion","tag-represion","tag-solidaridad","tag-tortura"],"_links":{"self":[{"href":"https:\/\/vozcomoarma.noblogs.org\/index.php?rest_route=\/wp\/v2\/posts\/23497","targetHints":{"allow":["GET"]}}],"collection":[{"href":"https:\/\/vozcomoarma.noblogs.org\/index.php?rest_route=\/wp\/v2\/posts"}],"about":[{"href":"https:\/\/vozcomoarma.noblogs.org\/index.php?rest_route=\/wp\/v2\/types\/post"}],"author":[{"embeddable":true,"href":"https:\/\/vozcomoarma.noblogs.org\/index.php?rest_route=\/wp\/v2\/users\/7045"}],"replies":[{"embeddable":true,"href":"https:\/\/vozcomoarma.noblogs.org\/index.php?rest_route=%2Fwp%2Fv2%2Fcomments&post=23497"}],"version-history":[{"count":6,"href":"https:\/\/vozcomoarma.noblogs.org\/index.php?rest_route=\/wp\/v2\/posts\/23497\/revisions"}],"predecessor-version":[{"id":23508,"href":"https:\/\/vozcomoarma.noblogs.org\/index.php?rest_route=\/wp\/v2\/posts\/23497\/revisions\/23508"}],"wp:attachment":[{"href":"https:\/\/vozcomoarma.noblogs.org\/index.php?rest_route=%2Fwp%2Fv2%2Fmedia&parent=23497"}],"wp:term":[{"taxonomy":"category","embeddable":true,"href":"https:\/\/vozcomoarma.noblogs.org\/index.php?rest_route=%2Fwp%2Fv2%2Fcategories&post=23497"},{"taxonomy":"post_tag","embeddable":true,"href":"https:\/\/vozcomoarma.noblogs.org\/index.php?rest_route=%2Fwp%2Fv2%2Ftags&post=23497"}],"curies":[{"name":"wp","href":"https:\/\/api.w.org\/{rel}","templated":true}]}}