{"id":23770,"date":"2019-12-08T16:16:53","date_gmt":"2019-12-08T15:16:53","guid":{"rendered":"https:\/\/vozcomoarma.noblogs.org\/?p=23770"},"modified":"2019-12-08T16:16:53","modified_gmt":"2019-12-08T15:16:53","slug":"panfleto-peru-ni-privatizada-ni-estatizada-el-agua-no-es-mercancia-%c2%b7-texto-de-un-volante-repartido-en-la-marcha-contra-la-privatizacion-del-agua-en-lima-el-28-de-noviembre","status":"publish","type":"post","link":"https:\/\/vozcomoarma.noblogs.org\/?p=23770","title":{"rendered":"[Panfleto] Per\u00fa &#8211; \u00abNi privatizada, ni estatizada &#8211; El agua no es mercanc\u00eda\u00bb \u00b7 Texto de un volante repartido en la Marcha Contra la Privatizaci\u00f3n del Agua en Lima el 28 de noviembre"},"content":{"rendered":"<p align=\"justify\">Recibimos y compartimos este texto de un volante en clave antidesarrollista que se distribuy\u00f3 en el contexto de\u00a0la Marcha contra la privatizaci\u00f3n del agua el pasado 28 de noviembre en Lima (Per\u00fa):<\/p>\n<p align=\"justify\">&#8212;&#8212;&#8212;&#8212;&#8212;&#8212;&#8212;&#8212;&#8212;&#8212;&#8212;&#8212;&#8212;&#8212;&#8212;&#8212;&#8212;&#8212;&#8212;&#8212;&#8212;-<\/p>\n<p align=\"justify\"><strong><em>Ni privatizada \u2013 Ni estatizada<br \/>\n<\/em><em>El agua no es mercanc\u00eda<\/em><\/strong><\/p>\n<p align=\"justify\"><em>El agua en manos estatales o en manos privadas, es a las finales lo mismo.<\/em><\/p>\n<p align=\"justify\"><em>\u00bfO no es acaso el Estado qui\u00e9n dispone qui\u00e9n o qu\u00e9 empresa usa el agua?<\/em><\/p>\n<p align=\"justify\"><em>\u00bfNo es acaso el Estado qui\u00e9n entrega territorios con r\u00edos y lagunas dentro a empresas e industrias, as\u00ed sea mediante un pago justo o mediante favores ?<\/em><\/p>\n<p align=\"justify\"><em>\u00bfNo es acaso que el sector privado desea tener el control del agua para supuestamente administrar mejor su reparto?, pero como la historia lo ha mostrado priorizar\u00e1 su reparto a su sector, haciendo m\u00e1s caro el costo del agua argumentando que el alza es por el mejor servicio.<\/em><\/p>\n<p align=\"justify\"><em>Tomemos como ejemplo la privatizaci\u00f3n de la telefon\u00eda.<\/em><\/p>\n<p align=\"justify\"><em>En fin, el problema no es solo la corrupci\u00f3n, el problema es el Poder&#8230;<\/em><\/p>\n<p align=\"justify\"><em>El problema es que esos sectores (privado y estatal) se apoderan del agua y dem\u00e1s elementos naturales as\u00ed como tambi\u00e9n de toda especie en flora y fauna. Inclusive se apoderan de nuestras vidas nuestro tiempo etc y tengamos que tributarles por ocupar un pedazito de tierra para vivir o alimento que el planeta no le cobra a nadie como para que cualquier sector transforme todo en mercanc\u00eda.<\/em><\/p>\n<p align=\"justify\"><em>Y la soluci\u00f3n tampoco ser\u00eda apoderarnos de todo eso, m\u00e1s s\u00ed liberar la tierra de cualquier apoderamiento, y solo tomar lo necesario para vivir. Si el agua que consumimos necesita tratamiento, es porque de donde proviene est\u00e1 contaminado por industrias. O porque hemos forzado vivir en un espacio artificial (ciudad) que para su edificaci\u00f3n nociva tuvo que eliminar un espacio natural, que necesita tuber\u00edas tambi\u00e9n para alcantarillado (que ya est\u00e1 colapsando a nivel mundial) para llegar a lugares alejados de su fuente natural.<\/em><\/p>\n<p align=\"justify\"><em>El agua para consumo vital escasea, y nosotrxs ni cuenta.<\/em><\/p>\n<p align=\"justify\"><em>El agua es usada en todo proceso industrial, vendi\u00e9ndola o regal\u00e1ndola (r\u00edos, lagunas,&#8230;) a lxs\u00a0 mejores postores, y nosotrxs ni cuenta.<\/em><\/p>\n<p align=\"justify\"><em>El agua como los dem\u00e1s elementos de la tierra, son importantes para el equilibrio planetario, y para la vida de flora y fauna&#8230; y nosotrxs ni cuenta.<\/em><\/p>\n<p align=\"justify\"><em>El agua que quieren sacar con la desalinizaci\u00f3n del mar, impacta negativamente al mar, sus vegetales y habitantes marinos y a quienes se alimentan de ellxs &#8230; y nosotrxs ni cuenta&#8230;<\/em><\/p>\n<p align=\"justify\"><em>La energ\u00eda el\u00e9ctrica es la futura energ\u00eda que llaman \u201climpia\u201d pero usa\/desperdicia gran cantidad de agua, as\u00ed como para la extracci\u00f3n de litio para las bater\u00edas que usar\u00e1n los artefactos del INTERNET DE LAS COSAS (scooters, bicis, refris, relojes, celus, motos&#8230; el\u00e9ctricas) que se est\u00e1 implementando a nivel mundial para hacernos m\u00e1s dependientes de la tecnolog\u00eda.<\/em><\/p>\n<p align=\"justify\"><em>Solidaridad con lxs ambulantes, colectiveros, motorizadxs, luchas socioambientales&#8230; que bajo la premisa de \u201cerradicar la informalidad\u201d les reprimen.<\/em><\/p>\n<p align=\"justify\"><em>El Estado, las industrias, el extractivismo&#8230; es formal, y miren todo el da\u00f1o que nos hacen.<\/em><\/p>\n<p align=\"justify\"><em>Vivimos en una especie de esclavitud, y nosotrxs ni cuenta- \u00bf y la libertad para cu\u00e1ndo ?<\/em><\/p>\n<p align=\"justify\"><em>* Volante repartido el d\u00eda jueves 28 de noviembre 2019 en la ciudad de Lima regi\u00f3n Per\u00fa, en la llamada \u201cMarcha contra la privatizaci\u00f3n del agua\u201d*<\/em><\/p>\n<p align=\"justify\"><em>*Solidaridad con todas las luchas ,secuestradxs y asesinadxs en resistencia estos \u00faltimos meses y siempre*<\/em><\/p>\n<p align=\"justify\"><img loading=\"lazy\" decoding=\"async\" class=\"aligncenter wp-image-23771 size-full\" src=\"https:\/\/vozcomoarma.noblogs.org\/files\/2019\/12\/agua-volante.jpg\" alt=\"\" width=\"595\" height=\"411\" srcset=\"https:\/\/vozcomoarma.noblogs.org\/files\/2019\/12\/agua-volante.jpg 595w, https:\/\/vozcomoarma.noblogs.org\/files\/2019\/12\/agua-volante-300x207.jpg 300w\" sizes=\"auto, (max-width: 595px) 100vw, 595px\" \/><\/p>\n","protected":false},"excerpt":{"rendered":"<p>Recibimos y compartimos este texto de un volante en clave antidesarrollista que se distribuy\u00f3 en el contexto de\u00a0la Marcha contra la privatizaci\u00f3n del agua el pasado 28 de noviembre en Lima (Per\u00fa): &#8212;&#8212;&#8212;&#8212;&#8212;&#8212;&#8212;&#8212;&#8212;&#8212;&#8212;&#8212;&#8212;&#8212;&#8212;&#8212;&#8212;&#8212;&#8212;&#8212;&#8212;- Ni privatizada \u2013 Ni estatizada El agua &hellip; <a href=\"https:\/\/vozcomoarma.noblogs.org\/?p=23770\">Sigue leyendo <span class=\"meta-nav\">&rarr;<\/span><\/a><\/p>\n","protected":false},"author":7045,"featured_media":0,"comment_status":"closed","ping_status":"open","sticky":false,"template":"","format":"standard","meta":{"footnotes":""},"categories":[27,4,20],"tags":[47,39,30,42,273,24],"class_list":["post-23770","post","type-post","status-publish","format-standard","hentry","category-panfletos","category-publicaciones","category-textos","tag-anti-desarrollismo","tag-anti-especismo","tag-critica-anti-industrial","tag-movimientos-sociales","tag-peru","tag-reflexion"],"_links":{"self":[{"href":"https:\/\/vozcomoarma.noblogs.org\/index.php?rest_route=\/wp\/v2\/posts\/23770","targetHints":{"allow":["GET"]}}],"collection":[{"href":"https:\/\/vozcomoarma.noblogs.org\/index.php?rest_route=\/wp\/v2\/posts"}],"about":[{"href":"https:\/\/vozcomoarma.noblogs.org\/index.php?rest_route=\/wp\/v2\/types\/post"}],"author":[{"embeddable":true,"href":"https:\/\/vozcomoarma.noblogs.org\/index.php?rest_route=\/wp\/v2\/users\/7045"}],"replies":[{"embeddable":true,"href":"https:\/\/vozcomoarma.noblogs.org\/index.php?rest_route=%2Fwp%2Fv2%2Fcomments&post=23770"}],"version-history":[{"count":2,"href":"https:\/\/vozcomoarma.noblogs.org\/index.php?rest_route=\/wp\/v2\/posts\/23770\/revisions"}],"predecessor-version":[{"id":23773,"href":"https:\/\/vozcomoarma.noblogs.org\/index.php?rest_route=\/wp\/v2\/posts\/23770\/revisions\/23773"}],"wp:attachment":[{"href":"https:\/\/vozcomoarma.noblogs.org\/index.php?rest_route=%2Fwp%2Fv2%2Fmedia&parent=23770"}],"wp:term":[{"taxonomy":"category","embeddable":true,"href":"https:\/\/vozcomoarma.noblogs.org\/index.php?rest_route=%2Fwp%2Fv2%2Fcategories&post=23770"},{"taxonomy":"post_tag","embeddable":true,"href":"https:\/\/vozcomoarma.noblogs.org\/index.php?rest_route=%2Fwp%2Fv2%2Ftags&post=23770"}],"curies":[{"name":"wp","href":"https:\/\/api.w.org\/{rel}","templated":true}]}}