{"id":23848,"date":"2019-12-16T18:41:08","date_gmt":"2019-12-16T17:41:08","guid":{"rendered":"https:\/\/vozcomoarma.noblogs.org\/?p=23848"},"modified":"2019-12-16T18:44:01","modified_gmt":"2019-12-16T17:44:01","slug":"reino-unido-ataque-a-la-prision-juvenil-de-vinney-green-bristol","status":"publish","type":"post","link":"https:\/\/vozcomoarma.noblogs.org\/?p=23848","title":{"rendered":"Reino Unido &#8211; Ataque a la prisi\u00f3n juvenil de Vinney Green (Bristol)"},"content":{"rendered":"<p align=\"justify\">Recogemos de <strong><a href=\"https:\/\/actforfree.nostate.net\/?p=35848\">Act For Freedom Now!<\/a><\/strong>, traducimos y difundimos este comunicado de <em>December Cell <\/em>(C\u00e9lula de Diciembre) reivindicando la responsabilidad por el sabotaje de 4 veh\u00edculos en la c\u00e1rcel de menores de Vinnie Green (Bristol), propiedad de carceleros que \u00abtrabajan\u00bb (encierran y torturan) all\u00ed.<\/p>\n<p align=\"justify\">&#8212;&#8212;&#8212;&#8212;&#8212;&#8212;&#8212;&#8212;&#8212;&#8212;&#8212;&#8212;&#8212;&#8212;&#8212;&#8212;&#8212;&#8212;&#8211;<\/p>\n<p align=\"justify\"><em><strong>\u00a1Otra vez de vuelta!<\/strong> Hicimos otra visita a la \u201cUnidad de Seguridad\u201d (prisi\u00f3n de menores) de Vinney Green, a las afueras de Bristol. Saboteamos e inmovilizamos 4 coches propiedad de los carceleros. Vinney Green ya hab\u00eda sido <strong><a href=\"https:\/\/325.nostate.net\/2019\/06\/21\/bristol-solidarity-graffiti-for-anarchist-prisoners-by-eco-anarchist-vandals-fai-irf-uk\/\">atacada anteriormente en junio<\/a><\/strong>.<\/em><\/p>\n<p align=\"justify\"><em>24 j\u00f3venes (con edades entre 10 y 18 a\u00f1os), est\u00e1n encarcelades en Vinney Green. Es una de las 15 unidades de seguridad en Inglaterra, y actualmente est\u00e1 siendo expandida. Hubo 144 agresiones all\u00ed el a\u00f1o pasado. La c\u00e1rcel ha sido p\u00fablicamente criticada por su \u201calto uso de contenciones\u201d entre otras cosas (pero no nos malinterpret\u00e9is, no existen las prisiones \u201cbuenas\u201d y nunca es aceptable usar contenciones)\u2026<\/em><\/p>\n<p align=\"justify\"><em>Recordad a les ni\u00f1es estas navidades. Recordad a Alexis Grigoropoulos, que fue asesinado a tiros por la polic\u00eda en Grecia a la edad de 15 a\u00f1os.<\/em><\/p>\n<p align=\"justify\"><em>En este momento, cuando muchos vuelven a recurrir a las urnas&#8230; nosotres salimos a las calles. Una broma pesada juvenil, para aquelles en la \u201cjuvie\u201d*&#8230; Sus c\u00e1maras y vallas no nos disuaden&#8230; y nuestra rabia nunca ser\u00e1 silenciada por su campa\u00f1a electoral y su ret\u00f3rica. Boris Johnson promete sentencias m\u00e1s duras. Nosotres prometemos m\u00e1s acciones\u2026<\/em><\/p>\n<p align=\"justify\"><strong><em>Hasta la pr\u00f3xima.<\/em><\/strong><br \/>\n<strong><em>\u00a1Fuego a las prisiones!<\/em><\/strong><br \/>\n<strong><em>C\u00e9lula de Diciembre<\/em><\/strong><\/p>\n<p align=\"justify\">&#8212;-<\/p>\n<p align=\"justify\"><strong>* Nota de Traducci\u00f3n de La Rebeli\u00f3n de las Palabras: <\/strong><em>\u00abJuvie\u00bb<\/em> es un concepto \u00abcallejero\u00bb para referirse en ingl\u00e9s a las prisiones juveniles. Puede hacer referencia a diferentes cosas pero todas indican lo mismo (<em>\u00abjuvenal detention center\u00bb, \u00abjuvenile hall\u00bb, \u00abjuvenile prison center\u00bb<\/em>&#8230;).<\/p>\n<p align=\"justify\"><img loading=\"lazy\" decoding=\"async\" class=\"wp-image-23849 size-full aligncenter\" src=\"https:\/\/vozcomoarma.noblogs.org\/files\/2019\/12\/Centro-menores.jpg\" alt=\"\" width=\"600\" height=\"450\" srcset=\"https:\/\/vozcomoarma.noblogs.org\/files\/2019\/12\/Centro-menores.jpg 600w, https:\/\/vozcomoarma.noblogs.org\/files\/2019\/12\/Centro-menores-300x225.jpg 300w\" sizes=\"auto, (max-width: 600px) 100vw, 600px\" \/><\/p>\n","protected":false},"excerpt":{"rendered":"<p>Recogemos de Act For Freedom Now!, traducimos y difundimos este comunicado de December Cell (C\u00e9lula de Diciembre) reivindicando la responsabilidad por el sabotaje de 4 veh\u00edculos en la c\u00e1rcel de menores de Vinnie Green (Bristol), propiedad de carceleros que \u00abtrabajan\u00bb &hellip; <a href=\"https:\/\/vozcomoarma.noblogs.org\/?p=23848\">Sigue leyendo <span class=\"meta-nav\">&rarr;<\/span><\/a><\/p>\n","protected":false},"author":7045,"featured_media":0,"comment_status":"closed","ping_status":"open","sticky":false,"template":"","format":"standard","meta":{"footnotes":""},"categories":[58,61,9],"tags":[17,16,26,42,90,19,10,11,71],"class_list":["post-23848","post","type-post","status-publish","format-standard","hentry","category-acciones","category-noticias","category-noticias-y-comunicados","tag-carcel","tag-guerra-social","tag-insurreccionalismo","tag-movimientos-sociales","tag-reino-unido","tag-represion","tag-sabotaje","tag-solidaridad","tag-tortura"],"_links":{"self":[{"href":"https:\/\/vozcomoarma.noblogs.org\/index.php?rest_route=\/wp\/v2\/posts\/23848","targetHints":{"allow":["GET"]}}],"collection":[{"href":"https:\/\/vozcomoarma.noblogs.org\/index.php?rest_route=\/wp\/v2\/posts"}],"about":[{"href":"https:\/\/vozcomoarma.noblogs.org\/index.php?rest_route=\/wp\/v2\/types\/post"}],"author":[{"embeddable":true,"href":"https:\/\/vozcomoarma.noblogs.org\/index.php?rest_route=\/wp\/v2\/users\/7045"}],"replies":[{"embeddable":true,"href":"https:\/\/vozcomoarma.noblogs.org\/index.php?rest_route=%2Fwp%2Fv2%2Fcomments&post=23848"}],"version-history":[{"count":2,"href":"https:\/\/vozcomoarma.noblogs.org\/index.php?rest_route=\/wp\/v2\/posts\/23848\/revisions"}],"predecessor-version":[{"id":23851,"href":"https:\/\/vozcomoarma.noblogs.org\/index.php?rest_route=\/wp\/v2\/posts\/23848\/revisions\/23851"}],"wp:attachment":[{"href":"https:\/\/vozcomoarma.noblogs.org\/index.php?rest_route=%2Fwp%2Fv2%2Fmedia&parent=23848"}],"wp:term":[{"taxonomy":"category","embeddable":true,"href":"https:\/\/vozcomoarma.noblogs.org\/index.php?rest_route=%2Fwp%2Fv2%2Fcategories&post=23848"},{"taxonomy":"post_tag","embeddable":true,"href":"https:\/\/vozcomoarma.noblogs.org\/index.php?rest_route=%2Fwp%2Fv2%2Ftags&post=23848"}],"curies":[{"name":"wp","href":"https:\/\/api.w.org\/{rel}","templated":true}]}}