{"id":23853,"date":"2019-12-16T19:26:05","date_gmt":"2019-12-16T18:26:05","guid":{"rendered":"https:\/\/vozcomoarma.noblogs.org\/?p=23853"},"modified":"2019-12-16T19:26:05","modified_gmt":"2019-12-16T18:26:05","slug":"proximas-convocatorias-anticarcelarias-en-el-estado-espanol","status":"publish","type":"post","link":"https:\/\/vozcomoarma.noblogs.org\/?p=23853","title":{"rendered":"Pr\u00f3ximas convocatorias anticarcelarias en el estado espa\u00f1ol"},"content":{"rendered":"<p align=\"justify\">Dejamos a continuaci\u00f3n varias convocatorias anticarcelarias que encontramos o recibimos en el correo electr\u00f3nico y que tendr\u00e1n lugar pr\u00f3ximamente. Recordamos tambi\u00e9n que la lucha en forma de huelga de hambre rotativa contin\u00faa en las prisiones espa\u00f1olas (m\u00e1s informaci\u00f3n <strong><a href=\"https:\/\/vozcomoarma.noblogs.org\/?tag=huelga-de-hambre-rotativa-preses-2019\">aqu\u00ed<\/a> <\/strong>o en <strong><a href=\"https:\/\/tokata.info\">Tokata<\/a><\/strong>). \u00a1Existen muchas maneras de solidarizarse, elige la tuya y no les dejemos a solas!<\/p>\n<p align=\"justify\">&#8212;&#8212;&#8212;&#8212;&#8212;&#8212;&#8212;&#8211;<\/p>\n<p align=\"justify\"><strong>Jornada anticarcelaria en Can Vies (19 de diciembre)<\/strong><\/p>\n<p align=\"justify\">Diferentes colectivos organizan una jornada anticarcelaria para el pr\u00f3ximo jueves 19 de diciembre en el centro social okupado de Can Vies (Vila de Sants, Karcelona). A continuaci\u00f3n, el cartel que hemos recibido:<\/p>\n<p><img loading=\"lazy\" decoding=\"async\" class=\"wp-image-23857 size-large alignnone\" src=\"https:\/\/vozcomoarma.noblogs.org\/files\/2019\/12\/EL5Mo-pX0AAo3cm.jpg-large-724x1024.jpg\" alt=\"\" width=\"640\" height=\"905\" srcset=\"https:\/\/vozcomoarma.noblogs.org\/files\/2019\/12\/EL5Mo-pX0AAo3cm.jpg-large-724x1024.jpg 724w, https:\/\/vozcomoarma.noblogs.org\/files\/2019\/12\/EL5Mo-pX0AAo3cm.jpg-large-212x300.jpg 212w, https:\/\/vozcomoarma.noblogs.org\/files\/2019\/12\/EL5Mo-pX0AAo3cm.jpg-large-768x1087.jpg 768w, https:\/\/vozcomoarma.noblogs.org\/files\/2019\/12\/EL5Mo-pX0AAo3cm.jpg-large.jpg 1447w\" sizes=\"auto, (max-width: 640px) 100vw, 640px\" \/><\/p>\n<p>&#8212;&#8212;&#8212;&#8212;&#8212;&#8212;&#8212;&#8211;<\/p>\n<p align=\"justify\"><strong>Diciembre anticarcelario en el EOA La Emboscada, Madrid (20, 21 y 22 de diciembre)<\/strong><\/p>\n<p align=\"justify\"><strong>Viernes 20<\/strong><\/p>\n<p align=\"justify\"><strong>19:00 &#8211; <\/strong>Charla \u00abLa \u00e9tica revolucionaria que sostiene la lucha anticarcelaria\u00bb (Dar\u00edo Malventi y un ex-preso FIES que hablar\u00e1 de su experiencia) + Proyecci\u00f3n del v\u00eddeo \u00abCampa\u00f1a contra la tortura\u00bb sobre la campa\u00f1a C\u00e1rcel = Tortura<\/p>\n<p align=\"justify\"><strong>S\u00e1bado 21<\/strong><\/p>\n<p align=\"justify\"><strong>17:00 &#8211; <\/strong>Charla \u00ab\u00bfQu\u00e9 es la c\u00e1rcel y por qu\u00e9 nos oponemos a ella?\u00bb + Taller de carteo y creaci\u00f3n de postales para enviar a preses.<br \/>\n<strong>19:00 &#8211;<\/strong> Mesa redonda sobre casos represivos llevados a cabo en los \u00faltimos a\u00f1os contra compa\u00f1eres anarquistas.<br \/>\n<strong>21:00 &#8211; <\/strong>Cena vegana y karaoke<\/p>\n<p align=\"justify\"><strong>Domingo 22<\/strong><\/p>\n<p align=\"justify\"><strong>17:00 &#8211; <\/strong>Charla \u00abImpacto de la c\u00e1rcel en la salud mental de las personas presas\u00bb<br \/>\n<strong>19:00 &#8211; <\/strong>Charla \u00abMalos tratos, torturas, vejaciones y humillaciones en las c\u00e1rceles del Estado espa\u00f1ol\u00bb, a cargo de Familias frente a la crueldad carcelaria.<\/p>\n<p align=\"justify\"><strong><em>M\u00e1s informaci\u00f3n del Diciembre Anticarcelario <\/em><em><a href=\"https:\/\/vozcomoarma.noblogs.org\/files\/2019\/12\/ELWYbRbXUAAlCI2.jpglarge.jpeg\">aqu\u00ed<\/a><\/em><em>.<\/em><\/strong><\/p>\n<p>&#8212;&#8212;&#8212;&#8212;&#8212;&#8212;&#8212;&#8211;<\/p>\n<p align=\"justify\"><strong>Marcha de Antorchas contra la prisi\u00f3n de Ponent (25 de diciembre)<\/strong><\/p>\n<p align=\"justify\">El s\u00e1bado 25 de enero de 2020 se organiza un a\u00f1o m\u00e1s la Marcha de Antorchas contra la prisi\u00f3n de Ponent (Lleida). El cartel recibido a continuaci\u00f3n:<\/p>\n<p><img loading=\"lazy\" decoding=\"async\" class=\"aligncenter wp-image-23858 size-full\" src=\"https:\/\/vozcomoarma.noblogs.org\/files\/2019\/12\/Antorchas-contra-Ponent.jpg\" alt=\"\" width=\"959\" height=\"640\" srcset=\"https:\/\/vozcomoarma.noblogs.org\/files\/2019\/12\/Antorchas-contra-Ponent.jpg 959w, https:\/\/vozcomoarma.noblogs.org\/files\/2019\/12\/Antorchas-contra-Ponent-300x200.jpg 300w, https:\/\/vozcomoarma.noblogs.org\/files\/2019\/12\/Antorchas-contra-Ponent-768x513.jpg 768w\" sizes=\"auto, (max-width: 959px) 100vw, 959px\" \/><\/p>\n","protected":false},"excerpt":{"rendered":"<p>Dejamos a continuaci\u00f3n varias convocatorias anticarcelarias que encontramos o recibimos en el correo electr\u00f3nico y que tendr\u00e1n lugar pr\u00f3ximamente. Recordamos tambi\u00e9n que la lucha en forma de huelga de hambre rotativa contin\u00faa en las prisiones espa\u00f1olas (m\u00e1s informaci\u00f3n aqu\u00ed o &hellip; <a href=\"https:\/\/vozcomoarma.noblogs.org\/?p=23853\">Sigue leyendo <span class=\"meta-nav\">&rarr;<\/span><\/a><\/p>\n","protected":false},"author":7045,"featured_media":0,"comment_status":"closed","ping_status":"open","sticky":false,"template":"","format":"standard","meta":{"footnotes":""},"categories":[59,61,9,7],"tags":[107,17,16,397,191,67,42,19,11],"class_list":["post-23853","post","type-post","status-publish","format-standard","hentry","category-convocatorias","category-noticias","category-noticias-y-comunicados","category-presxs","tag-barcelona","tag-carcel","tag-guerra-social","tag-huelga-de-hambre-rotativa-preses-2019","tag-lleida","tag-madrid","tag-movimientos-sociales","tag-represion","tag-solidaridad"],"_links":{"self":[{"href":"https:\/\/vozcomoarma.noblogs.org\/index.php?rest_route=\/wp\/v2\/posts\/23853","targetHints":{"allow":["GET"]}}],"collection":[{"href":"https:\/\/vozcomoarma.noblogs.org\/index.php?rest_route=\/wp\/v2\/posts"}],"about":[{"href":"https:\/\/vozcomoarma.noblogs.org\/index.php?rest_route=\/wp\/v2\/types\/post"}],"author":[{"embeddable":true,"href":"https:\/\/vozcomoarma.noblogs.org\/index.php?rest_route=\/wp\/v2\/users\/7045"}],"replies":[{"embeddable":true,"href":"https:\/\/vozcomoarma.noblogs.org\/index.php?rest_route=%2Fwp%2Fv2%2Fcomments&post=23853"}],"version-history":[{"count":1,"href":"https:\/\/vozcomoarma.noblogs.org\/index.php?rest_route=\/wp\/v2\/posts\/23853\/revisions"}],"predecessor-version":[{"id":23861,"href":"https:\/\/vozcomoarma.noblogs.org\/index.php?rest_route=\/wp\/v2\/posts\/23853\/revisions\/23861"}],"wp:attachment":[{"href":"https:\/\/vozcomoarma.noblogs.org\/index.php?rest_route=%2Fwp%2Fv2%2Fmedia&parent=23853"}],"wp:term":[{"taxonomy":"category","embeddable":true,"href":"https:\/\/vozcomoarma.noblogs.org\/index.php?rest_route=%2Fwp%2Fv2%2Fcategories&post=23853"},{"taxonomy":"post_tag","embeddable":true,"href":"https:\/\/vozcomoarma.noblogs.org\/index.php?rest_route=%2Fwp%2Fv2%2Ftags&post=23853"}],"curies":[{"name":"wp","href":"https:\/\/api.w.org\/{rel}","templated":true}]}}