{"id":23876,"date":"2019-12-19T15:43:20","date_gmt":"2019-12-19T14:43:20","guid":{"rendered":"https:\/\/vozcomoarma.noblogs.org\/?p=23876"},"modified":"2019-12-26T19:02:47","modified_gmt":"2019-12-26T18:02:47","slug":"grecia-anarquistas-incendian-el-arbol-de-navidad-de-exarchia-tras-una-manifestacion-salvaje-en-respuesta-a-los-desalojos","status":"publish","type":"post","link":"https:\/\/vozcomoarma.noblogs.org\/?p=23876","title":{"rendered":"Grecia &#8211; Anarquistas incendian el \u00e1rbol de navidad de Exarchia tras una manifestaci\u00f3n salvaje en respuesta a los desalojos"},"content":{"rendered":"<p align=\"justify\">Tal vez una de las acciones espont\u00e1neas m\u00e1s simb\u00f3licas y a la vez bonitas e impactantes durante la revuelta de diciembre de 2008 en Grecia fue cuando, en Atenas, <strong><a href=\"https:\/\/vozcomoarma.noblogs.org\/files\/2019\/12\/Diciembre-2008-Syntagma-\u00c1rbol-arde.jpg\">un grupo de encapuchades (la plaza del Parlamento griego)<\/a><\/strong>, como una forma de destruir la hipocres\u00eda de la imagen navide\u00f1a con la que el Estado trataba de encubrir y hacer olvidar el asesinato de Alexis por la polic\u00eda y de devolver a la ciudad la est\u00e9tica del consumo y su normalidad genocida.<\/p>\n<p align=\"justify\">Ahora, acabamos de encontrar en <strong><a href=\"https:\/\/actforfree.nostate.net\/?p=35908\">Act For Freedom Now!<\/a><\/strong>, (que recogen del canal <strong><a href=\"https:\/\/www.youtube.com\/channel\/UCoXlIiOLhCDZJa4k3T8DSeA\">Perseus999<\/a> <\/strong>en la plataforma Youtube, que publica abundante documentaci\u00f3n audiovisual en torno a las movilizaciones en Atenas y Grecia), traducimos y dejamos a continuaci\u00f3n un reporte de una acci\u00f3n que tuvo lugar en Atenas ayer, 18 de diciembre por la noche, cuando, en paralelo a una manifestaci\u00f3n salvaje que recorri\u00f3 la calle Ermou (la calle m\u00e1s cara de Atenas y la und\u00e9cima calle m\u00e1s cara del mundo) destrozando y atacando bancos y tiendas de lujo, la protesta concluy\u00f3 en Exarchia, donde tambi\u00e9n se prendi\u00f3 fuego al \u00e1rbol de navidad, como una respuesta a los desalojos y brutalidad policial desplegados en el barrio en los \u00faltimos meses y tambi\u00e9n como una se\u00f1al de rechazo al intento estatal, una vez m\u00e1s, de tapar sus cr\u00edmenes con luces y villancicos.<\/p>\n<p align=\"justify\"><strong>Maderos, Cobardes, Asesinos.<\/strong><\/p>\n<p align=\"justify\">&#8212;&#8212;&#8212;&#8212;&#8212;&#8212;&#8212;&#8212;&#8212;&#8212;&#8212;&#8212;&#8212;&#8212;&#8212;-<\/p>\n<p align=\"justify\"><em><strong>Atenas, Grecia:<\/strong> Es ir\u00f3nico. Mientras el gobierno griego ha estado aterrorizando el barrio de Exarchia desde el verano con desalojos de okupaciones, ataques a la gente en cafeter\u00edas y bares y brutales palizas y arrestos sin raz\u00f3n -especialmente tras las protestas del 17 de noviembre y del 6 de diciembre, donde una ley marcial at\u00edpica fue impuesta en la zona-, hace unos d\u00edas hizo un intento de cubrir los cr\u00edmenes de la polic\u00eda antidisturbios contra la gente de la zona, decorando la plaza de Exarchia con alumbrados navide\u00f1os y con un \u00e1rbol de navidad.<\/em><\/p>\n<p align=\"justify\"><a href=\"https:\/\/vozcomoarma.noblogs.org\/files\/2019\/12\/athens18d6.jpe\"><img loading=\"lazy\" decoding=\"async\" class=\"aligncenter wp-image-23918 size-large\" src=\"https:\/\/vozcomoarma.noblogs.org\/files\/2019\/12\/athens18d6-1024x965.jpe\" alt=\"\" width=\"640\" height=\"603\" srcset=\"https:\/\/vozcomoarma.noblogs.org\/files\/2019\/12\/athens18d6-1024x965.jpe 1024w, https:\/\/vozcomoarma.noblogs.org\/files\/2019\/12\/athens18d6-300x283.jpe 300w, https:\/\/vozcomoarma.noblogs.org\/files\/2019\/12\/athens18d6-768x724.jpe 768w, https:\/\/vozcomoarma.noblogs.org\/files\/2019\/12\/athens18d6.jpe 1273w\" sizes=\"auto, (max-width: 640px) 100vw, 640px\" \/><\/a><\/p>\n<p><iframe loading=\"lazy\" title=\"Exarcheia: People Burn Down the Christmas Tree (Athens, Greece)\" width=\"640\" height=\"480\" src=\"https:\/\/www.youtube.com\/embed\/Pzrw6MzNVms?feature=oembed\" frameborder=\"0\" allow=\"accelerometer; autoplay; clipboard-write; encrypted-media; gyroscope; picture-in-picture; web-share\" referrerpolicy=\"strict-origin-when-cross-origin\" allowfullscreen><\/iframe><\/p>\n<p><iframe loading=\"lazy\" title=\"No Pasaran: Anarchists react to the eviction of Kouvelou Squat (\u039a\u03b1\u03c4\u03ac\u03bb\u03b7\u03c8\u03b7 \u0388\u03c0\u03b1\u03c5\u03bb\u03b7\u03c2 \u039a\u03bf\u03c5\u03b2\u03ad\u03bb\u03bf\u03c5)\" width=\"640\" height=\"480\" src=\"https:\/\/www.youtube.com\/embed\/2VTmGKrJpdk?feature=oembed\" frameborder=\"0\" allow=\"accelerometer; autoplay; clipboard-write; encrypted-media; gyroscope; picture-in-picture; web-share\" referrerpolicy=\"strict-origin-when-cross-origin\" allowfullscreen><\/iframe><\/p>\n<p><img loading=\"lazy\" decoding=\"async\" class=\"aligncenter wp-image-23894 size-full\" src=\"https:\/\/vozcomoarma.noblogs.org\/files\/2019\/12\/IMG-bfab00e24d5509bf38a56f1b080e4a49-V-696x521.jpg\" alt=\"\" width=\"696\" height=\"521\" srcset=\"https:\/\/vozcomoarma.noblogs.org\/files\/2019\/12\/IMG-bfab00e24d5509bf38a56f1b080e4a49-V-696x521.jpg 696w, https:\/\/vozcomoarma.noblogs.org\/files\/2019\/12\/IMG-bfab00e24d5509bf38a56f1b080e4a49-V-696x521-300x225.jpg 300w\" sizes=\"auto, (max-width: 696px) 100vw, 696px\" \/> <img loading=\"lazy\" decoding=\"async\" class=\"aligncenter wp-image-23895 size-large\" src=\"https:\/\/vozcomoarma.noblogs.org\/files\/2019\/12\/IMG-1854171acaa7e34b9c07be3757c71edb-V-1024x766.jpg\" alt=\"\" width=\"640\" height=\"479\" srcset=\"https:\/\/vozcomoarma.noblogs.org\/files\/2019\/12\/IMG-1854171acaa7e34b9c07be3757c71edb-V-1024x766.jpg 1024w, https:\/\/vozcomoarma.noblogs.org\/files\/2019\/12\/IMG-1854171acaa7e34b9c07be3757c71edb-V-300x225.jpg 300w, https:\/\/vozcomoarma.noblogs.org\/files\/2019\/12\/IMG-1854171acaa7e34b9c07be3757c71edb-V-768x575.jpg 768w, https:\/\/vozcomoarma.noblogs.org\/files\/2019\/12\/IMG-1854171acaa7e34b9c07be3757c71edb-V.jpg 1280w\" sizes=\"auto, (max-width: 640px) 100vw, 640px\" \/> <img loading=\"lazy\" decoding=\"async\" class=\"aligncenter wp-image-23896 size-large\" src=\"https:\/\/vozcomoarma.noblogs.org\/files\/2019\/12\/IMG-d3d37ff4b58ebb3e2456081f13762d9b-V-1024x766.jpg\" alt=\"\" width=\"640\" height=\"479\" srcset=\"https:\/\/vozcomoarma.noblogs.org\/files\/2019\/12\/IMG-d3d37ff4b58ebb3e2456081f13762d9b-V-1024x766.jpg 1024w, https:\/\/vozcomoarma.noblogs.org\/files\/2019\/12\/IMG-d3d37ff4b58ebb3e2456081f13762d9b-V-300x225.jpg 300w, https:\/\/vozcomoarma.noblogs.org\/files\/2019\/12\/IMG-d3d37ff4b58ebb3e2456081f13762d9b-V-768x575.jpg 768w, https:\/\/vozcomoarma.noblogs.org\/files\/2019\/12\/IMG-d3d37ff4b58ebb3e2456081f13762d9b-V.jpg 1280w\" sizes=\"auto, (max-width: 640px) 100vw, 640px\" \/> <img loading=\"lazy\" decoding=\"async\" class=\"aligncenter wp-image-23897 size-full\" src=\"https:\/\/vozcomoarma.noblogs.org\/files\/2019\/12\/IMG_0553.jpg\" alt=\"\" width=\"736\" height=\"411\" srcset=\"https:\/\/vozcomoarma.noblogs.org\/files\/2019\/12\/IMG_0553.jpg 736w, https:\/\/vozcomoarma.noblogs.org\/files\/2019\/12\/IMG_0553-300x168.jpg 300w\" sizes=\"auto, (max-width: 736px) 100vw, 736px\" \/> <img loading=\"lazy\" decoding=\"async\" class=\"aligncenter wp-image-23898 size-full\" src=\"https:\/\/vozcomoarma.noblogs.org\/files\/2019\/12\/IMG_0548.jpg\" alt=\"\" width=\"736\" height=\"416\" srcset=\"https:\/\/vozcomoarma.noblogs.org\/files\/2019\/12\/IMG_0548.jpg 736w, https:\/\/vozcomoarma.noblogs.org\/files\/2019\/12\/IMG_0548-300x170.jpg 300w\" sizes=\"auto, (max-width: 736px) 100vw, 736px\" \/><\/p>\n<p align=\"justify\"><strong><em>[Pod\u00e9is encontrar v\u00eddeos documentando algunos de los cr\u00edmenes policiales en la zona durante los \u00faltimos meses al final de este escrito]<\/em><\/strong><\/p>\n<p align=\"justify\"><em>Para hacerse una idea de lo que est\u00e1 pasando en Atenas en este momento deben ser apuntadas algunas cosas: El gobierno griego ha declarado la guerra contra les anarquistas y antiautoritaries, tras el final del ultim\u00e1tum de 15 d\u00edas emitido por el Ministerio de \u00abOrden P\u00fablico\u00bb hacia las docenas de okupaciones pol\u00edticas y de acogida de refugiades a lo largo de Grecia (algunas de ellas con m\u00e1s de 30 a\u00f1os de antig\u00fcedad), amenazando con desalojos violentos, ejecutados por la polic\u00eda antidisturbios y las fuerzas especiales, si no evacuaban los edificios dentro de este margen. El margen termin\u00f3 el 5 de diciembre de 2019, una decisi\u00f3n pol\u00edtica del Estado griego que apunta a agitar y crear una \u00abatm\u00f3sfera explosiva\u00bb.<\/em><\/p>\n<p align=\"justify\"><em>Tras la primera oleada de ataques y desalojos durante el oto\u00f1o, principalmente contra okupas de acogida para refugiades, la segunda oleada de ataques solo acaba de comenzar, esta vez contra okupaciones pol\u00edticas y centros sociales. Coincidiendo con los arrestos de antifascistas y la propuesta de absoluci\u00f3n judicial de los l\u00edderes neonazis del partido Amanecer Dorado, el gobierno derechista griego y su Ministro de Orden P\u00fablico, autoproclamado socialista, han procedido con el desalojo de la okupa \u00abMansi\u00f3n Kouvelou\u00bb, en Atenas, el 17 de diciembre, <strong><a href=\"https:\/\/vozcomoarma.noblogs.org\/?p=23880\">mientras otras 3 okupas han sido desalojadas hoy, 18 de diciembre, en Koukaki, Atenas,<\/a> <\/strong>tras una operaci\u00f3n policial masiva, que aterroriz\u00f3 con brutalidad policial a todo un barrio, atacando a las personas que viv\u00edan en casas adyacentes que no estaban okupando. Im\u00e1genes brutales de maderos de la SWAT griega pisando con sus botas las cabezas de la gente en el suelo y de una madre atada en el suelo de su terraza con una capucha en la cabeza, reminiscencias de las im\u00e1genes de torturas en Abu Ghraib, han circulado por los medios.<\/em><\/p>\n<p align=\"justify\"><a href=\"https:\/\/vozcomoarma.noblogs.org\/files\/2019\/12\/athens18d4.jpe\"><img loading=\"lazy\" decoding=\"async\" class=\"aligncenter wp-image-23912 size-large\" src=\"https:\/\/vozcomoarma.noblogs.org\/files\/2019\/12\/athens18d4-538x1024.jpe\" alt=\"\" width=\"538\" height=\"1024\" srcset=\"https:\/\/vozcomoarma.noblogs.org\/files\/2019\/12\/athens18d4-538x1024.jpe 538w, https:\/\/vozcomoarma.noblogs.org\/files\/2019\/12\/athens18d4-158x300.jpe 158w, https:\/\/vozcomoarma.noblogs.org\/files\/2019\/12\/athens18d4-768x1460.jpe 768w, https:\/\/vozcomoarma.noblogs.org\/files\/2019\/12\/athens18d4.jpe 1200w\" sizes=\"auto, (max-width: 538px) 100vw, 538px\" \/><\/a><em>Como un resultado obvio, alrededor de las 22:00 de ayer, aproximadamente 200 anarquistas llevaron a cabo una manifestaci\u00f3n repentina por la calle Ermou, la mayor calle comercial de Atenas, y procedieron a atacar numerosas tiendas y sucursales bancarias cerca de la principal plaza de Atenas, Syntagma. Casi al mismo tiempo, varias millas m\u00e1s all\u00e1, el \u00e1rbol de navidad de la plaza de Exarchia fue incendiado. Mientras el gobierno griego ha proclamado que m\u00e1s de 20 okupas, solo en Atenas, ser\u00e1n violentamente desalojadas antes del final de 2019, los ataques policiales parecen la cerilla que prender\u00e1 fuego a una situaci\u00f3n ya explosiva durante las fiestas de Navidad y Fin de A\u00f1o.<\/em><\/p>\n<p align=\"justify\"><strong><em>(El v\u00eddeo fue enviado por un fotoperiodista que estaba en el escenario)<\/em><\/strong><\/p>\n<p align=\"justify\"><strong><em>Videos del barrio de Exarchia bajo asedio policial en los \u00faltimos meses:<\/em><\/strong><\/p>\n<p align=\"justify\"><strong><em>6 de diciembre 2019<\/em><\/strong><\/p>\n<p><iframe loading=\"lazy\" title=\"Greek riot cops are violent criminals dressed in uniform. Here is why (6 December Exarcheia, Athens)\" width=\"640\" height=\"480\" src=\"https:\/\/www.youtube.com\/embed\/qNYU_NBgsVs?feature=oembed\" frameborder=\"0\" allow=\"accelerometer; autoplay; clipboard-write; encrypted-media; gyroscope; picture-in-picture; web-share\" referrerpolicy=\"strict-origin-when-cross-origin\" allowfullscreen><\/iframe><\/p>\n<p><iframe loading=\"lazy\" title=\"\u0395\u03be\u03ac\u03c1\u03c7\u03b5\u03b9\u03b1: \u039a\u03c1\u03b5\u03c3\u03ad\u03bd\u03c4\u03bf \u03b2\u03af\u03b1\u03c2 \u03ba\u03b1\u03b9 \u03c7\u03c5\u03b4\u03b1\u03b9\u03cc\u03c4\u03b7\u03c4\u03b1\u03c2 \u03b1\u03c0\u03cc \u03b1\u03c5\u03c4\u03bf\u03b1\u03c0\u03bf\u03ba\u03b1\u03bb\u03bf\u03cd\u03bc\u03b5\u03bd\u03bf\u03c5\u03c2 \u03b1\u03bd\u03b8\u03c1\u03ce\u03c0\u03bf\u03c5\u03c2 (6 \u0394\u03b5\u03ba\u03ad\u03bc\u03b2\u03c1\u03b7 2019)\" width=\"640\" height=\"360\" src=\"https:\/\/www.youtube.com\/embed\/fEfEjJ_63X4?feature=oembed\" frameborder=\"0\" allow=\"accelerometer; autoplay; clipboard-write; encrypted-media; gyroscope; picture-in-picture; web-share\" referrerpolicy=\"strict-origin-when-cross-origin\" allowfullscreen><\/iframe><\/p>\n<p><iframe loading=\"lazy\" title=\"\u201c\u0391\u03c0\u03bf\u03bc\u03b1\u03ba\u03c1\u03cd\u03bd\u03b5\u03c4\u03b5 \u03c4\u03b1 \u03ac\u03c4\u03bf\u03bc\u03b1 \u03ba\u03b1\u03b9 \u03bd\u03b1 \u03c0\u03c1\u03bf\u03b2\u03b5\u03af\u03c4\u03b5 \u03c3\u03b5 \u03c3\u03c5\u03bb\u03bb\u03ae\u03c8\u03b5\u03b9\u03c2\u201d: \u039f \u03b1\u03c3\u03cd\u03c1\u03bc\u03b1\u03c4\u03bf\u03c2 \u03c0\u03c1\u03cc\u03b4\u03c9\u03c3\u03b5 \u03c4\u03bf \u03c3\u03c7\u03ad\u03b4\u03b9\u03bf \u03c4\u03b7\u03c2 \u03b1\u03c3\u03c4\u03c5\u03bd\u03bf\u03bc\u03af\u03b1\u03c2\" width=\"640\" height=\"360\" src=\"https:\/\/www.youtube.com\/embed\/xgz6Qb7b0nk?feature=oembed\" frameborder=\"0\" allow=\"accelerometer; autoplay; clipboard-write; encrypted-media; gyroscope; picture-in-picture; web-share\" referrerpolicy=\"strict-origin-when-cross-origin\" allowfullscreen><\/iframe><\/p>\n<p><em><strong>17 de noviembre 2019<\/strong><\/em><\/p>\n<p><iframe loading=\"lazy\" title=\"\u0395\u03be\u03ac\u03c1\u03c7\u03b5\u03b9\u03b1: \u039a\u03c1\u03b5\u03c3\u03ad\u03bd\u03c4\u03bf \u03b2\u03af\u03b1\u03c2 \u03ba\u03b1\u03b9 \u03c7\u03c5\u03b4\u03b1\u03b9\u03cc\u03c4\u03b7\u03c4\u03b1\u03c2 \u03b1\u03c0\u03cc \u03b1\u03c5\u03c4\u03bf\u03b1\u03c0\u03bf\u03ba\u03b1\u03bb\u03bf\u03cd\u03bc\u03b5\u03bd\u03bf\u03c5\u03c2 \u03b1\u03bd\u03b8\u03c1\u03ce\u03c0\u03bf\u03c5\u03c2 (\u039c\u0391\u03a4 - 17 \u039d\u03bf\u03ad\u03bc\u03b2\u03c1\u03b7 2019)\" width=\"640\" height=\"360\" src=\"https:\/\/www.youtube.com\/embed\/eELKbWnPz8c?feature=oembed\" frameborder=\"0\" allow=\"accelerometer; autoplay; clipboard-write; encrypted-media; gyroscope; picture-in-picture; web-share\" referrerpolicy=\"strict-origin-when-cross-origin\" allowfullscreen><\/iframe><\/p>\n<p><strong><em>1 de septiembre 2019<\/em><\/strong><\/p>\n<p><iframe loading=\"lazy\" title=\"Caught in the act: Riot police throws asphyxiating gas inside Vox Social Center (Exarcheia)\" width=\"640\" height=\"360\" src=\"https:\/\/www.youtube.com\/embed\/KS4oh28OK9o?feature=oembed\" frameborder=\"0\" allow=\"accelerometer; autoplay; clipboard-write; encrypted-media; gyroscope; picture-in-picture; web-share\" referrerpolicy=\"strict-origin-when-cross-origin\" allowfullscreen><\/iframe><\/p>\n<h5><\/h5>\n","protected":false},"excerpt":{"rendered":"<p>Tal vez una de las acciones espont\u00e1neas m\u00e1s simb\u00f3licas y a la vez bonitas e impactantes durante la revuelta de diciembre de 2008 en Grecia fue cuando, en Atenas, un grupo de encapuchades (la plaza del Parlamento griego), como una &hellip; <a href=\"https:\/\/vozcomoarma.noblogs.org\/?p=23876\">Sigue leyendo <span class=\"meta-nav\">&rarr;<\/span><\/a><\/p>\n","protected":false},"author":7045,"featured_media":0,"comment_status":"closed","ping_status":"open","sticky":false,"template":"","format":"standard","meta":{"footnotes":""},"categories":[58,61,9],"tags":[36,62,21,15,16,26,76,42,34,19,10,11,71],"class_list":["post-23876","post","type-post","status-publish","format-standard","hentry","category-acciones","category-noticias","category-noticias-y-comunicados","tag-ataque-fascista","tag-desalojo","tag-disturbios","tag-grecia","tag-guerra-social","tag-insurreccionalismo","tag-migrantes","tag-movimientos-sociales","tag-racismo","tag-represion","tag-sabotaje","tag-solidaridad","tag-tortura"],"_links":{"self":[{"href":"https:\/\/vozcomoarma.noblogs.org\/index.php?rest_route=\/wp\/v2\/posts\/23876","targetHints":{"allow":["GET"]}}],"collection":[{"href":"https:\/\/vozcomoarma.noblogs.org\/index.php?rest_route=\/wp\/v2\/posts"}],"about":[{"href":"https:\/\/vozcomoarma.noblogs.org\/index.php?rest_route=\/wp\/v2\/types\/post"}],"author":[{"embeddable":true,"href":"https:\/\/vozcomoarma.noblogs.org\/index.php?rest_route=\/wp\/v2\/users\/7045"}],"replies":[{"embeddable":true,"href":"https:\/\/vozcomoarma.noblogs.org\/index.php?rest_route=%2Fwp%2Fv2%2Fcomments&post=23876"}],"version-history":[{"count":9,"href":"https:\/\/vozcomoarma.noblogs.org\/index.php?rest_route=\/wp\/v2\/posts\/23876\/revisions"}],"predecessor-version":[{"id":23975,"href":"https:\/\/vozcomoarma.noblogs.org\/index.php?rest_route=\/wp\/v2\/posts\/23876\/revisions\/23975"}],"wp:attachment":[{"href":"https:\/\/vozcomoarma.noblogs.org\/index.php?rest_route=%2Fwp%2Fv2%2Fmedia&parent=23876"}],"wp:term":[{"taxonomy":"category","embeddable":true,"href":"https:\/\/vozcomoarma.noblogs.org\/index.php?rest_route=%2Fwp%2Fv2%2Fcategories&post=23876"},{"taxonomy":"post_tag","embeddable":true,"href":"https:\/\/vozcomoarma.noblogs.org\/index.php?rest_route=%2Fwp%2Fv2%2Ftags&post=23876"}],"curies":[{"name":"wp","href":"https:\/\/api.w.org\/{rel}","templated":true}]}}