{"id":24021,"date":"2019-12-28T20:55:24","date_gmt":"2019-12-28T19:55:24","guid":{"rendered":"https:\/\/vozcomoarma.noblogs.org\/?p=24021"},"modified":"2019-12-28T21:02:31","modified_gmt":"2019-12-28T20:02:31","slug":"grecia-anarquistas-reivindican-varios-ataques-recientes","status":"publish","type":"post","link":"https:\/\/vozcomoarma.noblogs.org\/?p=24021","title":{"rendered":"Grecia &#8211; Anarquistas reivindican varios ataques recientes"},"content":{"rendered":"<p align=\"justify\">Difundimos a continuaci\u00f3n dos comunicados donde grupos anarquistas en Grecia reivindican distintos actos de sabotaje ocurridos recientemente, en respuesta a la ofensiva represiva lanzada por el gobierno conservador de Nea Dimokratia. El primero fue extraido de Anarquia.info que se adelantaron en la traducci\u00f3n mientras que el segundo lo hemos traducido nosotres tras recogerlo de <strong><a href=\"https:\/\/actforfree.nostate.net\">Act For Freedom Now!<\/a><\/strong><\/p>\n<p align=\"justify\">&#8212;&#8212;&#8212;&#8212;&#8212;&#8212;&#8212;&#8212;&#8212;&#8212;&#8212;&#8212;&#8211;<\/p>\n<p align=\"justify\"><a href=\"https:\/\/anarquia.info\/grecia-el-estado-y-capital-los-unicos-terroristas-reivindicacion-de-ataque-incendiario-contra-cajero-automatico\/\"><strong>Incendiado un cajero autom\u00e1tico de Banco Nacional en Tesal\u00f3nica<\/strong><\/a><\/p>\n<p align=\"justify\"><em>El totalitarismo tiene muchas facetas. El derrocamiento de la resistencia y la canci\u00f3n de cuna cinem\u00e1tica que prevaleci\u00f3 durante el gobierno de Syriza, con la cara benevolente, no importa cu\u00e1nto allan\u00f3 el camino para el derrocamiento completo del r\u00e9gimen neoliberal, no puede borrar esta \u00fanica voz de duda. Su mundo podrido. Todos los d\u00edas, el Estado y sus secuaces hacen un gran esfuerzo para crear un clima de terrorismo a trav\u00e9s de trucos de comunicaci\u00f3n y de nuevos cuestionamientos contra cualquier campo de combate liberado y contra los militantes que los defienden. Pero no han entendido nada.<\/em><\/p>\n<p align=\"justify\"><em>A medida que vemos el asco propagado por los medios de comunicaci\u00f3n, las amenazas de los ultim\u00e1tums, la violencia injustificada de los s\u00e1dicos pretorianos en el estrecho de los Exarchates \u2013 Koukaki \u2013 Amarousio y m\u00e1s, la miseria de lxs expatriadxs. Nos reunimos, organizamos, fortalecemos y respondemos de diversas maneras en el camino de la lucha. Los d\u00edas de la sublevaci\u00f3n del 17 de noviembre y el 6 de diciembre pueden no haber sido d\u00edas de fuerte confrontaci\u00f3n con los polic\u00edas, pero es indicativo del poder y la masa que ten\u00edan, en muchas ciudades de todo el pa\u00eds, y el mensaje que transmitieron sobre el terrorismo de Estado. Ir m\u00e1s all\u00e1 de nuestros l\u00edmites, resistir el ataque del Estado y el capital, darse cuenta de la necesidad de organizar y crear proyectos m\u00e1s grandes que realmente golpeen las l\u00edneas enemigas.<\/em><\/p>\n<p align=\"justify\"><em>Con motivo de lo anterior, en la ma\u00f1ana del viernes 20\/12, llevamos a cabo un ataque incendiario contra un cajero autom\u00e1tico del Banco Nacional ubicado en la calle Leontos Sofou 11, en el centro de Sal\u00f3nica.<\/em><\/p>\n<p align=\"justify\"><em>Con este movimiento pronosticamos, y de nuestra parte, que el primer Ministro, no importa c\u00f3mo ataque marchas, apunte y torture a lxs combatientes, haremos todo lo que est\u00e9 a nuestro alcance para hacer de la noche, d\u00eda. Nos quedaremos dirigi\u00e9ndonos a la batalla final \u2026<\/em><\/p>\n<p align=\"justify\"><em><strong>ATACAR AL ENGRANAJE ESTATAL Y LA \u00c9LITE ECON\u00d3MICA.<br \/>\nTODO NOS PERTENECE PORQUE TODO ES ROBADO.<br \/>\nSOLIDARIDAD CON LXS OKUPAS.<br \/>\nFUERZA CON EL COMPA\u00d1ERO KOSTAS SAKKAS EN HUELGA DE HAMBRE DESDE EL 16\/12*.<br \/>\nCUMPLAN INMEDIATAMENTE TODAS SUS EXIGENCIAS<br \/>\nPOR LA ANARQU\u00cdA.<\/strong><\/em><\/p>\n<p align=\"justify\"><strong><em>ANARQUISTAS<\/em><\/strong><\/p>\n<p align=\"justify\">&#8212;&#8212;&#8212;&#8212;&#8212;&#8212;&#8212;&#8212;&#8212;&#8212;&#8212;&#8212;&#8211;<\/p>\n<p align=\"justify\"><a href=\"https:\/\/actforfree.nostate.net\/?p=36002\"><strong>Grupos por la Difusi\u00f3n del Desorden reivindica varios ataques incendiarios en Atenas<\/strong><\/a><\/p>\n<p align=\"justify\"><em>Nuestras vidas est\u00e1n inundadas con los ultim\u00e1tum y las \u00f3rdenes del Estado, el Capital y la civilizaci\u00f3n.<\/em><\/p>\n<p align=\"justify\"><em><span lang=\"es-ES\">En las guaridas de trabajo esclavo donde tenemos que vender nuestra fuerza laboral para sobrevivir, los ultim\u00e1tum de los patrones son la voz del desarrollo capitalista a cualquier precio. La voz del embate neoliberal, la voz de las intenciones asesinas de los jefes, que torturan nuestros cuerpos con horarios de trabajo intensificados, la abolici\u00f3n del domingo como d\u00eda libre, el trabajo sin seguro, sin medidas de seguridad, los despidos y el chantaje. <\/span><\/em><\/p>\n<p align=\"justify\"><em>En nuestras escuelas y colegios, las \u00f3rdenes del Estado y el Capital son las voces que disciplinan la barbarie de nuestros tiempos, cont\u00e1ndonos la traicionera historia de sumisi\u00f3n a los poderosos, son las voces del nacionalismo y la intolerancia, el borrado de nuestra memoria de cada momento de la guerra social. Su meta es crear una nueva generaci\u00f3n de esclaves disciplinades, siempre ansioses por entrar en la l\u00ednea capitalista de producci\u00f3n sin ser conscientes de su rol en ella.<\/em><\/p>\n<p align=\"justify\"><em>Sin rastro del conocimiento esencial de la historia de luchas y levantamientos contra los Estados y su poder. Habiendo aceptado su coexistencia pac\u00edfica con aquelles responsables de su pobreza, inanici\u00f3n, guerras. Habiendo aceptado que la lucha es in\u00fatil y que el capitalismo es el vencedor de la historia. En los barrios donde vivimos y luchamos, se llamen Exarchia o no, los ultim\u00e1tum del Estado nos encuentran en anfiteatros y okupas, manifestaciones y encuentros de conspiraci\u00f3n. Sus ultim\u00e1tum hablan el lenguaje del totalitarismo moderno, de la represi\u00f3n policial, de la propaganda estatal organizada y coordinada a trav\u00e9s de los medios de comunicaci\u00f3n, de su normalidad que est\u00e1 llena de violencia para cualquiera que no encaje en ella.<\/em><\/p>\n<p align=\"justify\"><em>Sus ultim\u00e1tum son el otro lado del terrorismo de Estado. Son las porras de la polic\u00eda que aplastan cabezas en Exarchia, son las im\u00e1genes de refugiades rodeades de maderos entrando a los autobuses para ser enviades al infierno de los campos de concentraci\u00f3n, son los comentarios sexistas y las amenazas de violencia sexual de los polic\u00edas antidisturbios contra cualquier mujer a la que no les gusten, son las docenas de invasiones contra okupas y centros de lucha, es la ocupaci\u00f3n militar de un barrio entero por la escoria can\u00edbal de la polic\u00eda, es la vigilancia policial contra compa\u00f1eres con micros y c\u00e1maras ocultas, es el secuestro de compa\u00f1eres en sus hogares, la campa\u00f1a antiterrorista del Estado es un ingrediente esencial para la imposici\u00f3n de la doctrina de la ley y el orden.<\/em><\/p>\n<p align=\"justify\"><em>Estas y muchas m\u00e1s son algunas piezas que indican la estrategia pol\u00edtica central del Estado de conducir una guerra totalitaria contra el movimiento anarquista dirigida a exterminarlo antes de que cualquier agitaci\u00f3n social emerja en la calle. Las autoridades saben que el movimiento anarquista tiene el potencial de actuar como un detonador en luchas sociales. Ven que las llamas de la rebeli\u00f3n se est\u00e1n extendiendo a cada esquina del mundo. Que las desigualdades sociales y de clase que son esencialmente las locomotoras del capitalismo se est\u00e1n convirtiendo en una soga alrededor de su cuello.<\/em><\/p>\n<p align=\"justify\"><em>Ahora es una asunci\u00f3n com\u00fan que estamos en una coyuntura hist\u00f3rica cr\u00edtica. Las personas que residen dentro de los centros de poder pol\u00edtico y econ\u00f3mico saben esto bien. Es parte de sus debates durante sus reuniones en conferencias y organizaciones internacionales. Bajo varios t\u00edtulos, pol\u00edticos, economistas, analistas, constantemente buscando encontrar maneras de estabilizar un sistema pol\u00edtico y econ\u00f3mico hundido en una crisis expansiva.<\/em><\/p>\n<p align=\"justify\"><em>Por este motivo, la totalidad del ataque al movimiento anarquista debe ser vista como una batalla por la supervivencia pol\u00edtica, como una dura lucha por el establecimiento de nuestra existencia. Como una guerra de liberaci\u00f3n con perspectiva revolucionaria.<\/em><\/p>\n<p align=\"justify\"><em><span lang=\"es-ES\">Definir estrategias y t\u00e1cticas con denominador b\u00e1sico de organizaci\u00f3n y lucha en todos los \u00e1mbitos sociales y pol\u00edticos.<\/span><\/em><\/p>\n<p align=\"justify\"><em><span lang=\"es-ES\">Entender la historia del movimiento al que pertenecemos, las luchas que han vivido a lo largo de los a\u00f1os, la sangre que docenas de compa\u00f1eres en la lucha han derramado por la lib<\/span><span lang=\"es-ES\">eraci\u00f3n individual y colectiva.<\/span><\/em><\/p>\n<p align=\"justify\"><em>La comprensi\u00f3n que nos arma con la resoluci\u00f3n para no ser agentes de la derrota, la resignaci\u00f3n, la negociaci\u00f3n, sino aquelles que alcen los estandartes de la resistencia y la rebeli\u00f3n, los estandartes de la guerra social violenta dentro de las metr\u00f3polis.<\/em><\/p>\n<p align=\"justify\"><strong><em>Los ultim\u00e1tum han regresado\u2026<\/em><\/strong><\/p>\n<p align=\"justify\"><em>Tambi\u00e9n estamos celebrando el regreso a la normalidad. Vivimos en un pa\u00eds normal ahora y colocamos nuestros mecanismos con normalidad. Le agradecemos c\u00e1lidamente al Ministro de Seguridad M. X. por su contribuci\u00f3n a expandir nuestra lucha. La verdad es que sus declaraciones son m\u00e1s incendiarias que nuestros fuegos. M\u00e1s all\u00e1 de la ridiculez de todo esto, cuando nuestro adversario es un oportunista tan sucio que empez\u00f3 como \u201csocialista\u201d para terminar siendo el s\u00edmbolo ministerial de la opresi\u00f3n estatal derechista, cada palabra y acci\u00f3n suya contra nosotres nos da otra ventaja.<\/em><\/p>\n<p align=\"justify\"><strong><em>Como primera respuesta al ultim\u00e1tum de Chrysochoidi tomamos responsabilidad por los siguientes ataques incendiarios:<\/em><\/strong><\/p>\n<p align=\"justify\"><em>1. En el puerto de Alimos Marina colocando artefactos incendiarios en los puntos de atraque de los yates de lujo, atacamos simb\u00f3licamente el bienestar privilegiado de la \u00e9lite financiera. Durante el ataque se tomaron todas las precauciones para no poner a ninguna persona en peligro. Con esta acci\u00f3n, quer\u00edamos expresar nuestra rabia contra aquelles que viven y se divierten en su microcosmos gracias a la explotaci\u00f3n de aquelles exclu\u00eddes por definici\u00f3n del lujo que elles disfrutan. No se preocupan de la carga desproporcionada que causan al mundo natural como tampoco se preocupan de la opresi\u00f3n causada por el sistema de clases que les favorece. Su riqueza est\u00e1 manchada de sangre y merece perderse en las llamas de la insurrecci\u00f3n.<\/em><\/p>\n<p align=\"justify\"><em>2. En un veh\u00edculo de una empresa de seguridad en Peristeri, ya que los guardias de seguridad son un adelanto de la polic\u00eda privada del futuro neoliberal.<\/em><\/p>\n<p align=\"justify\"><em>3. En la cafeter\u00eda y pasteler\u00eda del director de la oficina de prensa de Nea Dimokratia, los ejecutivos y miembros de Nea Dimokratia necesitan saber que la violencia estatal que est\u00e1n causando con sus pol\u00edticas ser\u00e1 devuelta.<\/em><\/p>\n<p align=\"justify\"><em>4. En la casa del nuevo periodista policial Theodosis Panos, quienquiera que constituya la voz de la represi\u00f3n y difunda la propaganda estatal est\u00e1 expuesto y sus hogares son bien conocidos.<\/em><\/p>\n<p align=\"justify\"><strong><em>Solidaridad con las presas pol\u00edticas<br \/>\n<\/em><em>Solidaridad con las okupas y centros de lucha bajo ataques represivos<br \/>\n<\/em><em>Solidaridad con el huelguista de hambre Kostas Sakk\u00e1s<br \/>\n<\/em><em>La anarqu\u00eda vivir\u00e1<\/em><\/strong><\/p>\n<p align=\"justify\"><strong><em>Grupos por la Difusi\u00f3n del Desorden<\/em><\/strong><\/p>\n<p align=\"justify\">&#8212;<\/p>\n<p align=\"justify\">* <strong>Nota de La Rebeli\u00f3n de las Palabras:<\/strong> En ambos comunicados se hace referencia a la solidaridad con la huelga de hambre de Kostas Sakk\u00e1s. Aclaramos que el preso anarquista Kostas Sakk\u00e1s <strong><a href=\"https:\/\/vozcomoarma.noblogs.org\/?p=24000\">detuvo su huelga de hambre el pasado 23 de diciembre<\/a><\/strong>, tras una semana sin comer, al haber conseguido, al menos aparentemente, el traslado a la prisi\u00f3n de Korydallos (Atenas) desde la c\u00e1rcel de Nigrita donde se encontraba dispersado, y la satisfacci\u00f3n de otras demandas.<\/p>\n<p align=\"justify\"><img loading=\"lazy\" decoding=\"async\" class=\"aligncenter wp-image-24026 size-full\" src=\"https:\/\/vozcomoarma.noblogs.org\/files\/2019\/12\/hagamos-nuestra-la-ciudad.jpg\" alt=\"\" width=\"415\" height=\"242\" srcset=\"https:\/\/vozcomoarma.noblogs.org\/files\/2019\/12\/hagamos-nuestra-la-ciudad.jpg 415w, https:\/\/vozcomoarma.noblogs.org\/files\/2019\/12\/hagamos-nuestra-la-ciudad-300x175.jpg 300w\" sizes=\"auto, (max-width: 415px) 100vw, 415px\" \/><\/p>\n","protected":false},"excerpt":{"rendered":"<p>Difundimos a continuaci\u00f3n dos comunicados donde grupos anarquistas en Grecia reivindican distintos actos de sabotaje ocurridos recientemente, en respuesta a la ofensiva represiva lanzada por el gobierno conservador de Nea Dimokratia. El primero fue extraido de Anarquia.info que se adelantaron &hellip; <a href=\"https:\/\/vozcomoarma.noblogs.org\/?p=24021\">Sigue leyendo <span class=\"meta-nav\">&rarr;<\/span><\/a><\/p>\n","protected":false},"author":7045,"featured_media":0,"comment_status":"closed","ping_status":"open","sticky":false,"template":"","format":"standard","meta":{"footnotes":""},"categories":[58,72,61,9,7],"tags":[62,15,16,26,42,34,24,19,10,11],"class_list":["post-24021","post","type-post","status-publish","format-standard","hentry","category-acciones","category-kostas-sakkas","category-noticias","category-noticias-y-comunicados","category-presxs","tag-desalojo","tag-grecia","tag-guerra-social","tag-insurreccionalismo","tag-movimientos-sociales","tag-racismo","tag-reflexion","tag-represion","tag-sabotaje","tag-solidaridad"],"_links":{"self":[{"href":"https:\/\/vozcomoarma.noblogs.org\/index.php?rest_route=\/wp\/v2\/posts\/24021","targetHints":{"allow":["GET"]}}],"collection":[{"href":"https:\/\/vozcomoarma.noblogs.org\/index.php?rest_route=\/wp\/v2\/posts"}],"about":[{"href":"https:\/\/vozcomoarma.noblogs.org\/index.php?rest_route=\/wp\/v2\/types\/post"}],"author":[{"embeddable":true,"href":"https:\/\/vozcomoarma.noblogs.org\/index.php?rest_route=\/wp\/v2\/users\/7045"}],"replies":[{"embeddable":true,"href":"https:\/\/vozcomoarma.noblogs.org\/index.php?rest_route=%2Fwp%2Fv2%2Fcomments&post=24021"}],"version-history":[{"count":4,"href":"https:\/\/vozcomoarma.noblogs.org\/index.php?rest_route=\/wp\/v2\/posts\/24021\/revisions"}],"predecessor-version":[{"id":24027,"href":"https:\/\/vozcomoarma.noblogs.org\/index.php?rest_route=\/wp\/v2\/posts\/24021\/revisions\/24027"}],"wp:attachment":[{"href":"https:\/\/vozcomoarma.noblogs.org\/index.php?rest_route=%2Fwp%2Fv2%2Fmedia&parent=24021"}],"wp:term":[{"taxonomy":"category","embeddable":true,"href":"https:\/\/vozcomoarma.noblogs.org\/index.php?rest_route=%2Fwp%2Fv2%2Fcategories&post=24021"},{"taxonomy":"post_tag","embeddable":true,"href":"https:\/\/vozcomoarma.noblogs.org\/index.php?rest_route=%2Fwp%2Fv2%2Ftags&post=24021"}],"curies":[{"name":"wp","href":"https:\/\/api.w.org\/{rel}","templated":true}]}}