{"id":2405,"date":"2014-01-10T00:32:30","date_gmt":"2014-01-09T23:32:30","guid":{"rendered":"http:\/\/vozcomoarma.noblogs.org\/?p=2405"},"modified":"2014-01-10T00:35:33","modified_gmt":"2014-01-09T23:35:33","slug":"comunicado-del-csoa-la-gatonera-madrid-sobre-la-amenaza-por-el-concierto-del-pasado-sabado","status":"publish","type":"post","link":"https:\/\/vozcomoarma.noblogs.org\/?p=2405","title":{"rendered":"Comunicado del CSOA La Gatonera (Madrid) sobre la amenaza por el concierto del pasado s\u00e1bado."},"content":{"rendered":"<p style=\"text-align: justify\">El pasado s\u00e1bado se public\u00f3 en este blog la <a href=\"https:\/\/vozcomoarma.noblogs.org\/?p=2363\">noticia<\/a> de la amenaza de desalojo que se dirigi\u00f3 contra el Centro Social Okupado y Autogestionado La Gatonera, en Madrid, despu\u00e9s de que este decidiese realizar un concierto solidario. Finalmente, una vez m\u00e1s, el farol de los maderos no logr\u00f3 amedrentar a lxs compa\u00f1erxs, que realizaron el concierto a pesar de la presencia de los munipas que rondaron la okupa en su pase\u00edto amenazante pero sin poder entrar.<\/p>\n<p style=\"text-align: justify\">Seg\u00fan inform\u00f3 a este blog una persona af\u00edn, finalmente la orden no habr\u00eda sido de desalojo como se dijo en un primer momento, sino de sanci\u00f3n penal por fiesta ilegal. De todos modos, esto no ha sido confirmado aun por el personal del CSOA. En cualquier caso, la okupa sigue funcionando, si bien se han tomado precauciones para los d\u00edas siguientes por si acaso a la poli le da la rabieta en plan \u00abahora me enfado y no respiro\u00bb y deciden desalojar sin avisar o sin orden, como suelen hacer.<\/p>\n<p style=\"text-align: justify\">En cuanto a vuestra triste, rastrera y desesperada estrategia, s\u00f3lo recordaros que pod\u00e9is aumentar la presi\u00f3n tanto como quer\u00e1is, pero as\u00ed s\u00f3lo acelerar\u00e9is la llegada del infarto&#8230;<\/p>\n<p style=\"text-align: justify\">En cualquier caso, todo mi apoyo a lxs compas de la Gatonera, a quienes agradezco que nos cedieran su espacio para el evento de Contrainfo de este s\u00e1bado (<a href=\"https:\/\/vozcomoarma.noblogs.org\/?p=2347\">aqu\u00ed<\/a> m\u00e1s informaci\u00f3n), y os dejo con el comunicado que emitieron tras una nueva falsa alarma.<\/p>\n<p style=\"text-align: justify\">Comunicado tomado del blog de la okupa, <a href=\"https:\/\/csolagatonera.wordpress.com\/2014\/01\/08\/sobre-la-amenaza-contra-el-concierto-del-pasado-domingo\/#more-907\">aqu\u00ed<\/a>.<\/p>\n<p style=\"text-align: justify\">&#8212;&#8212;&#8212;&#8212;&#8212;&#8212;&#8212;<\/p>\n<p align=\"JUSTIFY\"><em>Ante todo y lo primero, queremos agradecer el apoyo mostrado a todxs lxs que se solidarizaron con La Gatonera el pasado Domingo. Tras el aviso de prohibici\u00f3n del concierto por la Junta de Gobierno de Madrid, lxs munipas aparecieron varias veces a lo cual se encontraron con las puertas cerradas, sin intento alguno de desalojo.<\/em><\/p>\n<p align=\"JUSTIFY\"><em>Sin embargo, queremos comentar ciertas cosas sobre esta nueva estrategia de represi\u00f3n que se est\u00e1 llevando a cabo, y que sabemos que est\u00e1n sufriendo otros centros sociales de Madrid desde el incidente en el Madrid Arena.<\/em><\/p>\n<p align=\"JUSTIFY\"><em>En la carta que recibimos, se nos dec\u00eda que el edificio no estaba amparado por la licencia correspondiente, y que era incompatible con el uso de espect\u00e1culos p\u00fablicos sin la adopci\u00f3n de las medidas de seguridad correspondientes.<\/em><\/p>\n<p align=\"JUSTIFY\"><em>Hasta ahora en los diferentes centros sociales, se han intentado prohibir exclusivamente conciertos y no todos los otros eventos, lo cual muestra la hipocres\u00eda de las instituciones del Estado, que atacan aquellos eventos destinados a la autogesti\u00f3n de los centros y de otros proyectos pol\u00edticos bajo pretexto de \u201cnuestra seguridad\u201d, como as\u00ed tienen el descaro de manifestar en su carta.<\/em><\/p>\n<p align=\"JUSTIFY\"><em>Pero lo que m\u00e1s nos inquieta, es que la carta nos acepta como ente o \u201cedificio del movimiento okupa\u201d (literal), nos acepta como espacio de eventos, s\u00f3lo que no tenemos la licencia correspondiente.<\/em><\/p>\n<p align=\"JUSTIFY\"><em>Somos conscientes de que la sana heterogeneidad de los espacios combativos en Madrid ha sido y est\u00e1 siendo rapi\u00f1eada por elementos del Estado con el objetivo de utilizar el descontento social para provecho de sus propios intereses partidistas, d\u00e1ndose casos en los que se llega a negociar con el gobierno, quedando as\u00ed acciones que, aunque por naturaleza van en contra del Estado, terminan siendo absorbidas por el mismo. Lo que queremos por tanto, es alertar de lo que esta nueva estrategia puede suponer, que es el cl\u00e1sico recuperacionismo o absorci\u00f3n de las luchas por parte de lo que siempre fue el enemigo, haciendo que vayamos aceptando poco a poco y no de golpe, para finalmente existir como un elemento m\u00e1s del Estado que ofrezca un servicio m\u00e1s a la comunidad. Berl\u00edn es el mejor ejemplo del da\u00f1o que puede llegar a hacer esta estrategia contra los movimientos sociales.<\/em><\/p>\n<p align=\"JUSTIFY\"><em>El Estado hoy d\u00eda es el defensor de la propiedad privada, y la okupaci\u00f3n, como acci\u00f3n contra la propiedad privada, es una acci\u00f3n contra el Estado. Es una acci\u00f3n que no quiere aceptar ni ser aceptada por el Estado, y en el caso de nuestro centro social, destinamos el espacio a todo lo que proponga, construya o apoye iniciativas que nos ayuden a autogestionarnos frente a \u00e9l o a luchar contra \u00e9l. Por ello rechazamos encajar en sus normas y licencias, rechazamos la legalidad y abrazamos la ilegalidad, y si por seguridad fuere, s\u00f3lo aceptaremos lo que nosotrxs junto a lxs vecinxs y compa\u00f1erxs que se nos unan, decidamos por asamblea, y no lo que nos imponga la misma gente contra la que estamos luchando.<\/em><\/p>\n<p align=\"JUSTIFY\"><em>Nos parece un acto miserable por parte del Gobierno, siendo el objetivo el de inculcar miedos e inseguridades a los centros sociales por eventos concretos, con amenazas destinadas a dividirnos para ver qu\u00e9 centro social se achanta m\u00e1s o menos, etc. Ante esto respondemos que LA AMENAZA SOMOS NOSOTRXS, que estamos preparadxs para desalojos todos los d\u00edas porque la okupaci\u00f3n en s\u00ed es una amenaza diaria contra ellxs. Su intento de definir nuestros eventos como espect\u00e1culos p\u00fablicos resulta pat\u00e9tico, siempre seremos nosotrxs lxs que nos definiremos como queramos y s\u00f3lo si queremos hacerlo.<\/em><\/p>\n<p align=\"JUSTIFY\"><em>Nuestro espacio no es p\u00fablico ya que no es de p\u00fablica concurrencia: fascistas y polic\u00eda no son bienvenidxs. Nuestro espacio no es privado, sino que lo hemos liberado de la propiedad privada. Ni siquiera estamos segurxs de poder decir que es nuestro. Nos alegramos de no encajar en ninguna de sus definiciones y seguiremos trabajando en la creaci\u00f3n de conceptos que pongan en peligro la credibilidad de esta hipnosis colectiva llamada Estado.<\/em><\/p>\n<p align=\"JUSTIFY\"><em>Desde aqu\u00ed felicitamos a todos los centros sociales que hayan recibido la carta, ya que eso supone que molest\u00e1is al Estado, y eso es lo M\u00cdNIMO a lo que deber\u00edamos aspirar. Ahora, s\u00f3lo falta seguir con la lucha conjunta diaria para conseguir su destrucci\u00f3n.<\/em><\/p>\n<p align=\"JUSTIFY\"><em>Seguiremos resistiendo.<\/em><\/p>\n<p align=\"JUSTIFY\"><em>CSOA La Gatonera<\/em><\/p>\n","protected":false},"excerpt":{"rendered":"<p>El pasado s\u00e1bado se public\u00f3 en este blog la noticia de la amenaza de desalojo que se dirigi\u00f3 contra el Centro Social Okupado y Autogestionado La Gatonera, en Madrid, despu\u00e9s de que este decidiese realizar un concierto solidario. Finalmente, una &hellip; <a href=\"https:\/\/vozcomoarma.noblogs.org\/?p=2405\">Sigue leyendo <span class=\"meta-nav\">&rarr;<\/span><\/a><\/p>\n","protected":false},"author":7045,"featured_media":0,"comment_status":"closed","ping_status":"open","sticky":false,"template":"","format":"standard","meta":{"footnotes":""},"categories":[61,9],"tags":[16,67,42,37,24,19,11],"class_list":["post-2405","post","type-post","status-publish","format-standard","hentry","category-noticias","category-noticias-y-comunicados","tag-guerra-social","tag-madrid","tag-movimientos-sociales","tag-okupacion","tag-reflexion","tag-represion","tag-solidaridad"],"_links":{"self":[{"href":"https:\/\/vozcomoarma.noblogs.org\/index.php?rest_route=\/wp\/v2\/posts\/2405","targetHints":{"allow":["GET"]}}],"collection":[{"href":"https:\/\/vozcomoarma.noblogs.org\/index.php?rest_route=\/wp\/v2\/posts"}],"about":[{"href":"https:\/\/vozcomoarma.noblogs.org\/index.php?rest_route=\/wp\/v2\/types\/post"}],"author":[{"embeddable":true,"href":"https:\/\/vozcomoarma.noblogs.org\/index.php?rest_route=\/wp\/v2\/users\/7045"}],"replies":[{"embeddable":true,"href":"https:\/\/vozcomoarma.noblogs.org\/index.php?rest_route=%2Fwp%2Fv2%2Fcomments&post=2405"}],"version-history":[{"count":3,"href":"https:\/\/vozcomoarma.noblogs.org\/index.php?rest_route=\/wp\/v2\/posts\/2405\/revisions"}],"predecessor-version":[{"id":2409,"href":"https:\/\/vozcomoarma.noblogs.org\/index.php?rest_route=\/wp\/v2\/posts\/2405\/revisions\/2409"}],"wp:attachment":[{"href":"https:\/\/vozcomoarma.noblogs.org\/index.php?rest_route=%2Fwp%2Fv2%2Fmedia&parent=2405"}],"wp:term":[{"taxonomy":"category","embeddable":true,"href":"https:\/\/vozcomoarma.noblogs.org\/index.php?rest_route=%2Fwp%2Fv2%2Fcategories&post=2405"},{"taxonomy":"post_tag","embeddable":true,"href":"https:\/\/vozcomoarma.noblogs.org\/index.php?rest_route=%2Fwp%2Fv2%2Ftags&post=2405"}],"curies":[{"name":"wp","href":"https:\/\/api.w.org\/{rel}","templated":true}]}}