{"id":24067,"date":"2019-12-31T05:18:23","date_gmt":"2019-12-31T04:18:23","guid":{"rendered":"https:\/\/vozcomoarma.noblogs.org\/?p=24067"},"modified":"2019-12-31T05:18:57","modified_gmt":"2019-12-31T04:18:57","slug":"italia-cerdena-incendiado-el-vehiculo-personal-de-un-jefe-de-carabinieri","status":"publish","type":"post","link":"https:\/\/vozcomoarma.noblogs.org\/?p=24067","title":{"rendered":"Italia\/Cerde\u00f1a &#8211; Incendiado el veh\u00edculo personal de un jefe de Carabinieri"},"content":{"rendered":"<p align=\"justify\">Recibimos hoy (pese a que la acci\u00f3n fue realizada a mediados del mes pasado) y compartimos a continuaci\u00f3n, tras traducir a castellano, una nota informativa sobre el ataque incendiario sufrido por el veh\u00edculo personal de Marcello Cangelosi, jefe del cuerpo de Carabinieri, en Tortol\u00ec (Cerde\u00f1a, territorio controlado por el Estado italiano), en la noche del 17 de noviembre.<\/p>\n<p align=\"justify\">&#8212;&#8212;&#8212;&#8212;&#8212;&#8212;&#8212;&#8212;&#8212;&#8212;&#8212;&#8212;&#8212;&#8212;&#8212;&#8212;&#8212;<\/p>\n<p align=\"justify\"><em><i><strong>Tortoli, 17 de noviembre.<\/strong> Ataque incendiario al coche del jefe de Carabinieri Marcello Cangelosi en Tortol\u00ec llevado a cabo por personas desconocidas durante la noche. El coche, un Alfa 159, fue incendiado justo enfrente del cuartel, cerca del hogar del militar. <\/i><\/em><span lang=\"es-ES\"><i>Los colegas del mariscal y la Brigada de Bomberos intervinieron en el acto, pero no pudieron hacer nada para salvar el <\/i><\/span><span lang=\"es-ES\"><i>coche<\/i><\/span><span lang=\"es-ES\"><i>.<\/i><\/span><\/p>\n<p align=\"justify\"><img loading=\"lazy\" decoding=\"async\" class=\"aligncenter wp-image-24070 size-full\" src=\"https:\/\/vozcomoarma.noblogs.org\/files\/2019\/12\/d316c045e5e5d9c893582dfd6be37b6b.jpg\" alt=\"\" width=\"457\" height=\"343\" srcset=\"https:\/\/vozcomoarma.noblogs.org\/files\/2019\/12\/d316c045e5e5d9c893582dfd6be37b6b.jpg 457w, https:\/\/vozcomoarma.noblogs.org\/files\/2019\/12\/d316c045e5e5d9c893582dfd6be37b6b-300x225.jpg 300w\" sizes=\"auto, (max-width: 457px) 100vw, 457px\" \/><\/p>\n","protected":false},"excerpt":{"rendered":"<p>Recibimos hoy (pese a que la acci\u00f3n fue realizada a mediados del mes pasado) y compartimos a continuaci\u00f3n, tras traducir a castellano, una nota informativa sobre el ataque incendiario sufrido por el veh\u00edculo personal de Marcello Cangelosi, jefe del cuerpo &hellip; <a href=\"https:\/\/vozcomoarma.noblogs.org\/?p=24067\">Sigue leyendo <span class=\"meta-nav\">&rarr;<\/span><\/a><\/p>\n","protected":false},"author":7045,"featured_media":0,"comment_status":"closed","ping_status":"open","sticky":false,"template":"","format":"standard","meta":{"footnotes":""},"categories":[58,61,9],"tags":[414,16,26,38,19,10],"class_list":["post-24067","post","type-post","status-publish","format-standard","hentry","category-acciones","category-noticias","category-noticias-y-comunicados","tag-cerdena","tag-guerra-social","tag-insurreccionalismo","tag-italia","tag-represion","tag-sabotaje"],"_links":{"self":[{"href":"https:\/\/vozcomoarma.noblogs.org\/index.php?rest_route=\/wp\/v2\/posts\/24067","targetHints":{"allow":["GET"]}}],"collection":[{"href":"https:\/\/vozcomoarma.noblogs.org\/index.php?rest_route=\/wp\/v2\/posts"}],"about":[{"href":"https:\/\/vozcomoarma.noblogs.org\/index.php?rest_route=\/wp\/v2\/types\/post"}],"author":[{"embeddable":true,"href":"https:\/\/vozcomoarma.noblogs.org\/index.php?rest_route=\/wp\/v2\/users\/7045"}],"replies":[{"embeddable":true,"href":"https:\/\/vozcomoarma.noblogs.org\/index.php?rest_route=%2Fwp%2Fv2%2Fcomments&post=24067"}],"version-history":[{"count":1,"href":"https:\/\/vozcomoarma.noblogs.org\/index.php?rest_route=\/wp\/v2\/posts\/24067\/revisions"}],"predecessor-version":[{"id":24075,"href":"https:\/\/vozcomoarma.noblogs.org\/index.php?rest_route=\/wp\/v2\/posts\/24067\/revisions\/24075"}],"wp:attachment":[{"href":"https:\/\/vozcomoarma.noblogs.org\/index.php?rest_route=%2Fwp%2Fv2%2Fmedia&parent=24067"}],"wp:term":[{"taxonomy":"category","embeddable":true,"href":"https:\/\/vozcomoarma.noblogs.org\/index.php?rest_route=%2Fwp%2Fv2%2Fcategories&post=24067"},{"taxonomy":"post_tag","embeddable":true,"href":"https:\/\/vozcomoarma.noblogs.org\/index.php?rest_route=%2Fwp%2Fv2%2Ftags&post=24067"}],"curies":[{"name":"wp","href":"https:\/\/api.w.org\/{rel}","templated":true}]}}