{"id":24126,"date":"2020-01-14T23:25:00","date_gmt":"2020-01-14T22:25:00","guid":{"rendered":"https:\/\/vozcomoarma.noblogs.org\/?p=24126"},"modified":"2020-01-15T17:38:02","modified_gmt":"2020-01-15T16:38:02","slug":"24126","status":"publish","type":"post","link":"https:\/\/vozcomoarma.noblogs.org\/?p=24126","title":{"rendered":"Grecia &#8211; Tras los eventos de Koukaki y el nuevo ataque policial a les solidaries en la corte de Evelpidon (Atenas)"},"content":{"rendered":"<p align=\"JUSTIFY\">Siguen a continuaci\u00f3n algunas actualizaciones informativas en torno a las vistas judiciales de las personas detenidas en Koukaki el 11 de enero (en el contexto de <strong><a href=\"https:\/\/vozcomoarma.noblogs.org\/?p=24123\">la reokupaci\u00f3n de algunos edificios de la Comunidad de Okupas de Koukaki<\/a><\/strong>) y el 12 de enero en los tribunales de Evelpidon (no contamos con informaci\u00f3n de esta represi\u00f3n).<\/p>\n<p align=\"JUSTIFY\">Recogido y traducido desde <strong><a href=\"https:\/\/actforfree.nostate.net\/?p=36162\">Act For Freedom Now!<\/a><\/strong>, que a su vez recogen desde <strong><a href=\"https:\/\/synsquat.blackblogs.org\/en\/\">Synsquat<\/a><\/strong> (blog de la Asamblea Abierta de Okupas, Colectivos, Internacionalistas, Migrantes y Solidaries de Atenas, que os recomendamos visitar para ver m\u00e1s noticias; en griego, franc\u00e9s, ingl\u00e9s, \u00e1rabe y farsi).<\/p>\n<p align=\"JUSTIFY\">&#8212;&#8212;&#8212;&#8212;&#8212;&#8212;&#8212;&#8212;&#8212;&#8212;&#8212;&#8212;&#8212;<\/p>\n<p align=\"JUSTIFY\"><em>Tras los eventos en Koukaki el 11\/1\/20, y los ataques de los maderos el domingo en Evelpidon, todes les arrestades fueron devueltes altribunal hoy. Aunque sus juicios hab\u00edan sido programados para las 11:00 de la ma\u00f1ana (para les arrestades del 12\/1) y a la 13:00 de la tarde (para les arrestades del 11\/1), hubo una espera hasta casi las 19:00 de la tarde en un indignante intento de agotar a les acusades, a sus abogades, y a les casi 150 solidaries que permanecieron incansables en el exterior del edificio hasta casi las 21:00. No hace falta decir que los guardias de la MAT no dejaron de provocar a les compa\u00f1eres durante todo esto. Los cargos, pese a la insistencia del fiscal en lo contrario, son todos peque\u00f1os e incluyen desobediencia, resistencia a la autoridad, y da\u00f1o corporal grave. Les arrestades finalmente vieron sus juicios pospuestos hasta el 22, 23 y 24 de enero, y fueron todes liberades. Les solidaries -que hab\u00edan estado gritando consignas todo este tiempo- les dieron la bienvenida con celebraci\u00f3n y gritos de alegr\u00eda.<\/em><\/p>\n<p align=\"JUSTIFY\"><em>En esta atm\u00f3sfera, y en paralelo a los casos en el tribunal, no <span lang=\"es-ES\">nos sorprendi\u00f3 la calumnia sin precedentes de nuestres compa\u00f1eres, la guerra medi\u00e1tica que les atac\u00f3, y las simples mentiras sobre los eventos que fueron arrojados por la prensa de la izquierda y la derecha, tomadas directamente desde la sede de GADA [Jefatura Policial de Atenas]. La receta habitual estaba completa en los canales con las declaraciones estereotipadas de algunes \u00abresidentes frustrades\u00bb de Koukaki, el lamento de los polic\u00edas sindicalistas sobre los \u00abdeseos asesinos de los anarquistas\u00bb y su equipo destruido, y un mont\u00f3n de la famosa salsa de terror e histeria, dirigida claramente a convencer de que los cargos deben ser \u00abactualizados\u00bb a delitos mayores.<\/span><\/em><\/p>\n<p align=\"JUSTIFY\"><em>Sin embargo, es dif\u00edcil revertir esta atm\u00f3sfera en favor de los polic\u00edas, el Estado y sus esp\u00edas, o blanquear su humillaci\u00f3n. La imagen de docenas de polic\u00edas de la OPKE (formando una \u201ctortuga\u201d al estilo de las legiones romanas) intentando evadir el justo \u201cfuego\u201d de nuestres compa\u00f1eres (que lo que lanzaron fueron ollas de cocina, libros, guitarras, macetas y cualquier cosa que tuviesen a mano) ser\u00e1 dif\u00edcil de borrar de la memoria de cualquiera que tuvo el placer de ver los v\u00eddeos correspondientes.<\/em><\/p>\n<p align=\"JUSTIFY\"><em>La imagen de un pu\u00f1ado de personas libres arruinando un ej\u00e9rcito entero de asesinos machistas armados hasta los dientes a sueldo del Estado solo puede servir para recordarnos que todes juntes podemos alcanzar los cielos.<\/em><\/p>\n<p align=\"JUSTIFY\"><strong><em>\u00a1Nuestros sue\u00f1os ser\u00e1n sus peores pesadillas!<\/em><\/strong><\/p>\n<p align=\"JUSTIFY\"><img loading=\"lazy\" decoding=\"async\" class=\"alignnone size-full wp-image-24127\" src=\"https:\/\/vozcomoarma.noblogs.org\/files\/2020\/01\/3333_252863_188436_type13260-768x474-1.jpg\" alt=\"\" width=\"768\" height=\"474\" srcset=\"https:\/\/vozcomoarma.noblogs.org\/files\/2020\/01\/3333_252863_188436_type13260-768x474-1.jpg 768w, https:\/\/vozcomoarma.noblogs.org\/files\/2020\/01\/3333_252863_188436_type13260-768x474-1-300x185.jpg 300w\" sizes=\"auto, (max-width: 768px) 100vw, 768px\" \/> <img loading=\"lazy\" decoding=\"async\" class=\"alignnone size-large wp-image-24128\" src=\"https:\/\/vozcomoarma.noblogs.org\/files\/2020\/01\/12012020panaitoliou001.jpg\" alt=\"\" width=\"640\" height=\"334\" srcset=\"https:\/\/vozcomoarma.noblogs.org\/files\/2020\/01\/12012020panaitoliou001.jpg 735w, https:\/\/vozcomoarma.noblogs.org\/files\/2020\/01\/12012020panaitoliou001-300x157.jpg 300w\" sizes=\"auto, (max-width: 640px) 100vw, 640px\" \/><\/p>\n<p align=\"JUSTIFY\"><img loading=\"lazy\" decoding=\"async\" class=\"alignnone size-full wp-image-24124\" src=\"https:\/\/vozcomoarma.noblogs.org\/files\/2020\/01\/signal-2020-01-11-154545-1130x580-1-768x394-1.jpg\" alt=\"\" width=\"768\" height=\"394\" srcset=\"https:\/\/vozcomoarma.noblogs.org\/files\/2020\/01\/signal-2020-01-11-154545-1130x580-1-768x394-1.jpg 768w, https:\/\/vozcomoarma.noblogs.org\/files\/2020\/01\/signal-2020-01-11-154545-1130x580-1-768x394-1-300x154.jpg 300w\" sizes=\"auto, (max-width: 768px) 100vw, 768px\" \/> <img loading=\"lazy\" decoding=\"async\" class=\"alignnone size-large wp-image-24129\" src=\"https:\/\/vozcomoarma.noblogs.org\/files\/2020\/01\/main_15bf5-1111_252863_188434_type13262-768x576-1.jpg\" alt=\"\" width=\"640\" height=\"480\" srcset=\"https:\/\/vozcomoarma.noblogs.org\/files\/2020\/01\/main_15bf5-1111_252863_188434_type13262-768x576-1.jpg 768w, https:\/\/vozcomoarma.noblogs.org\/files\/2020\/01\/main_15bf5-1111_252863_188434_type13262-768x576-1-300x225.jpg 300w\" sizes=\"auto, (max-width: 640px) 100vw, 640px\" \/><\/p>\n","protected":false},"excerpt":{"rendered":"<p>Siguen a continuaci\u00f3n algunas actualizaciones informativas en torno a las vistas judiciales de las personas detenidas en Koukaki el 11 de enero (en el contexto de la reokupaci\u00f3n de algunos edificios de la Comunidad de Okupas de Koukaki) y el &hellip; <a href=\"https:\/\/vozcomoarma.noblogs.org\/?p=24126\">Sigue leyendo <span class=\"meta-nav\">&rarr;<\/span><\/a><\/p>\n","protected":false},"author":7045,"featured_media":0,"comment_status":"closed","ping_status":"open","sticky":false,"template":"","format":"standard","meta":{"footnotes":""},"categories":[58,61,9],"tags":[21,15,16,42,19,11],"class_list":["post-24126","post","type-post","status-publish","format-standard","hentry","category-acciones","category-noticias","category-noticias-y-comunicados","tag-disturbios","tag-grecia","tag-guerra-social","tag-movimientos-sociales","tag-represion","tag-solidaridad"],"_links":{"self":[{"href":"https:\/\/vozcomoarma.noblogs.org\/index.php?rest_route=\/wp\/v2\/posts\/24126","targetHints":{"allow":["GET"]}}],"collection":[{"href":"https:\/\/vozcomoarma.noblogs.org\/index.php?rest_route=\/wp\/v2\/posts"}],"about":[{"href":"https:\/\/vozcomoarma.noblogs.org\/index.php?rest_route=\/wp\/v2\/types\/post"}],"author":[{"embeddable":true,"href":"https:\/\/vozcomoarma.noblogs.org\/index.php?rest_route=\/wp\/v2\/users\/7045"}],"replies":[{"embeddable":true,"href":"https:\/\/vozcomoarma.noblogs.org\/index.php?rest_route=%2Fwp%2Fv2%2Fcomments&post=24126"}],"version-history":[{"count":4,"href":"https:\/\/vozcomoarma.noblogs.org\/index.php?rest_route=\/wp\/v2\/posts\/24126\/revisions"}],"predecessor-version":[{"id":24157,"href":"https:\/\/vozcomoarma.noblogs.org\/index.php?rest_route=\/wp\/v2\/posts\/24126\/revisions\/24157"}],"wp:attachment":[{"href":"https:\/\/vozcomoarma.noblogs.org\/index.php?rest_route=%2Fwp%2Fv2%2Fmedia&parent=24126"}],"wp:term":[{"taxonomy":"category","embeddable":true,"href":"https:\/\/vozcomoarma.noblogs.org\/index.php?rest_route=%2Fwp%2Fv2%2Fcategories&post=24126"},{"taxonomy":"post_tag","embeddable":true,"href":"https:\/\/vozcomoarma.noblogs.org\/index.php?rest_route=%2Fwp%2Fv2%2Ftags&post=24126"}],"curies":[{"name":"wp","href":"https:\/\/api.w.org\/{rel}","templated":true}]}}