{"id":24167,"date":"2020-01-19T22:40:02","date_gmt":"2020-01-19T21:40:02","guid":{"rendered":"https:\/\/vozcomoarma.noblogs.org\/?p=24167"},"modified":"2020-01-20T00:57:53","modified_gmt":"2020-01-19T23:57:53","slug":"breve-cronica-de-la-xx-marcha-a-la-prision-de-teixeiro-galiza-informacion-sobre-les-encausades-por-la-xiii-marcha-a-la-prision-de-teixeiro","status":"publish","type":"post","link":"https:\/\/vozcomoarma.noblogs.org\/?p=24167","title":{"rendered":"Breve cr\u00f3nica de la XX Marcha a la Prisi\u00f3n de Teixeiro (Galiza) + Informaci\u00f3n sobre les encausades por la XIII Marcha a la Prisi\u00f3n de Teixeiro"},"content":{"rendered":"<p align=\"JUSTIFY\">Dejamos una cr\u00f3nica que recibimos de la <strong>XX Marcha contra la Prisi\u00f3n de Teixeiro<\/strong>, en Galiza, que tuvo lugar en la ma\u00f1ana de ayer, s\u00e1bado 18 de enero. Cuando les compa\u00f1eres dispongan de fotograf\u00edas, las compartiremos a\u00f1adi\u00e9ndolas aqu\u00ed. Tambi\u00e9n se a\u00f1ade al final el escrito de un panfleto solidario con les 3 compa\u00f1eres encausades por su participaci\u00f3n en la XIII Marcha contra la Prisi\u00f3n de Teixeiro (2013).<\/p>\n<p align=\"JUSTIFY\">&#8212;&#8212;&#8212;&#8212;&#8212;&#8212;&#8212;&#8212;&#8212;&#8212;&#8212;&#8211;<\/p>\n<p align=\"JUSTIFY\"><em>Ayer, s\u00e1bado 18 de enero, algunes solidaries nos dimos cita en la gasolinera cercana a la prisi\u00f3n de Teixeiro (provincia de A Coru\u00f1a, Galiza) para, un a\u00f1o m\u00e1s, marchar en solidaridad con las personas presas y contra esta sociedad de naturaleza injusta e hip\u00f3crita que utiliza las c\u00e1rceles como herramienta para apartar de la vista, encerrar, castigar y destruir a cualquiera que se enfrente a sus desigualdades, o a aquellas personas que, por un motivo u otro, no encajen en sus contradictorias normas, o no se adapten a las expectativas y requisitos por los que se rige su sistema social y financiero.<\/em><\/p>\n<p align=\"JUSTIFY\"><em>A pesar de que no fuimos muches y de la intensa lluvia y viento, de tener las manos heladas y la ropa empapada, nos dirigimos caminando hasta la c\u00e1rcel y un a\u00f1o m\u00e1s se gritaron consignas, se hizo ruido y se intent\u00f3 que las personas presas supiesen que est\u00e1bamos all\u00ed, que no est\u00e1n solas, ni ayer ni nunca. Se grit\u00f3 contra los muros, contra la represi\u00f3n, contra el Estado, y en memoria de Xos\u00e9 Tarr\u00edo, muerto en esta c\u00e1rcel, y de su madre, Pastora, incansable luchadora, solidaria, compa\u00f1era y amiga hasta que falleci\u00f3 el a\u00f1o pasado, y por el esclarecimiento de la muerte del <strong><a href=\"https:\/\/kaosenlared.net\/pedro-escudero-gallardo-ha-muerto-abrasado-en-una-celda-de-la-carcel-de-teixeiro\/\">tambi\u00e9n fallecido en Teixeiro Pedro Escudero Gallardo<\/a><\/strong>, que \u00abapareci\u00f3\u00bb calcinado en su celda tras un incendio, otro de esos \u00abaccidentes\u00bb que Instituciones Penitenciarias pretende silenciar y esconder. Tambi\u00e9n se aprovech\u00f3 para distribu\u00edr material en solidaridad con les compa\u00f1eres encausades por participar en esta misma marcha en el a\u00f1o 2013, cuando tras unos forcejeos entre solidaries y Guardias Civiles, varies compa\u00f1eres fueron encausades, pidi\u00e9ndosele a una de elles 3 a\u00f1os de prisi\u00f3n y una cuantiosa multa (al final, a\u00f1adimos un texto del panfleto que se ha difundido, con m\u00e1s informaci\u00f3n).<\/em><\/p>\n<p align=\"JUSTIFY\"><em>La intensa lluvia y la niebla restando m\u00e1s a una visibilidad ya de por s\u00ed escasa desde que decidieron plantar pinos entre la prisi\u00f3n y la carretera de acceso al talego (donde nos colocamos les solidaries) para evitar que pudiesen vernos no evitaron que, al menos, algunes preses respondiesen con silbidos a nuestros gritos de cari\u00f1o y complicidad.<\/em><\/p>\n<p align=\"JUSTIFY\"><em>Recordamos que les preses en lucha siguen con su huelga de hambre rotativa, y que la solidaridad es fundamental. Escrib\u00e1mosles y visibilicemos en la calle su situaci\u00f3n y su lucha. \u00a1Que no se sientan soles!<\/em><\/p>\n<p align=\"JUSTIFY\"><em>Tras la marcha, la solidaridad se desplaz\u00f3 a la ciudad de A Coru\u00f1a, donde tuvieron lugar algunos conciertos por la noche con el objetivo de recaudar fondos para la solidaridad con les compa\u00f1eres encausades.<\/em><\/p>\n<p align=\"JUSTIFY\"><em><strong>\u00a1La solidaridad y la pasi\u00f3n por la libertad es m\u00e1s fuerte que todas vuestras celdas!<\/strong><\/em><br \/>\n<em><strong>\u00a1Abajo los muros, abajo su paz social!<\/strong><\/em><br \/>\n<em><strong>\u00a1Preses a la calle, calles para la revuelta!<\/strong><\/em><\/p>\n<p align=\"JUSTIFY\"><strong><em>Un solidario<\/em><\/strong><\/p>\n<p align=\"JUSTIFY\">::::::::::::::::::::::::::::<\/p>\n<p align=\"JUSTIFY\"><strong>Texto de solidaridad con les compa\u00f1eres encausades por la XIII Marcha a la Prisi\u00f3n de Teixeiro<\/strong><\/p>\n<p align=\"JUSTIFY\"><em><strong>LAS C\u00c1RCELES ESCONDEN LAS PRUEBAS DEL FALLO DE ESTE SISTEMA.<\/strong> Son un pozo sin fondo donde ocultar los desajustes de la desigualdad social. Una gigantesca alfombra bajo la que barremos a aquellxs que no supieron adaptarse a las exigencias de un sistema clasista e injusto. Por eso se hacen en lugares cada vez m\u00e1s alejados y apartados de la civilizaci\u00f3n: para que no las veamos.<\/em><\/p>\n<p align=\"JUSTIFY\"><em>Algunxs solidarixs llevamos a\u00f1os intentando visibilizar este hecho a trav\u00e9s de todo tipo de protestas. No lo pod\u00edan permitir y por eso ahora amenazan con encarcelarnos. <strong>A una compa\u00f1era le piden tres a\u00f1os de c\u00e1rcel por el simple hecho de ser la convocante de la XIII Marcha a la prisi\u00f3n de Teixeiro.<\/strong><\/em><\/p>\n<p align=\"JUSTIFY\"><em>Ya hace casi veinte a\u00f1os que solidarixs de toda Galiza venimos convocando marchas anuales a la c\u00e1rcel de Teixeiro con el fin de protestar contra el sistema penitenciario. Tambi\u00e9n pretendemos acercarles un poco de calor y apoyo a las personas all\u00ed encerradas, mostrarles que no todxs olvidamos su sufrimiento.<\/em><\/p>\n<p align=\"JUSTIFY\"><em>\u00bfDar visibilidad a aquello que debe estar escondido? Tama\u00f1a infamia no pod\u00eda permitirla el aparato represivo, as\u00ed que pronto comenzaron a intimidar a lxs asistentes. Primero plantaron \u00e1rboles frente al lugar de las protestas, para evitar que lxs presxs viesen a lxs manifestantes. Continuaron sancionando a aquellxs que llevaban petardos para que tampoco pudiesen o\u00edrnos. M\u00e1s adelante, pincharon las ruedas de todos los coches, para demostrar que no les importe ni su propia legalidad en la guerra sucia contra la solidaridad. Luego sancionaron a lxs conductorxs de los veh\u00edculos por supuestamente estar mal aparcados. Como al a\u00f1o siguiente fu\u00edmos en autob\u00fas, multaron a todxs lxs asistentes, pues no se hab\u00eda convocado legalmente. Hasta que en el a\u00f1o 2013, tras unos leves forcejeos entre guardias civiles y manifestantes que tiraban petardos, imputaron penalmente a la persona que hab\u00eda solicitado el permiso con petici\u00f3n fiscal de tres a\u00f1os de c\u00e1rcel. Para otros dos de los asistentes piden penas inferiores a dos a\u00f1os en relaci\u00f3n a los forcejeos. Las marchas, por supuesto, contin\u00faan realiz\u00e1ndose hasta el d\u00eda de hoy.<\/em><\/p>\n<p align=\"JUSTIFY\"><em>Siete a\u00f1os m\u00e1s tarde, el aparato represivo al que eufem\u00edsticamente llaman \u00abjusticia\u00bb sienta en el banquillo a nuestrxs compa\u00f1erxs. La desproporci\u00f3n de las acusaciones muestra que para este sistema no hay peor crimen que la solidaridad y la disidencia. Llega el momento de enfrentar la represi\u00f3n y el castigo. Llega el momento de demostrarles que en la lucha por la libertad todxs estamos comprometidxs. <strong>\u00a1Solidaridad con lxs solidarixs! Ahora y siempre: \u00a1\u00a1Si nos tocan a unx, nos tocan a todxs!!<\/strong><\/em><\/p>\n<p align=\"JUSTIFY\"><strong><em>\u00a1Abajo los muros de las prisiones!<\/em><\/strong><\/p>\n","protected":false},"excerpt":{"rendered":"<p>Dejamos una cr\u00f3nica que recibimos de la XX Marcha contra la Prisi\u00f3n de Teixeiro, en Galiza, que tuvo lugar en la ma\u00f1ana de ayer, s\u00e1bado 18 de enero. Cuando les compa\u00f1eres dispongan de fotograf\u00edas, las compartiremos a\u00f1adi\u00e9ndolas aqu\u00ed. Tambi\u00e9n se &hellip; <a href=\"https:\/\/vozcomoarma.noblogs.org\/?p=24167\">Sigue leyendo <span class=\"meta-nav\">&rarr;<\/span><\/a><\/p>\n","protected":false},"author":7045,"featured_media":0,"comment_status":"closed","ping_status":"open","sticky":false,"template":"","format":"standard","meta":{"footnotes":""},"categories":[58,61,9,7],"tags":[35,17,18,16,42,24,19,11],"class_list":["post-24167","post","type-post","status-publish","format-standard","hentry","category-acciones","category-noticias","category-noticias-y-comunicados","category-presxs","tag-asesinato-de-estado","tag-carcel","tag-galicia","tag-guerra-social","tag-movimientos-sociales","tag-reflexion","tag-represion","tag-solidaridad"],"_links":{"self":[{"href":"https:\/\/vozcomoarma.noblogs.org\/index.php?rest_route=\/wp\/v2\/posts\/24167","targetHints":{"allow":["GET"]}}],"collection":[{"href":"https:\/\/vozcomoarma.noblogs.org\/index.php?rest_route=\/wp\/v2\/posts"}],"about":[{"href":"https:\/\/vozcomoarma.noblogs.org\/index.php?rest_route=\/wp\/v2\/types\/post"}],"author":[{"embeddable":true,"href":"https:\/\/vozcomoarma.noblogs.org\/index.php?rest_route=\/wp\/v2\/users\/7045"}],"replies":[{"embeddable":true,"href":"https:\/\/vozcomoarma.noblogs.org\/index.php?rest_route=%2Fwp%2Fv2%2Fcomments&post=24167"}],"version-history":[{"count":3,"href":"https:\/\/vozcomoarma.noblogs.org\/index.php?rest_route=\/wp\/v2\/posts\/24167\/revisions"}],"predecessor-version":[{"id":24187,"href":"https:\/\/vozcomoarma.noblogs.org\/index.php?rest_route=\/wp\/v2\/posts\/24167\/revisions\/24187"}],"wp:attachment":[{"href":"https:\/\/vozcomoarma.noblogs.org\/index.php?rest_route=%2Fwp%2Fv2%2Fmedia&parent=24167"}],"wp:term":[{"taxonomy":"category","embeddable":true,"href":"https:\/\/vozcomoarma.noblogs.org\/index.php?rest_route=%2Fwp%2Fv2%2Fcategories&post=24167"},{"taxonomy":"post_tag","embeddable":true,"href":"https:\/\/vozcomoarma.noblogs.org\/index.php?rest_route=%2Fwp%2Fv2%2Ftags&post=24167"}],"curies":[{"name":"wp","href":"https:\/\/api.w.org\/{rel}","templated":true}]}}