{"id":24226,"date":"2020-01-30T15:22:02","date_gmt":"2020-01-30T14:22:02","guid":{"rendered":"https:\/\/vozcomoarma.noblogs.org\/?p=24226"},"modified":"2020-01-30T15:22:02","modified_gmt":"2020-01-30T14:22:02","slug":"italia-sobre-otro-intento-de-desalojar-la-okupa-anarquista-brancaleone-milan","status":"publish","type":"post","link":"https:\/\/vozcomoarma.noblogs.org\/?p=24226","title":{"rendered":"Italia &#8211; Sobre otro intento de desalojar la okupa anarquista Brancaleone (Mil\u00e1n)"},"content":{"rendered":"<p align=\"justify\"><span lang=\"es-ES\">Aunque estos hechos ocurriesen hace ya una semana y las convocatorias est\u00e9n desfasadas, creemos que es importante darles difusi\u00f3n, para que se conozca la situaci\u00f3n de este proyecto de okupaci\u00f3n y lucha en Mil\u00e1n, que lleva tiempo siendo acosado por las fuerzas policiales.<\/span><\/p>\n<p align=\"justify\">Todas las actualizaciones informativas han sido recibidas en el correo electr\u00f3nico de la mano de les compas de <strong><a href=\"https:\/\/insuscettibilediravvedimento.noblogs.org\/\">Insuscettibile di Ravvedimento<\/a><\/strong>, quienes recogen desde <strong><a href=\"https:\/\/roundrobin.info\/\">Anarchists Worldwide<\/a><\/strong>, que tradujeron al ingl\u00e9s desde las originales en italiano aparecidas en <strong><a href=\"https:\/\/roundrobin.info\/\">Round Robin<\/a><\/strong>, y las hemos traducido a castellano.<\/p>\n<p align=\"justify\">&#8212;&#8212;&#8212;&#8212;&#8212;&#8212;&#8212;&#8212;&#8212;&#8212;&#8212;&#8212;&#8212;&#8211;<\/p>\n<p align=\"justify\"><strong><em>21 de enero, 2020 \u2013 Mil\u00e1n: Branca todav\u00eda aguanta, dos compa\u00f1eres en el tejado:<\/em><\/strong><\/p>\n<p align=\"justify\"><em>La operaci\u00f3n para desalojar la okupa Brancaleone en la Piazza Alfieri empez\u00f3 esta ma\u00f1ana.<\/em><\/p>\n<p align=\"justify\"><em>A pesar del fr\u00edo y de las en este momento 12 horas en el tejado gracias a estar furioses y a la determinaci\u00f3n para resistir, 2 compa\u00f1eres siguen todav\u00eda en el tejado e intentar\u00e1n quedarse all\u00ed todo lo posible.<\/em><\/p>\n<p align=\"justify\"><em>Hay solidaries en la plaza frente al edificio que se niegan obstinadamente a dejar soles a les compa\u00f1eres en el tejado.<\/em><\/p>\n<p align=\"justify\"><em>La noche ser\u00e1 larga y fr\u00eda, pero todes juntes la calentaremos con la llama de nuestra rabia que arde al son de buena m\u00fasica.<\/em><\/p>\n<p align=\"justify\"><em>Infusiones herbales y buena comida nos esperan aqu\u00ed y todes son bienvenides.<\/em><\/p>\n<p align=\"justify\"><strong><em>Algunes compa\u00f1eres enfadades y con fr\u00edo<\/em><\/strong><\/p>\n<p align=\"justify\"><em>\u2013<\/em><\/p>\n<p align=\"justify\"><strong><em>22 de enero, 2020 \u2013 Mil\u00e1n: Una reflexi\u00f3n desde la solidaridad (la resistencia al desalojo contin\u00faa):<\/em><\/strong><\/p>\n<p align=\"justify\"><em>Pese a los intentos infructuosos de las llamadas agencias de ejecuci\u00f3n de la ley por poner fin a la resistencia en el tejado, \u00e9sta ha cumplido 24 horas por las 2 personas que est\u00e1n determinadas a no rendirse a otro desalojo, en esta ciudad de especuladores y apartamentos de lujo.<\/em><\/p>\n<p align=\"justify\"><em>La falsa paz social que a Beppe Sala [Giuseppe Sala \u2013 el Alcalde de Mil\u00e1n] le gustar\u00eda establecer en esta ciudad de escaparate, una metr\u00f3poli de dise\u00f1o de moda y gentrificaci\u00f3n (especialmente en un barrio como Bovisa donde este mismo hecho es evidente) nunca ser\u00e1 completamente posible mientras haya personas que est\u00e9n dispuestas a inclinarse ante el pacto social.<\/em><\/p>\n<p align=\"justify\"><em>Ayer como hoy, siempre sobre los tejados, contra el monopolio estatal del ejercicio de la fuerza, contra capitalistas y explotadores.<\/em><\/p>\n<p align=\"justify\"><em>\u00a1Brancaleone resiste!<\/em><\/p>\n<p align=\"justify\"><strong><em>Algunas personas que est\u00e1n abajo.<\/em><\/strong><\/p>\n<h5 class=\"western\" align=\"justify\"><em>\u2013<\/em><\/h5>\n<p align=\"justify\"><strong><em>22 de enero, 2020 \u2013 Mil\u00e1n: Y seguimos aqu\u00ed\u2026 Por supuesto:<\/em><\/strong><\/p>\n<p align=\"justify\"><em>Durante 30 horas han permanecido en el tejado de la casa Brancaleone. Les compa\u00f1eres est\u00e1n bien alimentades y decidides a quedarse donde est\u00e1n, \u00a1\u00bfquer\u00e9is escuchar hablar de la belleza de la Piazza Emilio Alfieri desde arriba?!<\/em><\/p>\n<p align=\"justify\"><em><span lang=\"es-ES\">Vamos a relanzar para esta noche <\/span><span lang=\"es-ES\">una cita a las <\/span><span lang=\"es-ES\">20<\/span><span lang=\"es-ES\">:30 pm en Piazza Alfieri, debajo de la casa Bran<\/span><span lang=\"es-ES\">c<\/span><span lang=\"es-ES\">a. Actualizaciones sobre la situaci\u00f3n, propuestas, m\u00fasica, cerveza y buena comida.<\/span><\/em><\/p>\n<p align=\"justify\"><strong><em><span lang=\"es-ES\">En cualquier caso, estaremos aqu\u00ed todo el d\u00eda, as\u00ed que venid cuando quer\u00e1is.<\/span><\/em><\/strong><\/p>\n<p align=\"justify\"><img loading=\"lazy\" decoding=\"async\" class=\"size-full wp-image-24227 aligncenter\" src=\"https:\/\/vozcomoarma.noblogs.org\/files\/2020\/01\/milan_2.jpg\" alt=\"\" width=\"660\" height=\"440\" srcset=\"https:\/\/vozcomoarma.noblogs.org\/files\/2020\/01\/milan_2.jpg 660w, https:\/\/vozcomoarma.noblogs.org\/files\/2020\/01\/milan_2-300x200.jpg 300w\" sizes=\"auto, (max-width: 660px) 100vw, 660px\" \/> <img loading=\"lazy\" decoding=\"async\" class=\"size-large wp-image-24228 aligncenter\" src=\"https:\/\/vozcomoarma.noblogs.org\/files\/2020\/01\/milan_3-768x432-1.jpg\" alt=\"\" width=\"640\" height=\"360\" srcset=\"https:\/\/vozcomoarma.noblogs.org\/files\/2020\/01\/milan_3-768x432-1.jpg 768w, https:\/\/vozcomoarma.noblogs.org\/files\/2020\/01\/milan_3-768x432-1-300x169.jpg 300w\" sizes=\"auto, (max-width: 640px) 100vw, 640px\" \/><\/p>\n","protected":false},"excerpt":{"rendered":"<p>Aunque estos hechos ocurriesen hace ya una semana y las convocatorias est\u00e9n desfasadas, creemos que es importante darles difusi\u00f3n, para que se conozca la situaci\u00f3n de este proyecto de okupaci\u00f3n y lucha en Mil\u00e1n, que lleva tiempo siendo acosado por &hellip; <a href=\"https:\/\/vozcomoarma.noblogs.org\/?p=24226\">Sigue leyendo <span class=\"meta-nav\">&rarr;<\/span><\/a><\/p>\n","protected":false},"author":7045,"featured_media":0,"comment_status":"closed","ping_status":"open","sticky":false,"template":"","format":"standard","meta":{"footnotes":""},"categories":[1],"tags":[62,40,16,38,42,37,19,11],"class_list":["post-24226","post","type-post","status-publish","format-standard","hentry","category-general","tag-desalojo","tag-especulacion","tag-guerra-social","tag-italia","tag-movimientos-sociales","tag-okupacion","tag-represion","tag-solidaridad"],"_links":{"self":[{"href":"https:\/\/vozcomoarma.noblogs.org\/index.php?rest_route=\/wp\/v2\/posts\/24226","targetHints":{"allow":["GET"]}}],"collection":[{"href":"https:\/\/vozcomoarma.noblogs.org\/index.php?rest_route=\/wp\/v2\/posts"}],"about":[{"href":"https:\/\/vozcomoarma.noblogs.org\/index.php?rest_route=\/wp\/v2\/types\/post"}],"author":[{"embeddable":true,"href":"https:\/\/vozcomoarma.noblogs.org\/index.php?rest_route=\/wp\/v2\/users\/7045"}],"replies":[{"embeddable":true,"href":"https:\/\/vozcomoarma.noblogs.org\/index.php?rest_route=%2Fwp%2Fv2%2Fcomments&post=24226"}],"version-history":[{"count":1,"href":"https:\/\/vozcomoarma.noblogs.org\/index.php?rest_route=\/wp\/v2\/posts\/24226\/revisions"}],"predecessor-version":[{"id":24229,"href":"https:\/\/vozcomoarma.noblogs.org\/index.php?rest_route=\/wp\/v2\/posts\/24226\/revisions\/24229"}],"wp:attachment":[{"href":"https:\/\/vozcomoarma.noblogs.org\/index.php?rest_route=%2Fwp%2Fv2%2Fmedia&parent=24226"}],"wp:term":[{"taxonomy":"category","embeddable":true,"href":"https:\/\/vozcomoarma.noblogs.org\/index.php?rest_route=%2Fwp%2Fv2%2Fcategories&post=24226"},{"taxonomy":"post_tag","embeddable":true,"href":"https:\/\/vozcomoarma.noblogs.org\/index.php?rest_route=%2Fwp%2Fv2%2Ftags&post=24226"}],"curies":[{"name":"wp","href":"https:\/\/api.w.org\/{rel}","templated":true}]}}