{"id":24230,"date":"2020-01-30T18:03:55","date_gmt":"2020-01-30T17:03:55","guid":{"rendered":"https:\/\/vozcomoarma.noblogs.org\/?p=24230"},"modified":"2020-02-26T16:51:07","modified_gmt":"2020-02-26T15:51:07","slug":"panfletocartel-propaganda-en-solidaridad-con-gabriel-pombo-da-silva-desde-galiza","status":"publish","type":"post","link":"https:\/\/vozcomoarma.noblogs.org\/?p=24230","title":{"rendered":"[Panfleto+Cartel] Propaganda en solidaridad con Gabriel Pombo da Silva desde Galiza"},"content":{"rendered":"<p align=\"justify\"><span lang=\"es-ES\">Difundimos esta propaganda que se ha sacado en solidaridad con el anarquista Gabriel Pombo da Silva, que recordemos, fue detenido de nuevo hace unos d\u00edas en Portugal, tras algo m\u00e1s de a\u00f1o y medio de clandestinidad, despu\u00e9s de que la fiscal\u00eda espa\u00f1ola le reclamase, una vez m\u00e1s, por una presunta pena pendiente de alrededor de 16 a\u00f1os.<\/span><\/p>\n<p align=\"justify\">Se trata de un panfleto y un cartel que se sacaron en galego y cuyo texto tradujimos. Pod\u00e9is descargar en sus respectivas versiones en PDF para imprimir pinchando encima de la imagen de cada uno a continuaci\u00f3n. Les compas nos informan de que pronto habr\u00e1 versiones tambi\u00e9n en castellano.<\/p>\n<p align=\"justify\">&#8212;&#8212;&#8212;&#8212;&#8212;&#8212;&#8212;&#8212;&#8212;&#8212;&#8212;&#8212;&#8212;&#8212;&#8212;&#8212;<\/p>\n<p align=\"justify\"><strong><em>\u00a1Solidaridad con el anarquista Gabriel Pombo da Silva!<\/em><\/strong><\/p>\n<p align=\"justify\"><em>El pasado 25 de enero, una operaci\u00f3n conjunta de las fuerzas policiales espa\u00f1olas, portuguesas e italianas termin\u00f3 con la detenci\u00f3n de nuestro compa\u00f1ero Gabriel Pombo da Silva, que llevaba en clandestinidad desde hace casi 2 a\u00f1os, en Mon\u00e7ao, Portugal. El compa\u00f1ero espera ahora su extradici\u00f3n al estado espa\u00f1ol, donde, siempre seg\u00fan la versi\u00f3n policial, estar\u00eda buscado por una serie de delitos que sumar\u00edan una supuesta pena pendiente de m\u00e1s de 10 a\u00f1os.<\/em><\/p>\n<p align=\"justify\"><em>Gabriel Pombo da Silva ya pas\u00f3 en prisi\u00f3n m\u00e1s de 30 a\u00f1os, entre el estado espa\u00f1ol y Alemania. Siempre irreductible, el compa\u00f1ero nunca dej\u00f3 de hacer aportaciones a debates en curso dentro del movimiento anarquista internacional, participando en movilizaciones dentro de la c\u00e1rcel, solidariz\u00e1ndose con otras compa\u00f1eras presas y defendiendo siempre su visi\u00f3n de la anarqu\u00eda como una tensi\u00f3n permanente. Despu\u00e9s de que saliese de prisi\u00f3n en 2016, el Estado intent\u00f3 nuevamente perseguirlo con el burdo montaje de la Operaci\u00f3n Buyo. Luego, la fiscal\u00eda italiana tambi\u00e9n intent\u00f3 ir a por \u00e9l y a por su compa\u00f1era, nuevamente sin \u00e9xito. Ahora, este en\u00e9simo intento vuelve a llevar a nuestro compa\u00f1ero a las asquerosas mazmorras de los amos, mientras los medios de comunicaci\u00f3n repiten como fieles loros la versi\u00f3n policial, que miente, hablando de \u00abliderazgos anarquistas\u00bb (valga el ox\u00edmoron) y sacando a pasear, como siempre, el fantasma del \u00abterrorismo\u00bb. Nosotres sabemos que el \u00fanico terrorista es el sistema capitalista que destruye la tierra, vende guerras y condena a todo el mundo a una vida de miseria, y aquelles que lo defienden.<\/em><\/p>\n<p align=\"justify\"><em>Esta noticia nos llena de rabia y dolor una vez m\u00e1s. En los actos y el compromiso coherente de Gabriel, en las palabras de su libro, reflexiones y comunicados, y en su humildad y bondad, reconocemos una gran afinidad pol\u00edtica y personal. No nos importan sus categor\u00edas legislativas ni sus teatros \u00abinvestigativos\u00bb. Legitimamos todas las acciones de ataque e iniciativas de desobediencia que surgen contra la dominaci\u00f3n, su mundo y sus valores, y estamos del lado de Gabriel y del resto de presas anarquistas.<\/em><\/p>\n<p align=\"justify\"><em>Lo dijimos en su d\u00eda y lo repetimos ahora:<\/em><\/p>\n<p align=\"justify\"><strong><em>\u00a1\u00a1Gabriel Pombo da Silva es uno de los nuestros!!<\/em><\/strong><br \/>\n<strong><em>\u00a1\u00a1Solidaridad combativa!!<\/em><\/strong><\/p>\n<p align=\"justify\"><a href=\"https:\/\/vozcomoarma.noblogs.org\/files\/2020\/01\/Gabriel-Panfleto.pdf\"><img loading=\"lazy\" decoding=\"async\" class=\"alignnone wp-image-24232 size-large\" src=\"https:\/\/vozcomoarma.noblogs.org\/files\/2020\/01\/Gabriel-Panfleto-Fin-722x1024.jpg\" alt=\"\" width=\"640\" height=\"908\" \/><\/a><\/p>\n<p align=\"justify\"><a href=\"https:\/\/vozcomoarma.noblogs.org\/files\/2020\/01\/Cartel-Gabriel.pdf\"><img loading=\"lazy\" decoding=\"async\" class=\"aligncenter wp-image-24235 size-full\" src=\"https:\/\/vozcomoarma.noblogs.org\/files\/2020\/01\/Cartel-Gabriel-scaled.jpg\" alt=\"\" width=\"1810\" height=\"2560\" srcset=\"https:\/\/vozcomoarma.noblogs.org\/files\/2020\/01\/Cartel-Gabriel-scaled.jpg 1810w, https:\/\/vozcomoarma.noblogs.org\/files\/2020\/01\/Cartel-Gabriel-212x300.jpg 212w, https:\/\/vozcomoarma.noblogs.org\/files\/2020\/01\/Cartel-Gabriel-724x1024.jpg 724w, https:\/\/vozcomoarma.noblogs.org\/files\/2020\/01\/Cartel-Gabriel-768x1086.jpg 768w, https:\/\/vozcomoarma.noblogs.org\/files\/2020\/01\/Cartel-Gabriel-1086x1536.jpg 1086w, https:\/\/vozcomoarma.noblogs.org\/files\/2020\/01\/Cartel-Gabriel-1448x2048.jpg 1448w\" sizes=\"auto, (max-width: 1810px) 100vw, 1810px\" \/><\/a><\/p>\n","protected":false},"excerpt":{"rendered":"<p>Difundimos esta propaganda que se ha sacado en solidaridad con el anarquista Gabriel Pombo da Silva, que recordemos, fue detenido de nuevo hace unos d\u00edas en Portugal, tras algo m\u00e1s de a\u00f1o y medio de clandestinidad, despu\u00e9s de que la &hellip; <a href=\"https:\/\/vozcomoarma.noblogs.org\/?p=24230\">Sigue leyendo <span class=\"meta-nav\">&rarr;<\/span><\/a><\/p>\n","protected":false},"author":7045,"featured_media":0,"comment_status":"closed","ping_status":"open","sticky":false,"template":"","format":"standard","meta":{"footnotes":""},"categories":[8,27,7,4],"tags":[18,16,42,130,19,11],"class_list":["post-24230","post","type-post","status-publish","format-standard","hentry","category-gabriel-pombo-da-silva","category-panfletos","category-presxs","category-publicaciones","tag-galicia","tag-guerra-social","tag-movimientos-sociales","tag-portugal","tag-represion","tag-solidaridad"],"_links":{"self":[{"href":"https:\/\/vozcomoarma.noblogs.org\/index.php?rest_route=\/wp\/v2\/posts\/24230","targetHints":{"allow":["GET"]}}],"collection":[{"href":"https:\/\/vozcomoarma.noblogs.org\/index.php?rest_route=\/wp\/v2\/posts"}],"about":[{"href":"https:\/\/vozcomoarma.noblogs.org\/index.php?rest_route=\/wp\/v2\/types\/post"}],"author":[{"embeddable":true,"href":"https:\/\/vozcomoarma.noblogs.org\/index.php?rest_route=\/wp\/v2\/users\/7045"}],"replies":[{"embeddable":true,"href":"https:\/\/vozcomoarma.noblogs.org\/index.php?rest_route=%2Fwp%2Fv2%2Fcomments&post=24230"}],"version-history":[{"count":3,"href":"https:\/\/vozcomoarma.noblogs.org\/index.php?rest_route=\/wp\/v2\/posts\/24230\/revisions"}],"predecessor-version":[{"id":24239,"href":"https:\/\/vozcomoarma.noblogs.org\/index.php?rest_route=\/wp\/v2\/posts\/24230\/revisions\/24239"}],"wp:attachment":[{"href":"https:\/\/vozcomoarma.noblogs.org\/index.php?rest_route=%2Fwp%2Fv2%2Fmedia&parent=24230"}],"wp:term":[{"taxonomy":"category","embeddable":true,"href":"https:\/\/vozcomoarma.noblogs.org\/index.php?rest_route=%2Fwp%2Fv2%2Fcategories&post=24230"},{"taxonomy":"post_tag","embeddable":true,"href":"https:\/\/vozcomoarma.noblogs.org\/index.php?rest_route=%2Fwp%2Fv2%2Ftags&post=24230"}],"curies":[{"name":"wp","href":"https:\/\/api.w.org\/{rel}","templated":true}]}}