{"id":24240,"date":"2020-01-30T23:37:19","date_gmt":"2020-01-30T22:37:19","guid":{"rendered":"https:\/\/vozcomoarma.noblogs.org\/?p=24240"},"modified":"2020-02-28T18:49:55","modified_gmt":"2020-02-28T17:49:55","slug":"internacional-actualizacion-informativa-de-la-situacion-del-companero-gabriel-pombo-da-silva-novedades-represivas-en-italia","status":"publish","type":"post","link":"https:\/\/vozcomoarma.noblogs.org\/?p=24240","title":{"rendered":"Internacional &#8211; Actualizaci\u00f3n informativa de la situaci\u00f3n del compa\u00f1ero Gabriel Pombo da Silva + Novedades represivas en Italia"},"content":{"rendered":"<p align=\"justify\">Dejamos a continuaci\u00f3n \u00faltimas informaciones recibidas sobre la situaci\u00f3n del compa Gabriel Pombo da Silva y de su compa\u00f1era, Elisa,<strong><a href=\"https:\/\/vozcomoarma.noblogs.org\/?p=24212\"> tras la detenci\u00f3n que el compa\u00f1ero sufri\u00f3 en Portugal el pasado 25 de enero<\/a><\/strong>, tras su clandestinidad durante a\u00f1o y medio. Adem\u00e1s, se incluye informaci\u00f3n de los nuevos movimientos de las fuerzas represoras del Estado italiano, que han allanado las casas de familiares de Elisa aprovechando toda esta tormenta.<\/p>\n<p align=\"justify\"><strong>Nuestros pensamientos y complicidad est\u00e1n con Elisa y, por supuesto, con Gabriel.<\/strong> <strong>Solidaridad y lucha.<\/strong><\/p>\n<p align=\"justify\">&#8212;&#8212;&#8212;&#8212;&#8212;&#8212;&#8212;&#8212;&#8212;&#8212;&#8212;&#8212;&#8212;-<\/p>\n<p align=\"justify\"><strong><em>Actualizaci\u00f3n de la situaci\u00f3n del compa\u00f1ero Gabriel Pombo Da Silva y novedades represivas en Italia<\/em><\/strong><\/p>\n<p align=\"justify\"><em>Lunes 27 de Enero, comenz\u00f3 en tierras portuguesas el juicio contra nuestro compa\u00f1ero, durante la primera audiencia se pudo vislumbrar el siguiente escenario:<\/em><\/p>\n<p><em>-Portugal, de momento, ha aceptado detener la extradici\u00f3n al Estado espa\u00f1ol y le ha dado a la defensa un plazo de 20 d\u00edas para agregar pruebas y documentaci\u00f3n que acrediten, a\u00fan mas, la importancia de que Gabriel no sea extraditado.<\/em><\/p>\n<p align=\"justify\"><em>-La defensa impugn\u00f3 inmediatamente el argumento de \u201cpena residual\u201d que el Estado espa\u00f1ol pretende imponer a Gabriel, o sea, 16 a\u00f1os m\u00e1s de condena! Sin entrar en muchos detalles jur\u00eddicos, con solo leer someramente los documentos que pretenden ampl\u00edar su sentencia, es evidente que se trata de una \u00abvenganza legal\u00bb (\u00bfQu\u00e9 venganza de Estado no lo es?) contra nuestro compa\u00f1ero.<\/em><\/p>\n<p align=\"justify\"><em>-Por ahora, Gabriel contin\u00faa detenido en las celdas de la Polic\u00eda Judicial de Oporto en espera de volver a comparecer frente al juez. Seg\u00fan la informaci\u00f3n proporcionada se espera que la pr\u00f3xima audiencia se realice m\u00e1s o menos a mediados de febrero.<\/em><\/p>\n<p align=\"justify\"><em>-Actualmente puede recibir visitas un d\u00eda si y uno no por parte de cualquier persona que solicite visitarlo. Se encuentra bien de salud y est\u00e1 fuerte, combativo, determinado e ir\u00f3nico como siempre.<\/em><\/p>\n<p align=\"justify\"><em>En la misma ma\u00f1ana del lunes 27, fueron registradas las casas de la madre, del padre, de la hermana y del cu\u00f1ado de Elisa Di Bernardo con el objetivo de decomisar material inform\u00e1tico. La fiscal\u00eda de Brescia ha emitido, de hecho, la en\u00e9sima orden 270bis (por asociaci\u00f3n il\u00edcita y terrorismo) contra Elisa y Gabriel, acus\u00e1ndoles de pertenecer a una c\u00e9lula subversiva con base y apoyo internacional (tiembla Tierra, tiembla!).<\/em><\/p>\n<p align=\"justify\"><em>Por supuesto esta \u00abnueva\u00bb ola represiva no ayuda en nada la situaci\u00f3n jur\u00eddica de Gabriel y, la prensa al servicio de la dominaci\u00f3n en los tres pa\u00edses ya hizo su deber exaltando la estrecha colaboraci\u00f3n entre los gobiernos de Italia, Espa\u00f1a y Portugal.<\/em><\/p>\n<p align=\"justify\"><em>Lxs cagatinta, t\u00edteres de nuestrxs enemigxs hist\u00f3ricos, cumplir\u00e1n su deber&#8230; nosotrxs cumpliremos con nuestro deber revolucionario (cada unx lo llame como quiera, je je).<\/em><\/p>\n<p align=\"justify\"><strong><em>Continuar\u00e1n las actualizaciones.<\/em><\/strong><\/p>\n<p align=\"justify\"><strong><em>GABRIEL LIBRE!<\/em><\/strong><br \/>\n<strong><em>TODXS LIBRES!<\/em><\/strong><br \/>\n<strong><em>VIVA LA ANARQU\u00cdA!<\/em><\/strong><\/p>\n<p align=\"justify\"><img loading=\"lazy\" decoding=\"async\" class=\"size-large wp-image-24235 aligncenter\" src=\"https:\/\/vozcomoarma.noblogs.org\/files\/2020\/01\/Cartel-Gabriel-724x1024.jpg\" alt=\"\" width=\"640\" height=\"905\" srcset=\"https:\/\/vozcomoarma.noblogs.org\/files\/2020\/01\/Cartel-Gabriel-724x1024.jpg 724w, https:\/\/vozcomoarma.noblogs.org\/files\/2020\/01\/Cartel-Gabriel-212x300.jpg 212w, https:\/\/vozcomoarma.noblogs.org\/files\/2020\/01\/Cartel-Gabriel-768x1086.jpg 768w, https:\/\/vozcomoarma.noblogs.org\/files\/2020\/01\/Cartel-Gabriel-1086x1536.jpg 1086w, https:\/\/vozcomoarma.noblogs.org\/files\/2020\/01\/Cartel-Gabriel-1448x2048.jpg 1448w, https:\/\/vozcomoarma.noblogs.org\/files\/2020\/01\/Cartel-Gabriel-scaled.jpg 1810w\" sizes=\"auto, (max-width: 640px) 100vw, 640px\" \/><\/p>\n","protected":false},"excerpt":{"rendered":"<p>Dejamos a continuaci\u00f3n \u00faltimas informaciones recibidas sobre la situaci\u00f3n del compa Gabriel Pombo da Silva y de su compa\u00f1era, Elisa, tras la detenci\u00f3n que el compa\u00f1ero sufri\u00f3 en Portugal el pasado 25 de enero, tras su clandestinidad durante a\u00f1o y &hellip; <a href=\"https:\/\/vozcomoarma.noblogs.org\/?p=24240\">Sigue leyendo <span class=\"meta-nav\">&rarr;<\/span><\/a><\/p>\n","protected":false},"author":7045,"featured_media":0,"comment_status":"closed","ping_status":"open","sticky":false,"template":"","format":"standard","meta":{"footnotes":""},"categories":[8,61,9,7],"tags":[130,19,11],"class_list":["post-24240","post","type-post","status-publish","format-standard","hentry","category-gabriel-pombo-da-silva","category-noticias","category-noticias-y-comunicados","category-presxs","tag-portugal","tag-represion","tag-solidaridad"],"_links":{"self":[{"href":"https:\/\/vozcomoarma.noblogs.org\/index.php?rest_route=\/wp\/v2\/posts\/24240","targetHints":{"allow":["GET"]}}],"collection":[{"href":"https:\/\/vozcomoarma.noblogs.org\/index.php?rest_route=\/wp\/v2\/posts"}],"about":[{"href":"https:\/\/vozcomoarma.noblogs.org\/index.php?rest_route=\/wp\/v2\/types\/post"}],"author":[{"embeddable":true,"href":"https:\/\/vozcomoarma.noblogs.org\/index.php?rest_route=\/wp\/v2\/users\/7045"}],"replies":[{"embeddable":true,"href":"https:\/\/vozcomoarma.noblogs.org\/index.php?rest_route=%2Fwp%2Fv2%2Fcomments&post=24240"}],"version-history":[{"count":2,"href":"https:\/\/vozcomoarma.noblogs.org\/index.php?rest_route=\/wp\/v2\/posts\/24240\/revisions"}],"predecessor-version":[{"id":24242,"href":"https:\/\/vozcomoarma.noblogs.org\/index.php?rest_route=\/wp\/v2\/posts\/24240\/revisions\/24242"}],"wp:attachment":[{"href":"https:\/\/vozcomoarma.noblogs.org\/index.php?rest_route=%2Fwp%2Fv2%2Fmedia&parent=24240"}],"wp:term":[{"taxonomy":"category","embeddable":true,"href":"https:\/\/vozcomoarma.noblogs.org\/index.php?rest_route=%2Fwp%2Fv2%2Fcategories&post=24240"},{"taxonomy":"post_tag","embeddable":true,"href":"https:\/\/vozcomoarma.noblogs.org\/index.php?rest_route=%2Fwp%2Fv2%2Ftags&post=24240"}],"curies":[{"name":"wp","href":"https:\/\/api.w.org\/{rel}","templated":true}]}}