{"id":24339,"date":"2020-02-10T01:00:55","date_gmt":"2020-02-10T00:00:55","guid":{"rendered":"https:\/\/vozcomoarma.noblogs.org\/?p=24339"},"modified":"2020-02-10T16:25:37","modified_gmt":"2020-02-10T15:25:37","slug":"cronica-del-desalojo-del-cso-el-palaciu-de-ronzon-asturies","status":"publish","type":"post","link":"https:\/\/vozcomoarma.noblogs.org\/?p=24339","title":{"rendered":"Cr\u00f3nica del desalojo del CSO El Palaciu de Ronz\u00f3n (Asturies)"},"content":{"rendered":"<p align=\"justify\">Sigue una cr\u00f3nica del reciente desalojo del proyecto de okupaci\u00f3n rural del Centro Social Okupado el Palaciu de Ronz\u00f3n (Pola de Lena, Asturies) el pasado 4 de marzo, que hemos recogido de <strong><a href=\"http:\/\/alasbarricadas.org\/noticias\/node\/43022\">A Las Barricadas<\/a><\/strong> (agradecemos a la persona que nos envi\u00f3 por e-mail el enlace para invitarnos a difundirla):<\/p>\n<p align=\"justify\">&#8212;&#8212;&#8212;&#8212;&#8212;&#8212;&#8212;&#8212;&#8212;&#8212;&#8212;&#8212;&#8212;&#8212;&#8211;<\/p>\n<p align=\"justify\"><em>La ma\u00f1ana del 4 de marzo estaba previsto el desalojo del centro social el Palaciu de Ronz\u00f3n.<\/em><\/p>\n<p align=\"justify\"><em>Tras un primer intento de la comisi\u00f3n judicial de desalojar el centro social el 22 de enero, al encontrarse \u00e9sta con una cadena humana que cortaba el acceso al Palaciu, aplaz\u00f3 la \u00abreapropiaci\u00f3n\u00bb del edificio al d\u00eda 3 de marzo, aclarando el acta que la comisi\u00f3n acudir\u00eda \u00abauxiliada por la fuerza p\u00fablica\u00bb.<\/em><\/p>\n<p align=\"justify\"><em>La Guardia Civil de Pola de Lena posteriormente solicit\u00f3 el aplazamiento al d\u00eda 4, por no estar \u00abdisponibles las unidades especiales (&#8230;) para hacer frente a cualquier eventualidad (resistencia, alteraciones, agresiones,&#8230;)\u00bb para el d\u00eda 3.<\/em><\/p>\n<p align=\"justify\"><em>Desde la tarde del d\u00eda 3, varios dispositivos de la Guardia Civil estaban situados en los accesos a Ronz\u00f3n, haciendo controles. Durante la madrugada un coche de polic\u00eda secreta hizo la ronda por la aldea y se qued\u00f3 en la carretera de acceso varias horas, vigilando con linternas la pista de acceso a Ronz\u00f3n.<\/em><\/p>\n<p align=\"justify\"><em>A las 7 de la ma\u00f1ana todo estaba oscuro, unas 30 personas ya estaban preparadas para formar bloque humano en la pista que da acceso al pueblo. Un grupo de cuidados se hac\u00eda cargo de los seres dependientes en una casa del pueblo, espacio de seguridad. La llegada de la comisi\u00f3n judicial estaba prevista para las 10.30 de la ma\u00f1ana.\u00a0 Tras unas consignas y unos saltos para neutralizar el sue\u00f1o y subir la energ\u00eda, fue saliendo el sol&#8230;<\/em><\/p>\n<p align=\"justify\"><em>A partir de las 8 de la ma\u00f1ana vamos recibiendo visitas: la ruta escolar, vecinos de los pueblos aleda\u00f1os que acceden al pueblo a atender a las vacas, la ambulancia que baja al centro de d\u00eda al vecino m\u00e1s mayor de la aldea&#8230;la barrera se abre y se cierra, se intercambian palabras de \u00e1nimo pero el vecindario, curioso y animado por la novedad del d\u00eda, no se mete mucho&#8230; las casas que construyeron sus familias son propiedad de la Fundaci\u00f3n Ronz\u00f3n, la misma que nos desaloja, y a d\u00eda de hoy siguen pagando un alquiler por vivir en ellas.<\/em><\/p>\n<p align=\"justify\"><em>Tambi\u00e9n van llegando periodistas por goteo. Tenemos que recordar varias veces que avisen si pretenden grabar o sacar fotos, para que la gente que quiera pueda cubrirse, pero no todes est\u00e1n muy por la labor de respetar esto.<\/em><\/p>\n<p align=\"justify\"><em>Antes de las 10 vemos llegar a la Guardia Civil: dos, tres,&#8230; siete patrullas se paran en la pista a unos cien metros de nosotres. Sacan los postes del vallado de un prao aleda\u00f1o y aparcan ah\u00ed, seg\u00fan el mando, \u00abpara no obstaculizar el acceso al pueblo\u00bb (en el anterior intento de desalojo un vecino se la hab\u00eda armado por bloquear la pista con los coches).<\/em><\/p>\n<p align=\"justify\"><em>A las 10.15 un coche normal seguido de otro de Polic\u00eda Local sube por la vieja pista de acceso a la aldea, retirando a su paso varios troncos y obst\u00e1culos, par\u00e1ndose a unos metros del acceso al pueblo. El bloque humano se divide para bloquear la portilla del viejo acceso. Del coche normal se bajan dos personas vestidas de paisano que no se identifican aunque les preguntemos qui\u00e9nes son. M\u00e1s tarde, con la llegada del siguiente dispositivo de Guardia Civil se les unir\u00e1 otra pareja con la cara cubierta que les entregar\u00e1 walkie talkie y c\u00e1mara, y estar\u00e1n grabando el resto del tiempo.<\/em><\/p>\n<p align=\"justify\"><em>La comisi\u00f3n judicial no tarda en aparecer por ese mismo acceso cuando a\u00fan solo hay dos secretas y polic\u00eda local. Le acompa\u00f1a el secretario de la Fundaci\u00f3n Ronz\u00f3n, Ram\u00f3n Garc\u00eda, y su abogada. Ram\u00f3n no tarda en recordarnos que la pista por la que est\u00e1n intentando subir es una \u00abpropiedad privada\u00bb: efectivamente, la Fundaci\u00f3n tiene candado ese viejo acceso al pueblo, dejando las llaves a unos pocos arrendatarios de los praos aleda\u00f1os. Al encontrar el acceso bloqueado, los coches dan la vuelta para entrar por el lado que est\u00e1 lleno de patrullas.<\/em><\/p>\n<p align=\"justify\"><em>El bloque se vuelve a unir y comienzan una serie de \u00abnegociaciones\u00bb, primero con el secretario judicial y luego con la Guardia Civil. El primero trata de disuadirnos diciendo que nadie quiere violencia y que no habr\u00e1 cargos si se deja acceder a la comisi\u00f3n. Ese es el d\u00eda acordado para la \u00abrecuperaci\u00f3n\u00bb del edificio y no hay lugar a aplazamientos. La Guardia Civil insiste en que si se abandona el bloqueo no habr\u00e1 cargos ni lesiones, de lo contrario no podr\u00e1n evitar que esto ocurra, ya que \u00abaunque sea sin querer\u00bb siempre alguien acaba lesionade de los dos lados (obviando qui\u00e9nes tienen las armas y ostentan la fuerza de autoridad). Incluso llegan a ofrecer una \u00abdisoluci\u00f3n pactada\u00bb que diera \u00abla foto de la resistencia\u00bb de cara a los medios, donde podr\u00eda simularse ante la puerta del edificio como se saca a siete u ocho personas antes de la disoluci\u00f3n y nadie saliera herido (dando de paso una imagen p\u00fablica de la destreza, eficiencia y limpieza en su trabajo, sin lesiones ni detenciones, obviando otra vez la connotaci\u00f3n represiva de su labor).<\/em><\/p>\n<p align=\"justify\"><em>Tras el grito de\u00bbno somos actores, somos okupas\u00bb, se aclara a la comisi\u00f3n judicial y a la Guardia Civil que no estamos ah\u00ed para figurar, que est\u00e1 resistiendo pac\u00edficamente para defender un edificio que hab\u00eda sido abierto como centro social para todes y que la fundaci\u00f3n propietaria quiere recuperar \u00fanicamente para llenarlo de cerraduras otra vez. Acaba la negociaci\u00f3n y nos comunican que van a proceder a intervenir las \u00abfuerzas especiales\u00bb. Desfilan entonces treinta antidisturbios de una unidad de seguridad ciudadana, la USECIC, con sus porras, cascos, escudos y carabina de aire comprimido. Empiezan a cruzar por el prao aleda\u00f1o donde la Guardia Civil hab\u00eda aparcado, disponi\u00e9ndose a bajar al frente del Palaciu desde ah\u00ed.<\/em><\/p>\n<p align=\"justify\"><em>Tras una decisi\u00f3n r\u00e1pida el grupo da marcha atr\u00e1s y se coloca bloqueando la bajada por la que descienden los antidisturbios. Es ah\u00ed cuando empiezan a golpearnos y lanzarnos contra el suelo y el borde de la pista, donde dicho sea de paso corremos el peligro de abrirnos la cabeza con las rocas que sobresalen. El vecindario presencia la escena alucinando. Les compes tratan de hacer pi\u00f1a y protegerse pero van apart\u00e1ndonos una a una. La Guardia Civil se dedica prioritariamente a dificultar que accedamos a la casa de seguridad, aislando a las personas e identific\u00e1ndolas. A uno de los compa\u00f1eros que posteriormente ser\u00e1 detenido lo tiran al suelo y se le echan encima como seis agentes. Tratan tambi\u00e9n de interceptar a la compa\u00f1era que est\u00e1 grabando la carga.<\/em><\/p>\n<p align=\"justify\"><em>Los secretas que hab\u00edan estado grabando desde el acceso de abajo suben al comenzar la intervenci\u00f3n de la USECIC, momento en el que se ponen chalecos amarillos, siempre grabando y con la cara tapada, y se ponen a dar \u00f3rdenes al dispositivo. Por indicaci\u00f3n de uno de ellos, uno de los soldados imperiales intenta entrar en la casa de seguridad, rompiendo la puerta y varios objetos que se encontraban a la entrada de la casa. Se llevan al furg\u00f3n a 3 compas para conducirlas al cuartel de la Guardia Civil de Pola de Lena, 2 detenidas y una para ser identificada.<\/em><\/p>\n<p align=\"justify\"><em>Cuando las \u00faltimas personas logran acceder a la casa de seguridad, vemos desde las ventanas como rompen las puertas de acceso al Palaciu y varias ventanas, que se encuentran barricadas desde dentro. Todav\u00eda est\u00e1n casi una hora m\u00e1s s\u00f3lo para acceder al edificio, y no podemos salir de la casa, cuyos accesos hemos empalizado por temor a un allanamiento. Varias compa\u00f1eras lesionadas tienen dolor en las costillas, brazos, piernas y cabeza por los golpes.\u00a0<\/em><\/p>\n<p align=\"justify\"><em>Se convoca una concentraci\u00f3n en Pola de Lena frente a los juzgados, y cu\u00e1ndo el dispositivo abandona el lugar, bajamos al cuartel a esperar a nuestres compas, mientras algunas personas van al hospital. A las pocas horas sueltan al compa\u00f1ero que hab\u00eda sido retenido para su identificaci\u00f3n. A lo largo de la tarde, varias personas acuden a mostrar su solidaridad e indignaci\u00f3n. Las abogadas nos comunican que una de las personas detenidas ha sido conducida al hospital porque le han fracturado el pie, y que ambas van a dormir en el calabozo y pasar a disposici\u00f3n judicial a la ma\u00f1ana siguiente.<\/em><\/p>\n<p align=\"justify\"><em>A las 18.00 acuden m\u00e1s personas al llamamiento de la concentraci\u00f3n. Tratamos de hacernos o\u00edr por nuestres compa\u00f1eres, para que sepan que no est\u00e1n solas. La concentraci\u00f3n deriva en una manifestaci\u00f3n espont\u00e1nea por las calles de Pola de Lena, para que los habitantes del concejo escuchen de viva voz que el Palaciu ha sido desalojado con violencia y represi\u00f3n, y que la Fundaci\u00f3n y el Ayuntamiento de Pola de Lena son responsables del abandono de los pueblos y ejercen una pol\u00edtica feudal.<\/em><\/p>\n<p align=\"justify\"><em>A la ma\u00f1ana siguiente (<strong>mi\u00e9rcoles 5 de febrero<\/strong>) varias personas nos concentramos frente a los juzgados de Pola de Lena. A pesar de que se ha citado a las compas a declarar a las 9.00, solo vemos llegar a las abogadas, Fiscal\u00eda, etc&#8230; y a unos agentes que acuden a denunciar lesiones, entre ellas una lumbalgia de la que al parecer somos responsables. Pero ni rastro de les detenides. Unes compas les entregan unas muletas en el Cuartel, puesto el edificio del Juzgado tiene escaleras y el compa no puede apoyar el pie debido a la lesi\u00f3n. Una vez m\u00e1s aguardamos ante los mismos Guardias Civiles y periodistas del d\u00eda anterior. Aprovechamos para expresar nuestra indignaci\u00f3n ante el art\u00edculo que aparece en La Nueva Espa\u00f1a esa ma\u00f1ana, donde una vez m\u00e1s se constata el papel servil de los medios de desinformaci\u00f3n. Pola de Lena vuelve a o\u00edr las muestras de indignaci\u00f3n y rabia, tambi\u00e9n de solidaridad. Algunas personas de la Pola acuden a mostrar su apoyo al Palaciu y les detenides.<\/em><\/p>\n<p align=\"justify\"><em>Hasta las 12.30 no traen a les compas a declarar. Esperamos impacientes hasta las 14.45, cuando por fin les liberan. La Fiscal\u00eda les imputa un delito de resistencia grave y cinco meses de prisi\u00f3n, a una de las personas el Ministerio Fiscal le atribuye un delito leve de lesiones y una multa. El\u00a0 <strong>26 de marzo<\/strong> tendr\u00e1n que acudir al<strong> juzgado de lo Penal n\u00ba 4 de Oviedo<\/strong>.<\/em><\/p>\n<p align=\"justify\"><em>Pero lo importante es que ya est\u00e1n libres y hemos demostrado una vez m\u00e1s que desde iniciativas aut\u00f3nomas y libertarias podemos dar vida a espacios para el uso comunitario y repoblar las zonas rurales en v\u00edas de abandono, a pesar de la represi\u00f3n.<\/em><\/p>\n<p align=\"justify\"><a href=\"https:\/\/vozcomoarma.noblogs.org\/files\/2020\/02\/okupa.jpg\"><img loading=\"lazy\" decoding=\"async\" class=\"alignnone size-large wp-image-24340\" src=\"https:\/\/vozcomoarma.noblogs.org\/files\/2020\/02\/okupa-1024x576.jpg\" alt=\"\" width=\"640\" height=\"360\" srcset=\"https:\/\/vozcomoarma.noblogs.org\/files\/2020\/02\/okupa-1024x576.jpg 1024w, https:\/\/vozcomoarma.noblogs.org\/files\/2020\/02\/okupa-300x169.jpg 300w, https:\/\/vozcomoarma.noblogs.org\/files\/2020\/02\/okupa-768x432.jpg 768w, https:\/\/vozcomoarma.noblogs.org\/files\/2020\/02\/okupa.jpg 1280w\" sizes=\"auto, (max-width: 640px) 100vw, 640px\" \/><\/a><\/p>\n","protected":false},"excerpt":{"rendered":"<p>Sigue una cr\u00f3nica del reciente desalojo del proyecto de okupaci\u00f3n rural del Centro Social Okupado el Palaciu de Ronz\u00f3n (Pola de Lena, Asturies) el pasado 4 de marzo, que hemos recogido de A Las Barricadas (agradecemos a la persona que &hellip; <a href=\"https:\/\/vozcomoarma.noblogs.org\/?p=24339\">Sigue leyendo <span class=\"meta-nav\">&rarr;<\/span><\/a><\/p>\n","protected":false},"author":7045,"featured_media":0,"comment_status":"closed","ping_status":"open","sticky":false,"template":"","format":"standard","meta":{"footnotes":""},"categories":[58,61,9],"tags":[47,129,62,40,16,42,37,19,11],"class_list":["post-24339","post","type-post","status-publish","format-standard","hentry","category-acciones","category-noticias","category-noticias-y-comunicados","tag-anti-desarrollismo","tag-asturias","tag-desalojo","tag-especulacion","tag-guerra-social","tag-movimientos-sociales","tag-okupacion","tag-represion","tag-solidaridad"],"_links":{"self":[{"href":"https:\/\/vozcomoarma.noblogs.org\/index.php?rest_route=\/wp\/v2\/posts\/24339","targetHints":{"allow":["GET"]}}],"collection":[{"href":"https:\/\/vozcomoarma.noblogs.org\/index.php?rest_route=\/wp\/v2\/posts"}],"about":[{"href":"https:\/\/vozcomoarma.noblogs.org\/index.php?rest_route=\/wp\/v2\/types\/post"}],"author":[{"embeddable":true,"href":"https:\/\/vozcomoarma.noblogs.org\/index.php?rest_route=\/wp\/v2\/users\/7045"}],"replies":[{"embeddable":true,"href":"https:\/\/vozcomoarma.noblogs.org\/index.php?rest_route=%2Fwp%2Fv2%2Fcomments&post=24339"}],"version-history":[{"count":1,"href":"https:\/\/vozcomoarma.noblogs.org\/index.php?rest_route=\/wp\/v2\/posts\/24339\/revisions"}],"predecessor-version":[{"id":24341,"href":"https:\/\/vozcomoarma.noblogs.org\/index.php?rest_route=\/wp\/v2\/posts\/24339\/revisions\/24341"}],"wp:attachment":[{"href":"https:\/\/vozcomoarma.noblogs.org\/index.php?rest_route=%2Fwp%2Fv2%2Fmedia&parent=24339"}],"wp:term":[{"taxonomy":"category","embeddable":true,"href":"https:\/\/vozcomoarma.noblogs.org\/index.php?rest_route=%2Fwp%2Fv2%2Fcategories&post=24339"},{"taxonomy":"post_tag","embeddable":true,"href":"https:\/\/vozcomoarma.noblogs.org\/index.php?rest_route=%2Fwp%2Fv2%2Ftags&post=24339"}],"curies":[{"name":"wp","href":"https:\/\/api.w.org\/{rel}","templated":true}]}}