{"id":24360,"date":"2020-02-02T23:06:00","date_gmt":"2020-02-02T22:06:00","guid":{"rendered":"https:\/\/vozcomoarma.noblogs.org\/?p=24360"},"modified":"2020-03-04T18:07:46","modified_gmt":"2020-03-04T17:07:46","slug":"24360","status":"publish","type":"post","link":"https:\/\/vozcomoarma.noblogs.org\/?p=24360","title":{"rendered":"Contin\u00faa la huelga de hambre rotativa en las prisiones \u00b7 Turnos de febrero"},"content":{"rendered":"<p align=\"justify\">Este mes de febrero contin\u00faa la huelga de hambre rotativa en prisiones, y el turno es el siguiente. Del 1 al 10 le toca a Erasmo San Pablo Tejedor, del 10 al 20 a Mohammed Achraf y del 20 al 30 terminar\u00e1 Vicente Jos\u00e9 Fern\u00e1ndez Bel\u00e9n.<\/p>\n<p align=\"justify\">Os recordamos que pod\u00e9is encontrar m\u00e1s informaci\u00f3n sobre luchas anticarcelarias dentro y fuera de los muros en el <strong><a href=\"http:\/\/tokata.info\/\">Tokata<\/a> <\/strong>y que la huelga pretende visibilizar y presionar para que se cumpla una tabla de 14 puntos reivindicativos que pod\u00e9is consultar a continuaci\u00f3n.<\/p>\n<p align=\"justify\"><strong>\u00a1Escribamos a les entalegades en lucha y agitemos desde la calle!<\/strong><br \/>\n<strong>\u00a1Que las personas presas en lucha no se sientan solas!<\/strong><\/p>\n<p align=\"justify\"><a href=\"https:\/\/vozcomoarma.noblogs.org\/files\/2020\/02\/la-lucha-nos-hace-libres_grande-768x539-1.jpg\"><img loading=\"lazy\" decoding=\"async\" class=\"alignnone size-full wp-image-24577\" src=\"https:\/\/vozcomoarma.noblogs.org\/files\/2020\/02\/la-lucha-nos-hace-libres_grande-768x539-1.jpg\" alt=\"\" width=\"768\" height=\"539\" srcset=\"https:\/\/vozcomoarma.noblogs.org\/files\/2020\/02\/la-lucha-nos-hace-libres_grande-768x539-1.jpg 768w, https:\/\/vozcomoarma.noblogs.org\/files\/2020\/02\/la-lucha-nos-hace-libres_grande-768x539-1-300x211.jpg 300w\" sizes=\"auto, (max-width: 768px) 100vw, 768px\" \/><\/a><\/p>\n<p align=\"justify\"><a href=\"https:\/\/vozcomoarma.noblogs.org\/files\/2020\/02\/Cartel-HHR-Febrero-724x1024-1.jpg\"><img loading=\"lazy\" decoding=\"async\" class=\"size-full wp-image-24377 aligncenter\" src=\"https:\/\/vozcomoarma.noblogs.org\/files\/2020\/02\/Cartel-HHR-Febrero-724x1024-1.jpg\" alt=\"\" width=\"724\" height=\"1024\" srcset=\"https:\/\/vozcomoarma.noblogs.org\/files\/2020\/02\/Cartel-HHR-Febrero-724x1024-1.jpg 724w, https:\/\/vozcomoarma.noblogs.org\/files\/2020\/02\/Cartel-HHR-Febrero-724x1024-1-212x300.jpg 212w\" sizes=\"auto, (max-width: 724px) 100vw, 724px\" \/><\/a><\/p>\n","protected":false},"excerpt":{"rendered":"<p>Este mes de febrero contin\u00faa la huelga de hambre rotativa en prisiones, y el turno es el siguiente. Del 1 al 10 le toca a Erasmo San Pablo Tejedor, del 10 al 20 a Mohammed Achraf y del 20 al &hellip; <a href=\"https:\/\/vozcomoarma.noblogs.org\/?p=24360\">Sigue leyendo <span class=\"meta-nav\">&rarr;<\/span><\/a><\/p>\n","protected":false},"author":7045,"featured_media":0,"comment_status":"closed","ping_status":"open","sticky":false,"template":"","format":"standard","meta":{"footnotes":""},"categories":[58,59,61,9,7],"tags":[17,16,397,42,19,11],"class_list":["post-24360","post","type-post","status-publish","format-standard","hentry","category-acciones","category-convocatorias","category-noticias","category-noticias-y-comunicados","category-presxs","tag-carcel","tag-guerra-social","tag-huelga-de-hambre-rotativa-preses-2019","tag-movimientos-sociales","tag-represion","tag-solidaridad"],"_links":{"self":[{"href":"https:\/\/vozcomoarma.noblogs.org\/index.php?rest_route=\/wp\/v2\/posts\/24360","targetHints":{"allow":["GET"]}}],"collection":[{"href":"https:\/\/vozcomoarma.noblogs.org\/index.php?rest_route=\/wp\/v2\/posts"}],"about":[{"href":"https:\/\/vozcomoarma.noblogs.org\/index.php?rest_route=\/wp\/v2\/types\/post"}],"author":[{"embeddable":true,"href":"https:\/\/vozcomoarma.noblogs.org\/index.php?rest_route=\/wp\/v2\/users\/7045"}],"replies":[{"embeddable":true,"href":"https:\/\/vozcomoarma.noblogs.org\/index.php?rest_route=%2Fwp%2Fv2%2Fcomments&post=24360"}],"version-history":[{"count":5,"href":"https:\/\/vozcomoarma.noblogs.org\/index.php?rest_route=\/wp\/v2\/posts\/24360\/revisions"}],"predecessor-version":[{"id":24579,"href":"https:\/\/vozcomoarma.noblogs.org\/index.php?rest_route=\/wp\/v2\/posts\/24360\/revisions\/24579"}],"wp:attachment":[{"href":"https:\/\/vozcomoarma.noblogs.org\/index.php?rest_route=%2Fwp%2Fv2%2Fmedia&parent=24360"}],"wp:term":[{"taxonomy":"category","embeddable":true,"href":"https:\/\/vozcomoarma.noblogs.org\/index.php?rest_route=%2Fwp%2Fv2%2Fcategories&post=24360"},{"taxonomy":"post_tag","embeddable":true,"href":"https:\/\/vozcomoarma.noblogs.org\/index.php?rest_route=%2Fwp%2Fv2%2Ftags&post=24360"}],"curies":[{"name":"wp","href":"https:\/\/api.w.org\/{rel}","templated":true}]}}