{"id":24433,"date":"2020-02-26T16:42:17","date_gmt":"2020-02-26T15:42:17","guid":{"rendered":"https:\/\/vozcomoarma.noblogs.org\/?p=24433"},"modified":"2020-03-11T02:16:21","modified_gmt":"2020-03-11T01:16:21","slug":"abordaxe-presenta-jornada-pirata-csa-do-sar-compostela-%c2%b7-6-de-marzo","status":"publish","type":"post","link":"https:\/\/vozcomoarma.noblogs.org\/?p=24433","title":{"rendered":"Abordaxe! presenta: Jornada Pirata (CSA do Sar, Compostela \u00b7 6 de marzo)"},"content":{"rendered":"<p align=\"justify\">Les compa\u00f1eres de <strong><a href=\"https:\/\/abordaxe.org\">Abordaxe!<\/a><\/strong> (Galiza) organizan y convocan para el pr\u00f3ximo viernes 6 de marzo esta jornada pirata en el CSA do Sar (Compostela), en la que se proyectar\u00e1 el documental <em>\u00abLos \u00e1ngeles negros de la utop\u00eda\u00bb<\/em>, tras lo cual habr\u00e1 una charla sobre la historia de la pirater\u00eda en Galiza y una foliada.<\/p>\n<p align=\"justify\">&#8212;&#8212;&#8212;&#8212;&#8212;&#8212;&#8212;&#8212;&#8212;-<\/p>\n<p align=\"justify\"><em>La historia real y documentada de la pirater\u00eda se asemeja bien poco al relato que nos vendi\u00f3 Hollywood, pero resulta mucho m\u00e1s atractiva y sorprendente. Esta historia nos habla de la lucha por la libertad, de una anarqu\u00eda mar\u00edtima que puso en peligro a los imperios en todo el mundo y paraliz\u00f3 el comercio naval. Miles de marineres de todas las razas y creencias que tomaban las decisiones de manera horizontal y repart\u00edan equitativamente el bot\u00edn. Estos ensayos libertarios de democracia directa sucedidos casi un siglo antes de la revoluci\u00f3n francesa son paradigmas de rebeld\u00eda contra toda autoridad.<\/em><\/p>\n<p align=\"justify\"><strong><em>\u00a1Se agradece la difusi\u00f3n! (cartel adjunto)<\/em><\/strong><\/p>\n<p align=\"justify\"><a href=\"https:\/\/vozcomoarma.noblogs.org\/files\/2020\/02\/cartaz-6-marzo-1-scaled.jpg\"><img loading=\"lazy\" decoding=\"async\" class=\"size-large wp-image-24434 aligncenter\" src=\"https:\/\/vozcomoarma.noblogs.org\/files\/2020\/02\/cartaz-6-marzo-1-724x1024.jpg\" alt=\"\" width=\"640\" height=\"905\" srcset=\"https:\/\/vozcomoarma.noblogs.org\/files\/2020\/02\/cartaz-6-marzo-1-724x1024.jpg 724w, https:\/\/vozcomoarma.noblogs.org\/files\/2020\/02\/cartaz-6-marzo-1-212x300.jpg 212w, https:\/\/vozcomoarma.noblogs.org\/files\/2020\/02\/cartaz-6-marzo-1-768x1086.jpg 768w, https:\/\/vozcomoarma.noblogs.org\/files\/2020\/02\/cartaz-6-marzo-1-1086x1536.jpg 1086w, https:\/\/vozcomoarma.noblogs.org\/files\/2020\/02\/cartaz-6-marzo-1-1448x2048.jpg 1448w, https:\/\/vozcomoarma.noblogs.org\/files\/2020\/02\/cartaz-6-marzo-1-scaled.jpg 1810w\" sizes=\"auto, (max-width: 640px) 100vw, 640px\" \/><\/a><\/p>\n","protected":false},"excerpt":{"rendered":"<p>Les compa\u00f1eres de Abordaxe! (Galiza) organizan y convocan para el pr\u00f3ximo viernes 6 de marzo esta jornada pirata en el CSA do Sar (Compostela), en la que se proyectar\u00e1 el documental \u00abLos \u00e1ngeles negros de la utop\u00eda\u00bb, tras lo cual &hellip; <a href=\"https:\/\/vozcomoarma.noblogs.org\/?p=24433\">Sigue leyendo <span class=\"meta-nav\">&rarr;<\/span><\/a><\/p>\n","protected":false},"author":7045,"featured_media":0,"comment_status":"closed","ping_status":"open","sticky":false,"template":"","format":"standard","meta":{"footnotes":""},"categories":[59,61,9],"tags":[18,42],"class_list":["post-24433","post","type-post","status-publish","format-standard","hentry","category-convocatorias","category-noticias","category-noticias-y-comunicados","tag-galicia","tag-movimientos-sociales"],"_links":{"self":[{"href":"https:\/\/vozcomoarma.noblogs.org\/index.php?rest_route=\/wp\/v2\/posts\/24433","targetHints":{"allow":["GET"]}}],"collection":[{"href":"https:\/\/vozcomoarma.noblogs.org\/index.php?rest_route=\/wp\/v2\/posts"}],"about":[{"href":"https:\/\/vozcomoarma.noblogs.org\/index.php?rest_route=\/wp\/v2\/types\/post"}],"author":[{"embeddable":true,"href":"https:\/\/vozcomoarma.noblogs.org\/index.php?rest_route=\/wp\/v2\/users\/7045"}],"replies":[{"embeddable":true,"href":"https:\/\/vozcomoarma.noblogs.org\/index.php?rest_route=%2Fwp%2Fv2%2Fcomments&post=24433"}],"version-history":[{"count":2,"href":"https:\/\/vozcomoarma.noblogs.org\/index.php?rest_route=\/wp\/v2\/posts\/24433\/revisions"}],"predecessor-version":[{"id":24454,"href":"https:\/\/vozcomoarma.noblogs.org\/index.php?rest_route=\/wp\/v2\/posts\/24433\/revisions\/24454"}],"wp:attachment":[{"href":"https:\/\/vozcomoarma.noblogs.org\/index.php?rest_route=%2Fwp%2Fv2%2Fmedia&parent=24433"}],"wp:term":[{"taxonomy":"category","embeddable":true,"href":"https:\/\/vozcomoarma.noblogs.org\/index.php?rest_route=%2Fwp%2Fv2%2Fcategories&post=24433"},{"taxonomy":"post_tag","embeddable":true,"href":"https:\/\/vozcomoarma.noblogs.org\/index.php?rest_route=%2Fwp%2Fv2%2Ftags&post=24433"}],"curies":[{"name":"wp","href":"https:\/\/api.w.org\/{rel}","templated":true}]}}