{"id":24438,"date":"2020-02-27T22:14:18","date_gmt":"2020-02-27T21:14:18","guid":{"rendered":"https:\/\/vozcomoarma.noblogs.org\/?p=24438"},"modified":"2020-02-28T17:35:14","modified_gmt":"2020-02-28T16:35:14","slug":"llamado-por-un-marzo-subversivo-anarcofeminista-y-disidente","status":"publish","type":"post","link":"https:\/\/vozcomoarma.noblogs.org\/?p=24438","title":{"rendered":"Llamado por un marzo subversivo, anarcofeminista y disidente"},"content":{"rendered":"<p align=\"justify\">Sigue a continuaci\u00f3n un llamado an\u00f3nimo que nos fue enviado, a hacer de marzo un mes de lucha contra el Patriarcado, el Capital, el Estado, el especismo y toda forma de dominaci\u00f3n o autoridad.<\/p>\n<p align=\"justify\">&#8212;&#8212;&#8212;&#8212;&#8212;&#8212;&#8212;&#8212;&#8212;&#8212;&#8212;&#8212;&#8212;&#8212;<\/p>\n<p align=\"justify\"><strong><em>CONVOCATORIA POR UN MARZO SUBVERSIVO, ANARCOFEMINISTA Y DISIDENTE<\/em><\/strong><\/p>\n<p align=\"justify\"><em>La sociedad est\u00e1 estructurada desde diversas cadenas de opresi\u00f3n que se cruzan y entrecruzan, entendemos que solamente la confrontaci\u00f3n radical es capaz de acabar con cada una de ellas. Estas pesadas cadenas tienen al patriarcado como una de sus bases principales, por lo cual hacemos un llamado a levantar un marzo subversivo, anarcofeminista y disidente. Hist\u00f3ricamente ha sido un mes combativo y pretendemos que lo siga siendo.<\/em><\/p>\n<p align=\"justify\"><em>La destrucci\u00f3n de la autoridad en sus m\u00faltiples dimensiones no puede ir alejada del cuestionamiento y enfrentamiento constante a la dominaci\u00f3n machista, en sus formas y conductas, por eso no vemos el enfrentamiento contra el patriarcado como una lucha parcial.<\/em><\/p>\n<p align=\"justify\"><em>Somos cr\u00edticxs con las posturas hegem\u00f3nicas del feminismo social dem\u00f3crata, que margina y excluye a las sexualidades y cuerpxs no normados. Los g\u00e9neros son construcciones sociales impuestos de los cuales no nos interesa ser parte, apelamos a una deconstrucci\u00f3n completa de nuestras maneras de vernos y relacionarnos\u2026 sin reglas de lo que queramos ser.<\/em><\/p>\n<p align=\"justify\"><em>A su vez, no podr\u00edamos ver la lucha antipatriarcal alejada de una pr\u00e1ctica antirracista y antiespecista. El ejercicio de dominaci\u00f3n es transversal a todxs lxs cuerpxs y especies, por lo que la liberaci\u00f3n tiene que ser total.<\/em><\/p>\n<p align=\"justify\"><em>Convocamos a que este mes todxs las individualidades y\/o colectivxs antiautoritarixs se sumen al enfrentamiento contra cualquier instituci\u00f3n, representaci\u00f3n simb\u00f3lica o material que levante y\/o represente y\/o propague el dominio machista. Iniciamos este mes de lucha antipatriarcal y anarquista, el que como tantos otros saldremos a la calle no para celebrar, ni pedir derechos o igualdad.<\/em><\/p>\n<p align=\"justify\"><em>Somos antiautoritarixs libremente asociadxs, nos alejamos de cualquier grupo, colectivo o coordinadora peticionista que abogue por reformar el actual sistema de dominio, no demandamos nada a ning\u00fan tipo de instituci\u00f3n, no nos interesa la humanizaci\u00f3n del capitalismo. De quienes poseen el monopolio del poder y de la violencia, solo queremos su destrucci\u00f3n. Los cambios de nuestras vidas pasan por nosotrxs mismxs, apoy\u00e1ndonos mutuamente entre compa\u00f1erxs equivalentes. La sororidad vista desde una perspectiva en la que se empatiza con cualquier persona que se identifique como mujer no nos interesa, nuestra solidaridad est\u00e1 con nuestrxs compa\u00f1erxs con lxs que caminamos desde el mismo lado de la barricada, los determinismos sociales o psicol\u00f3gicos en t\u00e9rminos de g\u00e9nero no son motivo para levantar alg\u00fan tipo de camarader\u00eda. Quienes opten por ejercer la autoridad, como polic\u00edas y\/o juezas, en cualquiera de sus formas, se transforman inmediatamente en nuestrxs enemigxs y no nos importan las condiciones sociales, biol\u00f3gicas o ps\u00edquicas de estxs.<\/em><\/p>\n<p align=\"justify\"><em>Este d\u00eda 8 de marzo llamamos a todxs lxs marginadxs, a quienes nos alejamos de las posturas reformistas, ciudadanas y pacifistas, a conformar un bloque negro anarcofeminista y disidente. Compa\u00f1erxs, tom\u00e9monos la calle, llen\u00e9mosla de propaganda y acciones antiautoritarias, validando el hermoso ejercicio de la violencia pol\u00edtica.<\/em><\/p>\n<p align=\"justify\"><strong><em>CONTRA EL ESTADO Y EL CAPITAL, LUCHA ANTIPATRIARCAL.<br \/>\n<\/em><\/strong><strong><em>\u00a1POR LA LIBERACI\u00d3N TOTAL, VIVA LA ANARQU\u00cdA!<\/em><\/strong><\/p>\n<p align=\"justify\"><a href=\"https:\/\/vozcomoarma.noblogs.org\/files\/2020\/02\/afiche-marzo.cleaned-scaled.jpg\"><img loading=\"lazy\" decoding=\"async\" class=\"size-large wp-image-24443 aligncenter\" src=\"https:\/\/vozcomoarma.noblogs.org\/files\/2020\/02\/afiche-marzo.cleaned-707x1024.jpg\" alt=\"\" width=\"640\" height=\"927\" srcset=\"https:\/\/vozcomoarma.noblogs.org\/files\/2020\/02\/afiche-marzo.cleaned-707x1024.jpg 707w, https:\/\/vozcomoarma.noblogs.org\/files\/2020\/02\/afiche-marzo.cleaned-207x300.jpg 207w, https:\/\/vozcomoarma.noblogs.org\/files\/2020\/02\/afiche-marzo.cleaned-768x1112.jpg 768w, https:\/\/vozcomoarma.noblogs.org\/files\/2020\/02\/afiche-marzo.cleaned-1061x1536.jpg 1061w, https:\/\/vozcomoarma.noblogs.org\/files\/2020\/02\/afiche-marzo.cleaned-1415x2048.jpg 1415w, https:\/\/vozcomoarma.noblogs.org\/files\/2020\/02\/afiche-marzo.cleaned-scaled.jpg 1769w\" sizes=\"auto, (max-width: 640px) 100vw, 640px\" \/><\/a><\/p>\n","protected":false},"excerpt":{"rendered":"<p>Sigue a continuaci\u00f3n un llamado an\u00f3nimo que nos fue enviado, a hacer de marzo un mes de lucha contra el Patriarcado, el Capital, el Estado, el especismo y toda forma de dominaci\u00f3n o autoridad. &#8212;&#8212;&#8212;&#8212;&#8212;&#8212;&#8212;&#8212;&#8212;&#8212;&#8212;&#8212;&#8212;&#8212; CONVOCATORIA POR UN MARZO SUBVERSIVO, &hellip; <a href=\"https:\/\/vozcomoarma.noblogs.org\/?p=24438\">Sigue leyendo <span class=\"meta-nav\">&rarr;<\/span><\/a><\/p>\n","protected":false},"author":7045,"featured_media":0,"comment_status":"closed","ping_status":"open","sticky":false,"template":"","format":"standard","meta":{"footnotes":""},"categories":[59,61,9],"tags":[49,26,42],"class_list":["post-24438","post","type-post","status-publish","format-standard","hentry","category-convocatorias","category-noticias","category-noticias-y-comunicados","tag-anti-sexismo","tag-insurreccionalismo","tag-movimientos-sociales"],"_links":{"self":[{"href":"https:\/\/vozcomoarma.noblogs.org\/index.php?rest_route=\/wp\/v2\/posts\/24438","targetHints":{"allow":["GET"]}}],"collection":[{"href":"https:\/\/vozcomoarma.noblogs.org\/index.php?rest_route=\/wp\/v2\/posts"}],"about":[{"href":"https:\/\/vozcomoarma.noblogs.org\/index.php?rest_route=\/wp\/v2\/types\/post"}],"author":[{"embeddable":true,"href":"https:\/\/vozcomoarma.noblogs.org\/index.php?rest_route=\/wp\/v2\/users\/7045"}],"replies":[{"embeddable":true,"href":"https:\/\/vozcomoarma.noblogs.org\/index.php?rest_route=%2Fwp%2Fv2%2Fcomments&post=24438"}],"version-history":[{"count":4,"href":"https:\/\/vozcomoarma.noblogs.org\/index.php?rest_route=\/wp\/v2\/posts\/24438\/revisions"}],"predecessor-version":[{"id":24444,"href":"https:\/\/vozcomoarma.noblogs.org\/index.php?rest_route=\/wp\/v2\/posts\/24438\/revisions\/24444"}],"wp:attachment":[{"href":"https:\/\/vozcomoarma.noblogs.org\/index.php?rest_route=%2Fwp%2Fv2%2Fmedia&parent=24438"}],"wp:term":[{"taxonomy":"category","embeddable":true,"href":"https:\/\/vozcomoarma.noblogs.org\/index.php?rest_route=%2Fwp%2Fv2%2Fcategories&post=24438"},{"taxonomy":"post_tag","embeddable":true,"href":"https:\/\/vozcomoarma.noblogs.org\/index.php?rest_route=%2Fwp%2Fv2%2Ftags&post=24438"}],"curies":[{"name":"wp","href":"https:\/\/api.w.org\/{rel}","templated":true}]}}