{"id":24445,"date":"2020-02-28T17:52:35","date_gmt":"2020-02-28T16:52:35","guid":{"rendered":"https:\/\/vozcomoarma.noblogs.org\/?p=24445"},"modified":"2020-02-28T17:52:35","modified_gmt":"2020-02-28T16:52:35","slug":"cartel-aqui-hay-una-guerra","status":"publish","type":"post","link":"https:\/\/vozcomoarma.noblogs.org\/?p=24445","title":{"rendered":"[Cartel] \u00abAqu\u00ed hay una guerra\u00bb"},"content":{"rendered":"<p align=\"justify\">Recibimos y compartimos este cartel con un repaso por las principales incidencias represivas en este \u00faltimo a\u00f1o y medio contra el movimiento anarquista, y las respuestas a las mismas en forma de ataques y otras expresiones solidarias.<\/p>\n<p align=\"justify\">&#8212;&#8212;&#8212;&#8212;&#8212;&#8212;&#8212;&#8212;&#8212;&#8212;&#8212;&#8212;&#8212;&#8212;&#8212;&#8211;<\/p>\n<p align=\"justify\"><strong><em>Aqu\u00ed hay una guerra<\/em><\/strong><\/p>\n<p align=\"justify\"><em><strong>&#8211; 29 de mayo y 19 de octubre de 2018.<\/strong> Registros en Madrid y Palencia relacionados con la represi\u00f3n contra la revuelta en Hamburgo contra la cumbre del G20 en julio de 2017. Represi\u00f3n coordinada a nivel europeo en estrecha colaboraci\u00f3n entre los distintos Estados.<\/em><\/p>\n<p align=\"justify\"><em><strong>&#8211; 29 de octubre de 2018.<\/strong> Detenidxs dos anarquistas en Madrid acusados de un ataque incendiario contra un cajero autom\u00e1tico de Bankia el 11 de abril de 2018 en solidaridad con la anarquista presa Lisa, condenada por atraco a un banco en Alemania. Se producen diversas muestras de solidaridad contra sedes bancarias en Madrid y otros puntos del estado.<\/em><\/p>\n<p align=\"justify\"><em><strong>&#8211; 25 de abril de 2019.<\/strong> Detenida una anarquista acusada de un ataque con martillo contra la sede nacional de VOX en Madrid. Se producen varios ataques a sedes de partidos pol\u00edticos durante la campa\u00f1a electoral.<\/em><\/p>\n<p align=\"justify\"><em><strong>&#8211; 13 de mayo de 2019.<\/strong> Operativo antiterrorista contra el anarquismo en Tetu\u00e1n (Madrid). Dos compa\u00f1eras detenidas bajo cargos de terrorismo y allanadas una vivienda y el Espacio Anarquista Okupado \u201cLa Emboscada\u201d. Muestras de solidaridad en varios puntos del Estado.<\/em><\/p>\n<p align=\"justify\"><em><strong>&#8211; Todo 2019.<\/strong> Repunte de desalojos de espacios okupados en todo el estado. Detenidxs y decenas de procesos judiciales. Ataques y disturbios en defensa de varios espacios okupados.<\/em><\/p>\n<p align=\"justify\"><strong><em>Solidaridad, complicidad, ataque.<\/em><\/strong><br \/>\n<strong><em>Ni un respiro a los explotadores.<\/em><\/strong><br \/>\n<strong><em>Ni un respiro al poder.<\/em><\/strong><br \/>\n<strong><em>No hay paz con el Estado.<\/em><\/strong><\/p>\n<p align=\"justify\"><a href=\"https:\/\/vozcomoarma.noblogs.org\/files\/2020\/02\/guerra-1448x2048-1.jpg\"><img loading=\"lazy\" decoding=\"async\" class=\"size-large wp-image-24446 aligncenter\" src=\"https:\/\/vozcomoarma.noblogs.org\/files\/2020\/02\/guerra-1448x2048-1-724x1024.jpg\" alt=\"\" width=\"640\" height=\"905\" srcset=\"https:\/\/vozcomoarma.noblogs.org\/files\/2020\/02\/guerra-1448x2048-1-724x1024.jpg 724w, https:\/\/vozcomoarma.noblogs.org\/files\/2020\/02\/guerra-1448x2048-1-212x300.jpg 212w, https:\/\/vozcomoarma.noblogs.org\/files\/2020\/02\/guerra-1448x2048-1-768x1086.jpg 768w, https:\/\/vozcomoarma.noblogs.org\/files\/2020\/02\/guerra-1448x2048-1-1086x1536.jpg 1086w, https:\/\/vozcomoarma.noblogs.org\/files\/2020\/02\/guerra-1448x2048-1.jpg 1448w\" sizes=\"auto, (max-width: 640px) 100vw, 640px\" \/><\/a><\/p>\n","protected":false},"excerpt":{"rendered":"<p>Recibimos y compartimos este cartel con un repaso por las principales incidencias represivas en este \u00faltimo a\u00f1o y medio contra el movimiento anarquista, y las respuestas a las mismas en forma de ataques y otras expresiones solidarias. &#8212;&#8212;&#8212;&#8212;&#8212;&#8212;&#8212;&#8212;&#8212;&#8212;&#8212;&#8212;&#8212;&#8212;&#8212;&#8211; Aqu\u00ed hay &hellip; <a href=\"https:\/\/vozcomoarma.noblogs.org\/?p=24445\">Sigue leyendo <span class=\"meta-nav\">&rarr;<\/span><\/a><\/p>\n","protected":false},"author":7045,"featured_media":0,"comment_status":"closed","ping_status":"open","sticky":false,"template":"","format":"standard","meta":{"footnotes":""},"categories":[27,4],"tags":[16,26,67,42,19,10,11],"class_list":["post-24445","post","type-post","status-publish","format-standard","hentry","category-panfletos","category-publicaciones","tag-guerra-social","tag-insurreccionalismo","tag-madrid","tag-movimientos-sociales","tag-represion","tag-sabotaje","tag-solidaridad"],"_links":{"self":[{"href":"https:\/\/vozcomoarma.noblogs.org\/index.php?rest_route=\/wp\/v2\/posts\/24445","targetHints":{"allow":["GET"]}}],"collection":[{"href":"https:\/\/vozcomoarma.noblogs.org\/index.php?rest_route=\/wp\/v2\/posts"}],"about":[{"href":"https:\/\/vozcomoarma.noblogs.org\/index.php?rest_route=\/wp\/v2\/types\/post"}],"author":[{"embeddable":true,"href":"https:\/\/vozcomoarma.noblogs.org\/index.php?rest_route=\/wp\/v2\/users\/7045"}],"replies":[{"embeddable":true,"href":"https:\/\/vozcomoarma.noblogs.org\/index.php?rest_route=%2Fwp%2Fv2%2Fcomments&post=24445"}],"version-history":[{"count":1,"href":"https:\/\/vozcomoarma.noblogs.org\/index.php?rest_route=\/wp\/v2\/posts\/24445\/revisions"}],"predecessor-version":[{"id":24447,"href":"https:\/\/vozcomoarma.noblogs.org\/index.php?rest_route=\/wp\/v2\/posts\/24445\/revisions\/24447"}],"wp:attachment":[{"href":"https:\/\/vozcomoarma.noblogs.org\/index.php?rest_route=%2Fwp%2Fv2%2Fmedia&parent=24445"}],"wp:term":[{"taxonomy":"category","embeddable":true,"href":"https:\/\/vozcomoarma.noblogs.org\/index.php?rest_route=%2Fwp%2Fv2%2Fcategories&post=24445"},{"taxonomy":"post_tag","embeddable":true,"href":"https:\/\/vozcomoarma.noblogs.org\/index.php?rest_route=%2Fwp%2Fv2%2Ftags&post=24445"}],"curies":[{"name":"wp","href":"https:\/\/api.w.org\/{rel}","templated":true}]}}