{"id":24470,"date":"2020-03-01T18:31:51","date_gmt":"2020-03-01T17:31:51","guid":{"rendered":"https:\/\/vozcomoarma.noblogs.org\/?p=24470"},"modified":"2020-03-01T18:32:02","modified_gmt":"2020-03-01T17:32:02","slug":"reflexion-sobre-los-preparativos-para-el-8m-en-ciudad-real","status":"publish","type":"post","link":"https:\/\/vozcomoarma.noblogs.org\/?p=24470","title":{"rendered":"Reflexi\u00f3n sobre los preparativos para el 8M en Ciudad Real"},"content":{"rendered":"<p align=\"justify\">Recogemos y difundimos esta reflexi\u00f3n publicada por les compas de <strong><a href=\"https:\/\/aleva.noblogs.org\/post\/2020\/02\/28\/empiezan-los-preparativos-para-el-8m\/\">Aleva<\/a> <\/strong>en su blog (y que compartimos en gran medida y consideramos, por desgracia, muy extrapolable a cualquier otro territorio del estado espa\u00f1ol, incluido aquel donde nosotres nos encontramos), acerca de los preparativos que se est\u00e1n llevando a cabo en Ciudad Real para el 8-M, y una cr\u00edtica al \u00abfeminismo\u00bb burgu\u00e9s, hegem\u00f3nico, transf\u00f3bico, racista, clasista y put\u00f3fobo, que se junta con sindicatos traidores, partidos pol\u00edticos oportunistas, grupos racistas u organizaciones policiales supuestamente \u00abbuenas\u00bb y \u00abfeministas\u00bb.<\/p>\n<p align=\"justify\">\n<p align=\"justify\">&#8212;&#8212;&#8212;&#8212;&#8212;&#8212;&#8212;&#8212;&#8212;&#8212;&#8212;&#8212;-<\/p>\n<p align=\"justify\"><em>Desde hace unos d\u00edas han empezado las reuniones y coordinaci\u00f3n de cara a la organizaci\u00f3n del 8M en Ciudad Real y otras localidades de La Mancha, donde hay gente organiz\u00e1ndose para volver a llenar de lucha las calles ese d\u00eda.<\/em><\/p>\n<p align=\"justify\"><em>Pero lo que nos encontramos en muchas de estas reuniones es la consolidaci\u00f3n de unos roles penosos, contra los que d\u00eda a d\u00eda luchamos y de los que intentamos alejarnos todo lo que podemos y que sin embargo, aqu\u00ed parece que tenemos que tolerar sin m\u00e1s. En estas coordinaciones surgidas alrededor de esta fecha (no solo pasa con el 8M ni la lucha feminista) la cr\u00edtica tambi\u00e9n desaparece.<\/em><\/p>\n<p align=\"justify\"><em>Hay una serie de cosas que se suelen dar por hecho en estas quedadas, que no son asambleas por mucho que quieran llamarlo as\u00ed, y que cuesta much\u00edsimo combatir. Una serie de colectivos y dentro de ellos una serie de personas, tienen mucha m\u00e1s capacidad de decisi\u00f3n que otras. Esto es as\u00ed por varios motivos: edad, visibilidad anterior y trayectoria, exposici\u00f3n medi\u00e1tica, relaci\u00f3n con instituciones, etc. Forzando as\u00ed a la consolidaci\u00f3n de un feminismo, que se quiere \u00fanico.<\/em><\/p>\n<p align=\"justify\"><em>Si solo unas pocas dicen que el feminismo debe ser el de las instituciones, pactista y negociador, blanco, \u00ababolicionista\u00bb, nada combativo, que hable con los medios de comunciaci\u00f3n y que colabore o est\u00e9 directamente integrado en partidos pol\u00edticos y sindicatos, y solo esas pocas lo cumplen porque tienen ese privilegio, manejan todos los hilos que lo permiten, niegan otros discursos y realidades y se aprovechan adem\u00e1s que otras compa\u00f1eras rechazan ser part\u00edcipe de esas pr\u00e1cticas por no considerarlas leg\u00edtimas o afines, consiguen la imposici\u00f3n de un discurso y la criminalizaci\u00f3n y exclusi\u00f3n de ideas, pr\u00e1cticas y sujetas pol\u00edticas.<\/em><\/p>\n<p align=\"justify\"><em>Eso es su intenci\u00f3n, pero de esas sujetas pol\u00edticas excluidas de una lucha que deber\u00eda de arroparlas, cuidarlas, apoyarlas y reinvindacarlas surge una lucha feminista que combate toda autoridad.<\/em><\/p>\n<p align=\"justify\"><em>No sabemos en qu\u00e9 momento se perdi\u00f3 la cr\u00edtica a organizarse con partidos pol\u00edticos, cu\u00e1les sean, o sindicatos vende obreras, carceleros y policiales, pero ahora mismo es una realidad constante no solo en la lucha feminsita, sino en otras muchas.<\/em><\/p>\n<p align=\"justify\"><em>Tampoco podemos olvidar <strong><a href=\"https:\/\/vozcomoarma.noblogs.org\/?p=23745\">los ataques sufridos por la pe\u00f1a que el 25N apoy\u00f3 en las movilizaciones que hubo en C-Real a las trabajadoras sexuales<\/a><\/strong>, donde ese feminismo que se dice pac\u00edfico y amable demostr\u00f3 que se sostiene en la violencia contra todxs aquellxs que se salen de su norma.<\/em><\/p>\n<p align=\"justify\"><strong><em>Contra toda autoridad, por la libertad.<\/em><\/strong><\/p>\n<p align=\"justify\"><a href=\"https:\/\/vozcomoarma.noblogs.org\/files\/2020\/03\/8lm-scaled-e1582894792198-768x428-1.jpg\"><img loading=\"lazy\" decoding=\"async\" class=\"size-full wp-image-24471 aligncenter\" src=\"https:\/\/vozcomoarma.noblogs.org\/files\/2020\/03\/8lm-scaled-e1582894792198-768x428-1.jpg\" alt=\"\" width=\"768\" height=\"428\" srcset=\"https:\/\/vozcomoarma.noblogs.org\/files\/2020\/03\/8lm-scaled-e1582894792198-768x428-1.jpg 768w, https:\/\/vozcomoarma.noblogs.org\/files\/2020\/03\/8lm-scaled-e1582894792198-768x428-1-300x167.jpg 300w\" sizes=\"auto, (max-width: 768px) 100vw, 768px\" \/><\/a><\/p>\n","protected":false},"excerpt":{"rendered":"<p>Recogemos y difundimos esta reflexi\u00f3n publicada por les compas de Aleva en su blog (y que compartimos en gran medida y consideramos, por desgracia, muy extrapolable a cualquier otro territorio del estado espa\u00f1ol, incluido aquel donde nosotres nos encontramos), acerca &hellip; <a href=\"https:\/\/vozcomoarma.noblogs.org\/?p=24470\">Sigue leyendo <span class=\"meta-nav\">&rarr;<\/span><\/a><\/p>\n","protected":false},"author":7045,"featured_media":0,"comment_status":"closed","ping_status":"open","sticky":false,"template":"","format":"standard","meta":{"footnotes":""},"categories":[61,9],"tags":[49,332,82,42,24],"class_list":["post-24470","post","type-post","status-publish","format-standard","hentry","category-noticias","category-noticias-y-comunicados","tag-anti-sexismo","tag-ciudad-real","tag-machirulismo-abusos-de-genero","tag-movimientos-sociales","tag-reflexion"],"_links":{"self":[{"href":"https:\/\/vozcomoarma.noblogs.org\/index.php?rest_route=\/wp\/v2\/posts\/24470","targetHints":{"allow":["GET"]}}],"collection":[{"href":"https:\/\/vozcomoarma.noblogs.org\/index.php?rest_route=\/wp\/v2\/posts"}],"about":[{"href":"https:\/\/vozcomoarma.noblogs.org\/index.php?rest_route=\/wp\/v2\/types\/post"}],"author":[{"embeddable":true,"href":"https:\/\/vozcomoarma.noblogs.org\/index.php?rest_route=\/wp\/v2\/users\/7045"}],"replies":[{"embeddable":true,"href":"https:\/\/vozcomoarma.noblogs.org\/index.php?rest_route=%2Fwp%2Fv2%2Fcomments&post=24470"}],"version-history":[{"count":3,"href":"https:\/\/vozcomoarma.noblogs.org\/index.php?rest_route=\/wp\/v2\/posts\/24470\/revisions"}],"predecessor-version":[{"id":24474,"href":"https:\/\/vozcomoarma.noblogs.org\/index.php?rest_route=\/wp\/v2\/posts\/24470\/revisions\/24474"}],"wp:attachment":[{"href":"https:\/\/vozcomoarma.noblogs.org\/index.php?rest_route=%2Fwp%2Fv2%2Fmedia&parent=24470"}],"wp:term":[{"taxonomy":"category","embeddable":true,"href":"https:\/\/vozcomoarma.noblogs.org\/index.php?rest_route=%2Fwp%2Fv2%2Fcategories&post=24470"},{"taxonomy":"post_tag","embeddable":true,"href":"https:\/\/vozcomoarma.noblogs.org\/index.php?rest_route=%2Fwp%2Fv2%2Ftags&post=24470"}],"curies":[{"name":"wp","href":"https:\/\/api.w.org\/{rel}","templated":true}]}}