{"id":24475,"date":"2020-03-03T00:50:23","date_gmt":"2020-03-02T23:50:23","guid":{"rendered":"https:\/\/vozcomoarma.noblogs.org\/?p=24475"},"modified":"2020-03-03T00:55:46","modified_gmt":"2020-03-02T23:55:46","slug":"actualizaciones-sobre-gabriel-pombo-da-silva-convocatorias-proximas","status":"publish","type":"post","link":"https:\/\/vozcomoarma.noblogs.org\/?p=24475","title":{"rendered":"Act\u00f9alizaciones sobre Gabriel Pombo da Silva + Convocatorias pr\u00f3ximas"},"content":{"rendered":"<p align=\"justify\">A continuaci\u00f3n dejamos la informaci\u00f3n que hemos recibido, junto a las pr\u00f3ximas convocatorias anunciadas en solidaridad con el compa\u00f1ero.<\/p>\n<p align=\"justify\">&#8212;&#8212;&#8212;&#8212;&#8212;&#8212;&#8212;&#8212;&#8212;&#8212;&#8212;&#8211;<\/p>\n<p align=\"justify\"><em>Un mes despu\u00e9s de la detenci\u00f3n de nuestro compa\u00f1ero Gabriel, arrestado el pasado 25 de Enero en Portugal, el tribunal de Guimaraes ha resuelto a favor de la extradici\u00f3n al estado espa\u00f1ol.<\/em><\/p>\n<p align=\"justify\"><em>Esta noticia no nos asombra, teniendo en cuenta la venganza activa de la Juez Mercedes Navarro del tribunal n\u00famero 2 de Girona en contra de Gabriel. Esta Juez es la misma que, en Mayo del 2016, orden\u00f3 al entonces director de la prisi\u00f3n de Due\u00f1as (Palencia) ocultar la orden de liberaci\u00f3n inmediata de Gabriel que, despu\u00e9s de 3 semanas de \u00absecuestro\u00bb, sabore\u00f3 finalmente la libertad el 16 de Junio (por esto la Navarro fue denunciada por \u00abprevaricaci\u00f3n\u00bb).<\/em><\/p>\n<p align=\"justify\"><em>Durante este \u00faltimo mes, la tal Navarro, no ha parado de presionar a Portugal con la finalidad de que le fuera consignado \u00abeste peligros\u00edsimo individuo\u00bb.<\/em><\/p>\n<p align=\"justify\"><em>Recordamos que el objetivo principal de la defensa es obtener la libertad de Gabriel en virtud del principio de especialidad\u00bb (gracias al cual fue liberado hace cuatro a\u00f1os sin haber perdido validez jur\u00eddica) y, en todo caso, evitar la extradici\u00f3n, dada la nacionalidad portuguesa que Gabriel ha obtenido recientemente (Portugal no debe extraditar a un nacionalizado propio).<\/em><\/p>\n<p align=\"justify\"><em>Ni el principio de especialidad, ni la nacionalidad portuguesa han sido tenidas en consideraci\u00f3n por el tribunal de Guimaraes, que se ha limitado a darnos la raz\u00f3n para despu\u00e9s concluir que debe proceder a la extradici\u00f3n (o sea, que no puede resistir indiferente a la presi\u00f3n de la se\u00f1ora Navarro).<\/em><\/p>\n<p align=\"justify\"><em>El abogado est\u00e1 presentando el recurso al tribunal supremo de Lisboa y hasta que este no se pronuncie (entorno a alguna semana) Gabriel permanecer\u00e1 detenido en la polic\u00eda judicial de Oporto.<\/em><\/p>\n<p align=\"justify\"><em>Continuamos expres\u00e1ndole toda nuestra solidaridad&#8230; \u00a1Y que no quede como palabra vac\u00eda!<\/em><\/p>\n<p align=\"justify\"><strong><em>\u00a1\u00a1\u00a1GABRIEL LIBRE!!!<br \/>\n<\/em><em>\u00a1\u00a1\u00a1TODOS LIBRES!!!<br \/>\n<\/em><em>\u00a1\u00a1\u00a1VIVA LA ANARQU\u00cdA!!!<\/em><\/strong><\/p>\n<p align=\"justify\">&#8212;&#8212;&#8212;&#8212;&#8212;&#8212;&#8212;&#8212;&#8212;&#8212;&#8212;&#8211;<\/p>\n<p align=\"justify\"><strong>Convocatoria a una concentraci\u00f3n solidaria en Barcelona<\/strong><\/p>\n<p align=\"justify\"><em>Por la libertad de nuestro compa\u00f1ero anarquista GABRIEL POMBO y contra su extradici\u00f3n al Estado espa\u00f1ol.<\/em><\/p>\n<p align=\"justify\"><em>12h CONCENTRACI\u00d3N Consulado de Portugal<\/em><\/p>\n<p align=\"justify\"><em>Ronda Sant Pere 7 (Barcelona) (&lt;M&gt; Urquinaona)<\/em><\/p>\n<p align=\"justify\"><em>Tras la detenci\u00f3n de nuestro compa\u00f1ero anarquista el pasado 25 de Enero, en territorio portugu\u00e9s, Gabriel se encuentra en prisi\u00f3n con petici\u00f3n de extradici\u00f3n al Estado espa\u00f1ol.<\/em><\/p>\n<p align=\"justify\"><em>Con la resoluci\u00f3n del tribunal portugu\u00e9s de Relaciones Exteriores de Guimeraes, el procedimiento de extradici\u00f3n contin\u00faa adelante, teniendo plazo de 5 d\u00edas para recurrir al Tribunal Supremo de Lisboa.<\/em><\/p>\n<p align=\"justify\"><em>Gabriel se encuentra fuerte y preparado para librar esta nueva batalla por su libertad, y por ello os convocamos a la CONCENTRACI\u00d3N en el Consulado de Portugal de Barcelona este MARTES 3 de MARZO, a las 12h en Ronda de Sant Pere 7 (metro Urquinaona), para reclamar su inmediata libertad y manifestar nuestro un\u00e1nime rechazo a su extradici\u00f3n.<\/em><\/p>\n<p align=\"justify\"><strong><em>LIBERTAD PARA GABRIEL POMBO<\/em><\/strong><br \/>\n<strong><em>LIBERTAD ANARQUISTAS PRESXS<\/em><\/strong><\/p>\n<p align=\"justify\">&#8212;&#8212;&#8212;&#8212;&#8212;&#8212;&#8212;&#8212;&#8212;&#8212;&#8212;&#8211;<\/p>\n<p align=\"justify\">Tambi\u00e9n recordamos la concentraci\u00f3n que<strong><a href=\"https:\/\/vozcomoarma.noblogs.org\/?p=24466\"> ya difundimos en este blog<\/a> <\/strong>para la ciudad de Madrid.<\/p>\n<p align=\"justify\"><a href=\"https:\/\/vozcomoarma.noblogs.org\/files\/2020\/02\/concentracion-3-de-marzo.jpg\"><img loading=\"lazy\" decoding=\"async\" class=\"size-full wp-image-24467 aligncenter\" src=\"https:\/\/vozcomoarma.noblogs.org\/files\/2020\/02\/concentracion-3-de-marzo.jpg\" alt=\"\" width=\"333\" height=\"1000\" srcset=\"https:\/\/vozcomoarma.noblogs.org\/files\/2020\/02\/concentracion-3-de-marzo.jpg 333w, https:\/\/vozcomoarma.noblogs.org\/files\/2020\/02\/concentracion-3-de-marzo-100x300.jpg 100w\" sizes=\"auto, (max-width: 333px) 100vw, 333px\" \/><\/a><\/p>\n<p align=\"justify\"><a href=\"https:\/\/vozcomoarma.noblogs.org\/files\/2020\/03\/Convocatorias-libertad-Gabriel.jpg\"><img loading=\"lazy\" decoding=\"async\" class=\"size-full wp-image-24484 aligncenter\" src=\"https:\/\/vozcomoarma.noblogs.org\/files\/2020\/03\/Convocatorias-libertad-Gabriel.jpg\" alt=\"\" width=\"400\" height=\"566\" srcset=\"https:\/\/vozcomoarma.noblogs.org\/files\/2020\/03\/Convocatorias-libertad-Gabriel.jpg 400w, https:\/\/vozcomoarma.noblogs.org\/files\/2020\/03\/Convocatorias-libertad-Gabriel-212x300.jpg 212w\" sizes=\"auto, (max-width: 400px) 100vw, 400px\" \/><\/a><\/p>\n","protected":false},"excerpt":{"rendered":"<p>A continuaci\u00f3n dejamos la informaci\u00f3n que hemos recibido, junto a las pr\u00f3ximas convocatorias anunciadas en solidaridad con el compa\u00f1ero. &#8212;&#8212;&#8212;&#8212;&#8212;&#8212;&#8212;&#8212;&#8212;&#8212;&#8212;&#8211; Un mes despu\u00e9s de la detenci\u00f3n de nuestro compa\u00f1ero Gabriel, arrestado el pasado 25 de Enero en Portugal, el tribunal &hellip; <a href=\"https:\/\/vozcomoarma.noblogs.org\/?p=24475\">Sigue leyendo <span class=\"meta-nav\">&rarr;<\/span><\/a><\/p>\n","protected":false},"author":7045,"featured_media":0,"comment_status":"closed","ping_status":"open","sticky":false,"template":"","format":"standard","meta":{"footnotes":""},"categories":[8,61,9,7],"tags":[16,67,42,19,11],"class_list":["post-24475","post","type-post","status-publish","format-standard","hentry","category-gabriel-pombo-da-silva","category-noticias","category-noticias-y-comunicados","category-presxs","tag-guerra-social","tag-madrid","tag-movimientos-sociales","tag-represion","tag-solidaridad"],"_links":{"self":[{"href":"https:\/\/vozcomoarma.noblogs.org\/index.php?rest_route=\/wp\/v2\/posts\/24475","targetHints":{"allow":["GET"]}}],"collection":[{"href":"https:\/\/vozcomoarma.noblogs.org\/index.php?rest_route=\/wp\/v2\/posts"}],"about":[{"href":"https:\/\/vozcomoarma.noblogs.org\/index.php?rest_route=\/wp\/v2\/types\/post"}],"author":[{"embeddable":true,"href":"https:\/\/vozcomoarma.noblogs.org\/index.php?rest_route=\/wp\/v2\/users\/7045"}],"replies":[{"embeddable":true,"href":"https:\/\/vozcomoarma.noblogs.org\/index.php?rest_route=%2Fwp%2Fv2%2Fcomments&post=24475"}],"version-history":[{"count":3,"href":"https:\/\/vozcomoarma.noblogs.org\/index.php?rest_route=\/wp\/v2\/posts\/24475\/revisions"}],"predecessor-version":[{"id":24485,"href":"https:\/\/vozcomoarma.noblogs.org\/index.php?rest_route=\/wp\/v2\/posts\/24475\/revisions\/24485"}],"wp:attachment":[{"href":"https:\/\/vozcomoarma.noblogs.org\/index.php?rest_route=%2Fwp%2Fv2%2Fmedia&parent=24475"}],"wp:term":[{"taxonomy":"category","embeddable":true,"href":"https:\/\/vozcomoarma.noblogs.org\/index.php?rest_route=%2Fwp%2Fv2%2Fcategories&post=24475"},{"taxonomy":"post_tag","embeddable":true,"href":"https:\/\/vozcomoarma.noblogs.org\/index.php?rest_route=%2Fwp%2Fv2%2Ftags&post=24475"}],"curies":[{"name":"wp","href":"https:\/\/api.w.org\/{rel}","templated":true}]}}