{"id":24612,"date":"2020-03-10T21:53:53","date_gmt":"2020-03-10T20:53:53","guid":{"rendered":"https:\/\/vozcomoarma.noblogs.org\/?p=24612"},"modified":"2020-03-11T08:37:16","modified_gmt":"2020-03-11T07:37:16","slug":"italia-el-reverso-de-la-epidemia-revueltas-y-brutal-represion-en-las-prisiones","status":"publish","type":"post","link":"https:\/\/vozcomoarma.noblogs.org\/?p=24612","title":{"rendered":"Italia &#8211; El reverso de la \u00abepidemia\u00bb: Revueltas y brutal represi\u00f3n en las prisiones"},"content":{"rendered":"<p align=\"justify\">Recogemos y traducimos desde<strong><a href=\"https:\/\/actforfree.nostate.net\/?p=36695\"> Act For Freedom Now!<\/a><\/strong> y compartimos a continuaci\u00f3n un par de escritos con noticias sobre las revueltas y motines que han tenido lugar en las prisiones italianas en las \u00faltimas 72 horas, despu\u00e9s de que en el marco de la pol\u00e9mica pol\u00edtica de excepci\u00f3n aplicada por el gobierno con la excusa de la cuarentena por el denominado \u00abcoronavirus\u00bb (una pol\u00edtica que se ha traducido en m\u00e1s de una docena de pueblos y ciudades en las que no se puede salir de casa, abrazarse, en las que los lugares de reuni\u00f3n y socializaci\u00f3n habitual est\u00e1n cerrados y en las que el Estado ha desplegado al ej\u00e9rcito para militarizar las calles bajo el pretexto de la \u00abseguridad\u00bb; m\u00e1s info <strong><a href=\"https:\/\/vozcomoarma.noblogs.org\/?p=24500\">aqu\u00ed<\/a> <\/strong>y <strong><a href=\"https:\/\/vozcomoarma.noblogs.org\/?p=24549\">aqu\u00ed<\/a><\/strong>), se lanz\u00f3 un decreto que prohibe que las personas presas sean visitadas por sus seres queridos al menos hasta el 3 de abril. Esto provoc\u00f3 fuertes protestas en un mont\u00f3n de c\u00e1rceles italianas, con disturbios y destrozos, ataques a carceleros y preses subi\u00e9ndose a los muros y tejados para informar de lo que estaba sucediendo a aquelles que desde el exterior se movilizaron en solidaridad frente a los talegos.<\/p>\n<p align=\"justify\">El Estado respondi\u00f3 como de costumbre, polic\u00edas pegando palizas, aislamientos y traslados a otras c\u00e1rceles como castigo. Se han notificado tambi\u00e9n varias personas presas muertas.<\/p>\n<p align=\"justify\"><strong>Cabe se\u00f1alar que la situaci\u00f3n no se ha calmado. Permanezcamos atentes pues a nuevas noticias y\/o actualizaciones informativas.<\/strong><\/p>\n<p align=\"justify\">&#8212;&#8212;&#8212;&#8212;&#8212;&#8212;&#8212;&#8212;&#8212;&#8212;&#8212;&#8212;&#8212;&#8212;&#8212;&#8212;&#8212;&#8212;&#8212;&#8211;<\/p>\n<p align=\"justify\"><strong><a href=\"https:\/\/vozcomoarma.noblogs.org\/files\/2020\/03\/modena-carcere-300x229-1.jpg\"><img loading=\"lazy\" decoding=\"async\" class=\"size-full wp-image-24613 alignright\" src=\"https:\/\/vozcomoarma.noblogs.org\/files\/2020\/03\/modena-carcere-300x229-1.jpg\" alt=\"\" width=\"300\" height=\"229\" \/><\/a><a href=\"https:\/\/actforfree.nostate.net\/?p=36695\">Revueltas en numerosas prisiones \u00b7 8 y 9 de marzo 2020<\/a><\/strong><\/p>\n<p align=\"justify\"><em>En este preciso momento, est\u00e1n teniendo lugar revueltas en varias c\u00e1rceles en Italia: M\u00f3dena, Salerno, Pavia, Opera y San Vittore (Mil\u00e1n), Poggioreale (N\u00e1poles), Frosinone (cerca de Roma) y tambi\u00e9n en Vercelli, Palermo, Alessandria (cerca de Tur\u00edn), Bari y Foggia.<\/em><\/p>\n<p align=\"justify\"><em>El decreto del 8 de marzo (poniendo 14 provincias en cuarentena, la totalidad de la regi\u00f3n de Lombard\u00eda y las provincias de M\u00f3dena, Parma, Piacenza, Reggio Emilia, Rimini, Pesaro y Urbino, Alessandria, Asti, Novara, Verbano-Cusio-Ossola, Vercelli, Padua, Tr\u00e9viso y Venice) lo provoc\u00f3. El impacto directo y cruel de este decreto para todes les prisioneres: suspensi\u00f3n de las visitas hasta al menos el 3 de abril.<\/em><\/p>\n<p align=\"justify\"><em>Para M\u00f3dena, un incendio que empez\u00f3 desde un colch\u00f3n ardiendo devast\u00f3 parte de la prisi\u00f3n \u201cmasculina\u201d por la tarde, en las \u00e1reas sanitarias. La oficina de registro donde se guardan los archivos de prisioneres tambi\u00e9n fue quemada. Les amotinades tomaron las zonas comunes hasta la recepci\u00f3n, donde se barricaron causando que huyesen sobre 20 carceleros y personal sanitario. Maderos con equipaci\u00f3n antidisturbios aterrizaron luego, les golpearon y les desalojaron. Ciertes prisioneres hab\u00edan conseguido alcanzar el patio de ejercicios en su ruta de escape. Luego, por la tarde, cuando la polic\u00eda penitenciaria volvi\u00f3 al interior de los muros, algunes segu\u00edan barricades.<\/em><\/p>\n<p align=\"justify\"><em>Las prisioneras en la secci\u00f3n \u201cfemenina\u201d tambi\u00e9n se unieron a la revuelta por el incendio.<\/em><\/p>\n<p align=\"justify\"><em>Tres presos (al menos) est\u00e1n muertos. Dos carceleros fueron heridos durante su hu\u00edda.<\/em><\/p>\n<p align=\"justify\"><em>Con el fuego saboteando la m\u00e1quina, sobre 80 preses, hombres y mujeres, fueron trasladades en autob\u00fas. Solidaries que estaban all\u00ed escucharon a alguien gritar \u201c\u00a1Bolonia!\u201d desde el autob\u00fas.<\/em><\/p>\n<p align=\"justify\"><em><span lang=\"es-ES\">En Pav\u00eda, esta tarde (8 de marzo) la revuelta ha estado <\/span><span lang=\"es-ES\">en marcha<\/span><span lang=\"es-ES\"> desde las 19.30 horas despu\u00e9s de que l<\/span><span lang=\"es-ES\">es<\/span><span lang=\"es-ES\"> visitantes de l<\/span><span lang=\"es-ES\">e<\/span><span lang=\"es-ES\">s <\/span><span lang=\"es-ES\">preses<\/span> <span lang=\"es-ES\">llegasen <\/span><span lang=\"es-ES\">y <\/span><span lang=\"es-ES\">gritasen <\/span><span lang=\"es-ES\">a las puertas <\/span><span lang=\"es-ES\">de la c\u00e1rcel <\/span><span lang=\"es-ES\">contra el cierre de las salas de visitas.<\/span><\/em><\/p>\n<p align=\"justify\"><em><span lang=\"es-ES\">Les preses prendieron fuego a colchones, algunes se subieron al tejado y 2 carceleros fueron tomados como rehenes por algunes prisioneres con determinaci\u00f3n que les arrebataron las llaves para liberar a docenas de otres compa\u00f1eres preses. Parece que esas 2 mierdas uniformadas fueron liberades a alrededor de las 23&#8230;<\/span><\/em><\/p>\n<p align=\"justify\"><em>En Frosinone (sur de Roma) sobre un centenar de preses se barricaron en una secci\u00f3n de la prisi\u00f3n pero la polic\u00eda les desaloj\u00f3. Seg\u00fan los \u201cjournacops\u201d*, les preses hab\u00edan hecho una lista de demandas, entre las cuales ped\u00edan que se restableciesen las visitas, e intentaron negociar con la direcci\u00f3n.<\/em><\/p>\n<p align=\"justify\"><em>En Poggioreale, N\u00e1poles (en la c\u00e1rcel m\u00e1s grande de Italia, con cerca de 2200 preses) muches familiares de preses se reunieron fuera de los muros y bloquearon el tr\u00e1fico circundante para mostrar lo que estaba pasando dentro. Algunes preses se subieron a los muros que rodean el patio de ejercicio y 13 de elles treparon al tejado gritando su rabia contra la suspensi\u00f3n de las visitas.<\/em><\/p>\n<p align=\"justify\"><em>En Opera (Mil\u00e1n) sobre un centenar de preses saquearon todo lo que estaba a su alcance.<\/em><\/p>\n<p align=\"justify\"><em>En Salerno, donde tuvo lugar la revuelta la tarde anterior, toda un ala de la prisi\u00f3n fue devastada.<\/em><\/p>\n<p align=\"justify\"><em>Por el momento las noticias se dan en r\u00e1fagas cortas, y quiz\u00e1 ma\u00f1ana tengamos m\u00e1s\u2026<\/em><\/p>\n<p align=\"justify\"><strong><em>Porque \u201cfuego a las c\u00e1rceles\u201d no es una f\u00f3rmula m\u00e1gica sino una pr\u00e1ctica real para sabotear la m\u00e1quina carcelaria\u2026 <\/em><em>\u00a1Solidaridad con les amotinades! De todas las jaulas, todas las prisiones, campos de concentraci\u00f3n, centros de detenci\u00f3n\u2026<\/em><\/strong><\/p>\n<p align=\"justify\"><strong><em><a href=\"https:\/\/vozcomoarma.noblogs.org\/files\/2020\/03\/milano2-300x143-1.jpeg\"><img loading=\"lazy\" decoding=\"async\" class=\"size-full wp-image-24614 alignright\" src=\"https:\/\/vozcomoarma.noblogs.org\/files\/2020\/03\/milano2-300x143-1.jpeg\" alt=\"\" width=\"300\" height=\"143\" \/><\/a>\u00a1Larga vida al virus de la anarqu\u00eda!<\/em><\/strong><\/p>\n<p align=\"justify\">&#8212;&#8212;&#8212;&#8212;&#8212;&#8212;&#8212;&#8212;&#8212;&#8212;&#8212;&#8212;&#8212;&#8212;&#8212;&#8212;&#8212;-<\/p>\n<p align=\"justify\"><a href=\"https:\/\/actforfree.nostate.net\/?p=36699\"><strong>Cr\u00f3nica sobre la revuelta en la c\u00e1rcel de Santa Ana (M\u00f3dena):<\/strong><\/a><\/p>\n<p align=\"justify\"><strong><em>Una revuelta estall\u00f3 hoy, 8 de marzo de 2020, a primera hora de la tarde, en la prisi\u00f3n de Santa Ana, en M\u00f3dena.<\/em><\/strong><\/p>\n<p align=\"justify\"><em>El hecho fue claramente visto desde fuera ya que 3 columnas de humo se levantaron desde las alas de la estructura, as\u00ed como tambi\u00e9n por la significativa ida y venida de guardias, y la presencia de un helic\u00f3ptero policial vigilando el \u00e1rea.<\/em><\/p>\n<p align=\"justify\"><em>Varies parientes de les preses se reunieron, con solidaries y otres espectadores de la zona circundante, viendo a los GOM llegar con equipo antidisturbios <span lang=\"es-ES\">y claramente escuchando algunos disparos.<\/span><\/em><\/p>\n<p align=\"justify\"><em><span lang=\"es-ES\">Despu\u00e9s de alg\u00fan intento de expulsi\u00f3n por parte de la polic\u00eda, la <\/span><span lang=\"es-ES\">gente<\/span><span lang=\"es-ES\"> a\u00fan se <\/span><span lang=\"es-ES\">reuni\u00f3 <\/span><span lang=\"es-ES\">frente a la prisi\u00f3n, donde se ve\u00edan camionetas, ambulancias y minibuses de la prisi\u00f3n desfilando de un lado a otro. En alg\u00fan momento, despu\u00e9s de varias solicitudes de noticias por parte de familiares, el comandante de la prisi\u00f3n y un emisario del director de la prisi\u00f3n salieron y les dijeron que durante las negociaciones con l<\/span><span lang=\"es-ES\">e<\/span><span lang=\"es-ES\">s rebeldes encerrad<\/span><span lang=\"es-ES\">e<\/span><span lang=\"es-ES\">s en el ala les hab\u00edan devuelto sus tel\u00e9fonos m\u00f3viles para deja<\/span><span lang=\"es-ES\">r<\/span><span lang=\"es-ES\"> que llamen a sus seres queridos. Entonces les pidieron a l<\/span><span lang=\"es-ES\">e<\/span><span lang=\"es-ES\">s miembros de la familia que contestaran el tel\u00e9fono y l<\/span><span lang=\"es-ES\">e<\/span><span lang=\"es-ES\">s convencieran de salir.<\/span><\/em><\/p>\n<p align=\"justify\"><em><span lang=\"es-ES\">Hacia la noche, frente a un gran contingente antidisturbios, surgieron polic\u00edas escoltando a algun<\/span><span lang=\"es-ES\">e<\/span><span lang=\"es-ES\">s de l<\/span><span lang=\"es-ES\">e<\/span><span lang=\"es-ES\">s prisioner<\/span><span lang=\"es-ES\">e<\/span><span lang=\"es-ES\">s, golpe\u00e1ndol<\/span><span lang=\"es-ES\">e<\/span><span lang=\"es-ES\">s mientras estaban esposad<\/span><span lang=\"es-ES\">e<\/span><span lang=\"es-ES\">s; algun<\/span><span lang=\"es-ES\">e<\/span><span lang=\"es-ES\">s estaban en camillas.<\/span><\/em><\/p>\n<p align=\"justify\"><em><span lang=\"es-ES\">Ya alrededor de aquella hora algunos hab\u00edan escoltado una bolsa que conten\u00eda un cad\u00e1ver.<\/span><\/em><\/p>\n<p align=\"justify\"><em><span lang=\"es-ES\">Fue posible hablar con algun<\/span><span lang=\"es-ES\">e<\/span><span lang=\"es-ES\">s de l<\/span><span lang=\"es-ES\">e<\/span><span lang=\"es-ES\">s prisioner<\/span><span lang=\"es-ES\">e<\/span><span lang=\"es-ES\">s en el ala al lado del campo durante los eventos, les dieron noticias de los traslados y que ser\u00edan l<\/span><span lang=\"es-ES\">e<\/span><span lang=\"es-ES\">s \u00faltim<\/span><span lang=\"es-ES\">e<\/span><span lang=\"es-ES\">s en ser transferid<\/span><span lang=\"es-ES\">e<\/span><span lang=\"es-ES\">s de la secci\u00f3n, diciendo que estaban siendo fuertemente golpead<\/span><span lang=\"es-ES\">e<\/span><span lang=\"es-ES\">s.<\/span><\/em><\/p>\n<p align=\"justify\"><em><span lang=\"es-ES\">80 personas han sido trasladadas, aparentemente a Bolonia, Reggio Emilia, Parma, Piacenza y Ascoli en al menos 4 autobuses de la prisi\u00f3n y otros furgones.<\/span><\/em><\/p>\n<p align=\"justify\"><em><span lang=\"es-ES\">Los <\/span><span lang=\"es-ES\">medios de comunicaci\u00f3n del r\u00e9gimen reconstruyeron el asunto como que comenz\u00f3 desde la secci\u00f3n de trabajadores y luego se extendi\u00f3 por toda la prisi\u00f3n donde l<\/span><span lang=\"es-ES\">e<\/span><span lang=\"es-ES\">s prisioner<\/span><span lang=\"es-ES\">e<\/span><span lang=\"es-ES\">s habr\u00edan quemado colchones y se hab\u00edan encerrado en al menos una de las estructuras, y aparentemente, <\/span><span lang=\"es-ES\">por alg\u00fan <\/span><span lang=\"es-ES\">video visto, <\/span><span lang=\"es-ES\">que tomaron <\/span><span lang=\"es-ES\">posesi\u00f3n de <\/span><span lang=\"es-ES\">l<\/span><span lang=\"es-ES\">a armer\u00eda.<\/span><\/em><\/p>\n<p align=\"justify\"><em><span lang=\"es-ES\">3 personas murieron durante la revuelta. Sus identidades y la causa exacta de sus muertes no se han publicado. Otras 2 personas est\u00e1n en cuidados intensivos.<\/span><\/em><\/p>\n<p align=\"justify\"><em><span lang=\"es-ES\">Se habla de da\u00f1os graves a la estructura y destrucci\u00f3n de documentos. Las causas importantes del estallido de la revuelta ser\u00edan el cierre de visitas y la falta de mediadores debido al virus, as\u00ed como la seguridad de la salud dentro de la estructura.<\/span><\/em><\/p>\n<p align=\"justify\"><strong><em><span lang=\"es-ES\">A \u00faltima hora de la tarde parec\u00eda haber rebeldes encerrad<\/span><span lang=\"es-ES\">e<\/span><span lang=\"es-ES\">s; LA SITUACI\u00d3N EST\u00c1 EVOLUCIONANDO CONTINUAMENTE.<\/span><\/em><\/strong><\/p>\n<p align=\"justify\">&#8212;<\/p>\n<p align=\"justify\"><strong>Nota de Traducci\u00f3n: <\/strong><em>Journacops<\/em> no tiene traducci\u00f3n literal en castellano. Es un juego de palabras entre los t\u00e9rminos en ingl\u00e9s <em>\u00abjournalist\u00bb <\/em>(periodista) y <em>\u00abcop\u00bb<\/em> (polic\u00eda), y hace referencia a los periodistas y reporteros que trabajan para la prensa burguesa y basan su labor en amplificar el relato policial y criminalizar.<\/p>\n<p align=\"justify\"><a href=\"https:\/\/vozcomoarma.noblogs.org\/files\/2020\/03\/gettyimages-1206110428.jpg\"><img loading=\"lazy\" decoding=\"async\" class=\"size-full wp-image-24615 aligncenter\" src=\"https:\/\/vozcomoarma.noblogs.org\/files\/2020\/03\/gettyimages-1206110428.jpg\" alt=\"\" width=\"768\" height=\"492\" srcset=\"https:\/\/vozcomoarma.noblogs.org\/files\/2020\/03\/gettyimages-1206110428.jpg 768w, https:\/\/vozcomoarma.noblogs.org\/files\/2020\/03\/gettyimages-1206110428-300x192.jpg 300w\" sizes=\"auto, (max-width: 768px) 100vw, 768px\" \/><\/a> <a href=\"https:\/\/vozcomoarma.noblogs.org\/files\/2020\/03\/carceri-1050x551-1.jpg\"><img loading=\"lazy\" decoding=\"async\" class=\"size-large wp-image-24616 aligncenter\" src=\"https:\/\/vozcomoarma.noblogs.org\/files\/2020\/03\/carceri-1050x551-1-1024x537.jpg\" alt=\"\" width=\"640\" height=\"336\" srcset=\"https:\/\/vozcomoarma.noblogs.org\/files\/2020\/03\/carceri-1050x551-1-1024x537.jpg 1024w, https:\/\/vozcomoarma.noblogs.org\/files\/2020\/03\/carceri-1050x551-1-300x157.jpg 300w, https:\/\/vozcomoarma.noblogs.org\/files\/2020\/03\/carceri-1050x551-1-768x403.jpg 768w, https:\/\/vozcomoarma.noblogs.org\/files\/2020\/03\/carceri-1050x551-1.jpg 1050w\" sizes=\"auto, (max-width: 640px) 100vw, 640px\" \/><\/a><\/p>\n","protected":false},"excerpt":{"rendered":"<p>Recogemos y traducimos desde Act For Freedom Now! y compartimos a continuaci\u00f3n un par de escritos con noticias sobre las revueltas y motines que han tenido lugar en las prisiones italianas en las \u00faltimas 72 horas, despu\u00e9s de que en &hellip; <a href=\"https:\/\/vozcomoarma.noblogs.org\/?p=24612\">Sigue leyendo <span class=\"meta-nav\">&rarr;<\/span><\/a><\/p>\n","protected":false},"author":7045,"featured_media":0,"comment_status":"closed","ping_status":"open","sticky":false,"template":"","format":"standard","meta":{"footnotes":""},"categories":[58,61,9,7],"tags":[35,17,21,16,38,42,19,11,71],"class_list":["post-24612","post","type-post","status-publish","format-standard","hentry","category-acciones","category-noticias","category-noticias-y-comunicados","category-presxs","tag-asesinato-de-estado","tag-carcel","tag-disturbios","tag-guerra-social","tag-italia","tag-movimientos-sociales","tag-represion","tag-solidaridad","tag-tortura"],"_links":{"self":[{"href":"https:\/\/vozcomoarma.noblogs.org\/index.php?rest_route=\/wp\/v2\/posts\/24612","targetHints":{"allow":["GET"]}}],"collection":[{"href":"https:\/\/vozcomoarma.noblogs.org\/index.php?rest_route=\/wp\/v2\/posts"}],"about":[{"href":"https:\/\/vozcomoarma.noblogs.org\/index.php?rest_route=\/wp\/v2\/types\/post"}],"author":[{"embeddable":true,"href":"https:\/\/vozcomoarma.noblogs.org\/index.php?rest_route=\/wp\/v2\/users\/7045"}],"replies":[{"embeddable":true,"href":"https:\/\/vozcomoarma.noblogs.org\/index.php?rest_route=%2Fwp%2Fv2%2Fcomments&post=24612"}],"version-history":[{"count":3,"href":"https:\/\/vozcomoarma.noblogs.org\/index.php?rest_route=\/wp\/v2\/posts\/24612\/revisions"}],"predecessor-version":[{"id":24623,"href":"https:\/\/vozcomoarma.noblogs.org\/index.php?rest_route=\/wp\/v2\/posts\/24612\/revisions\/24623"}],"wp:attachment":[{"href":"https:\/\/vozcomoarma.noblogs.org\/index.php?rest_route=%2Fwp%2Fv2%2Fmedia&parent=24612"}],"wp:term":[{"taxonomy":"category","embeddable":true,"href":"https:\/\/vozcomoarma.noblogs.org\/index.php?rest_route=%2Fwp%2Fv2%2Fcategories&post=24612"},{"taxonomy":"post_tag","embeddable":true,"href":"https:\/\/vozcomoarma.noblogs.org\/index.php?rest_route=%2Fwp%2Fv2%2Ftags&post=24612"}],"curies":[{"name":"wp","href":"https:\/\/api.w.org\/{rel}","templated":true}]}}