{"id":24624,"date":"2020-03-11T15:37:41","date_gmt":"2020-03-11T14:37:41","guid":{"rendered":"https:\/\/vozcomoarma.noblogs.org\/?p=24624"},"modified":"2020-03-11T15:38:28","modified_gmt":"2020-03-11T14:38:28","slug":"italia-portugal-mas-informacion-sobre-motines-en-las-prisiones-italianas-motin-en-la-carcel-de-o-porto-ante-las-medidas-de-excepcion-por-el-coronavirus","status":"publish","type":"post","link":"https:\/\/vozcomoarma.noblogs.org\/?p=24624","title":{"rendered":"Italia\/Portugal &#8211; M\u00e1s informaci\u00f3n sobre motines en las prisiones italianas + Mot\u00edn en la c\u00e1rcel de O Porto ante las medidas de excepci\u00f3n por el \u00abcoronavirus\u00bb"},"content":{"rendered":"<p align=\"justify\"><strong><a href=\"https:\/\/vozcomoarma.noblogs.org\/?p=24612\">Ayer inform\u00e1bamos en este blog<\/a> <\/strong>sobre una serie de motines en un mont\u00f3n de prisiones italianas, donde les preses explotaron ante la prohibici\u00f3n de las visitas de familiares y seres queridos al menos hasta el 3 de abril, dentro de la pol\u00edtica de excepci\u00f3n aplicada por el gobierno italiano dentro y fuera de las c\u00e1rceles con la excusa del \u00abcoronavirus\u00bb.<\/p>\n<p align=\"justify\">Ahora, venimos de recoger del blog <strong><a href=\"https:\/\/desdedentro.noblogs.org\/post\/2020\/03\/10\/motin-en-la-carcel-de-oporto-y-en-27-prisiones-italianas-por-las-medidas-de-excepcion-tomadas-bajo-la-excusa-del-coronavirus\/\">Desde Dentro<\/a> <\/strong>esta informaci\u00f3n adicional, que nos habla de que la cifra de muertes en las c\u00e1rceles italianas se ha duplicado en las \u00faltimas 48 h (en las noticias que tradujimos ayer se hablaba de 3 presos muertos en la c\u00e1rcel de M\u00f3dena, ahora se habla de 6) y el n\u00famero de c\u00e1rceles donde se han producido revueltas tambi\u00e9n ha crecido. Adem\u00e1s, tambi\u00e9n informan de otro mot\u00edn en Portugal, en la c\u00e1rcel de O Porto (donde, recordemos, est\u00e1 preso nuestro compa\u00f1ero Gabriel Pombo da Silva hasta que se resuelva finalmente su extradici\u00f3n, aprobada pero recurrida ante el Tribunal Supremo portugu\u00e9s) y de otras eventualidades relacionadas con el mismo virus en las prisiones espa\u00f1olas.<\/p>\n<p align=\"justify\"><strong>\u00a1A aprovechar esta en\u00e9sima \u00abcrisis\u00bb para desestabilizar el orden mort\u00edfero del Capital, del Patriarcado y de sus Estados!<\/strong><\/p>\n<p align=\"justify\">&#8212;&#8212;&#8212;&#8212;&#8212;&#8212;&#8212;&#8212;&#8212;&#8212;&#8212;&#8212;&#8212;&#8212;&#8212;&#8212;&#8212;<\/p>\n<p align=\"justify\"><strong><em>10-03-2020<\/em><\/strong><\/p>\n<p align=\"justify\"><em>Seg\u00fan hemos podido saber por Gabriel, a trav\u00e9s de una conversaci\u00f3n telef\u00f3nica, en la prisi\u00f3n de Oporto, en la que se encuentra confinado, ha habido un mot\u00edn que se ha saldado con varias personas presas heridas en la cabeza por los guardias, despues de que el director se haya negado a dar de comer a los presxs en las zonas comunes e impedido las visitas a familiares y abogados, a pesar de la propuesta que \u00e9stos le hicieron para que tomara las medidas oportunas de prevenci\u00f3n y, de esta forma, evitar la \u201cmedida\u201d de incomunicarlos de sus seres queridos. Las reivindicaciones han dado su peque\u00f1o fruto hasta el punto de que el director ha acabado cediendo en cuanto a no mantenerlos aislados en su celda, a que hayan podido acceder a poder comprar comida y a poder hablar por tel\u00e9fono. No podemos saber mas, hasta que nuestro compa\u00f1ero pueda comunicarse de nuevo con el exterior.<\/em><\/p>\n<p align=\"justify\"><em>El control social que ejercen los Estados y las empresas se convierte en una malla tan fina que atrapa y sujeta todas las manifestaciones de la vida cotidiana. Es entonces cuando el poder, sin importar quien gobierne, recoge los frutos que le aporta dicha malla. Nos venden su miedo para que, de esta manera, el individuo alienado sucumba a tan perversas sugerencias. De hecho, el Gobierno de Portugal anunci\u00f3 la noche del 6 de marzo, la suspensi\u00f3n de visitas a hospitales, residencias de mayores y prisiones en la regi\u00f3n norte del pa\u00eds, donde (hasta entonces) estaban 15 de los 21 enfermos de coronavirus detectados en territorio luso.<\/em><\/p>\n<p align=\"justify\"><em>En Italia, tambi\u00e9n debido a la \u00abmedida\u00bb de no dejar pasar a las familias a comunicar, hay revueltas en 27 prisiones con un saldo de seis muertos, s\u00f3lo en la prisi\u00f3n de M\u00f3dena, en circunstancias muy poco claras. Los massmedia argumentan que por sobredosis, causa recurrente y muy com\u00fan con la que los Estados intentan justificar la absoluta dejadez y abandono sanitario en el que se ven sumidas las personas privadas de libertad. La c\u00e1rcel mata de mil maneras diferentes y cabe esperar una respuesta similar por parte de los carceleros espa\u00f1oles.<\/em><\/p>\n<p align=\"justify\"><em>En Espa\u00f1a, una carcelera que \u201ctrabaja\u201d en el m\u00f3dulo de jard\u00edn de infancia de la prisi\u00f3n Madrid IV, en Aranjuez, ha dado positivo en las pruebas por coronavirus, el primer caso conocido en la c\u00e1rcel espa\u00f1ola.<\/em><\/p>\n<p align=\"justify\"><em>El Estado mediante el monopolio de la sanidad nos hace m\u00e1s dependientes y nos controla. La medicina es utilizada como un instrumento m\u00e1s de control social al igual que la polic\u00eda, la religi\u00f3n, los medios de comunicaci\u00f3n para perpetuar el poder de dominaci\u00f3n y explotaci\u00f3n. El control social es la autoridad ejercida por la sociedad sobre las personas que la componen. Como dice Foucault: \u00abEl control de la sociedad sobre los individuos no se efect\u00faa solamente a trav\u00e9s de la conciencia o de la ideolog\u00eda, sino tambi\u00e9n en el cuerpo y con el cuerpo. Para la sociedad capitalista, es la biopol\u00edtica lo que m\u00e1s cuenta: lo biol\u00f3gico, lo som\u00e1tico, lo corporal.\u00bb<\/em><\/p>\n<p align=\"justify\"><em>Y como parte del engranaje, los carceleros, militares y policias pero tambi\u00e9n las personas trabajadoras, que seguir\u00e1n produciendo (unxs, dolor y destrucci\u00f3n y otrxs, como esclavos del sistema). No veremos jam\u00e1s cerrar f\u00e1bricas, pero asistimos impasibles como sociedad \u201cdemocr\u00e1tica\u201d \u2013una vez m\u00e1s- a vulneraciones de derechos de gente pobre y, dentro de la \u201ccategor\u00eda\u201d de pobre, a los derechos de lxs presxs.<\/em><\/p>\n<p align=\"justify\"><em>\u00bfSeguiremos pagando las crisis econ\u00f3micas, humanitarias, sanitarias, las transiciones energ\u00e9ticas, mientras los ricos y poderosos sigan siendo excluidos de la c\u00e1rcel, pero tambi\u00e9n de la \u201clista de exclusiones\u201d? \u00bfHasta cuando estaremos dispuestos a permitir que se nos pisotee de esta manera?<\/em><\/p>\n<p align=\"justify\"><strong><em>\u00a1\u00a1\u00a1FUEGO A LA C\u00c1RCEL Y A LA SOCIEDAD QUE LA NECESITA!!!<br \/>\n<\/em><em>\u00a1\u00a1\u00a1POMBO LIBERTAD!!!<\/em><\/strong><\/p>\n<p align=\"justify\"><strong><em>fuente: Presxs en Lucha facebook<\/em><\/strong><\/p>\n<p align=\"justify\"><a href=\"https:\/\/vozcomoarma.noblogs.org\/files\/2020\/03\/5e665673e9ff713b6c7b422c.jpg\"><img loading=\"lazy\" decoding=\"async\" class=\"alignnone size-large wp-image-24625\" src=\"https:\/\/vozcomoarma.noblogs.org\/files\/2020\/03\/5e665673e9ff713b6c7b422c-1024x577.jpg\" alt=\"\" width=\"640\" height=\"361\" srcset=\"https:\/\/vozcomoarma.noblogs.org\/files\/2020\/03\/5e665673e9ff713b6c7b422c-1024x577.jpg 1024w, https:\/\/vozcomoarma.noblogs.org\/files\/2020\/03\/5e665673e9ff713b6c7b422c-300x169.jpg 300w, https:\/\/vozcomoarma.noblogs.org\/files\/2020\/03\/5e665673e9ff713b6c7b422c-768x433.jpg 768w, https:\/\/vozcomoarma.noblogs.org\/files\/2020\/03\/5e665673e9ff713b6c7b422c.jpg 1104w\" sizes=\"auto, (max-width: 640px) 100vw, 640px\" \/><\/a><\/p>\n","protected":false},"excerpt":{"rendered":"<p>Ayer inform\u00e1bamos en este blog sobre una serie de motines en un mont\u00f3n de prisiones italianas, donde les preses explotaron ante la prohibici\u00f3n de las visitas de familiares y seres queridos al menos hasta el 3 de abril, dentro de &hellip; <a href=\"https:\/\/vozcomoarma.noblogs.org\/?p=24624\">Sigue leyendo <span class=\"meta-nav\">&rarr;<\/span><\/a><\/p>\n","protected":false},"author":7045,"featured_media":0,"comment_status":"closed","ping_status":"open","sticky":false,"template":"","format":"standard","meta":{"footnotes":""},"categories":[61,9,7],"tags":[35,17,21,16,38,42,130,24,19,11,71],"class_list":["post-24624","post","type-post","status-publish","format-standard","hentry","category-noticias","category-noticias-y-comunicados","category-presxs","tag-asesinato-de-estado","tag-carcel","tag-disturbios","tag-guerra-social","tag-italia","tag-movimientos-sociales","tag-portugal","tag-reflexion","tag-represion","tag-solidaridad","tag-tortura"],"_links":{"self":[{"href":"https:\/\/vozcomoarma.noblogs.org\/index.php?rest_route=\/wp\/v2\/posts\/24624","targetHints":{"allow":["GET"]}}],"collection":[{"href":"https:\/\/vozcomoarma.noblogs.org\/index.php?rest_route=\/wp\/v2\/posts"}],"about":[{"href":"https:\/\/vozcomoarma.noblogs.org\/index.php?rest_route=\/wp\/v2\/types\/post"}],"author":[{"embeddable":true,"href":"https:\/\/vozcomoarma.noblogs.org\/index.php?rest_route=\/wp\/v2\/users\/7045"}],"replies":[{"embeddable":true,"href":"https:\/\/vozcomoarma.noblogs.org\/index.php?rest_route=%2Fwp%2Fv2%2Fcomments&post=24624"}],"version-history":[{"count":2,"href":"https:\/\/vozcomoarma.noblogs.org\/index.php?rest_route=\/wp\/v2\/posts\/24624\/revisions"}],"predecessor-version":[{"id":24627,"href":"https:\/\/vozcomoarma.noblogs.org\/index.php?rest_route=\/wp\/v2\/posts\/24624\/revisions\/24627"}],"wp:attachment":[{"href":"https:\/\/vozcomoarma.noblogs.org\/index.php?rest_route=%2Fwp%2Fv2%2Fmedia&parent=24624"}],"wp:term":[{"taxonomy":"category","embeddable":true,"href":"https:\/\/vozcomoarma.noblogs.org\/index.php?rest_route=%2Fwp%2Fv2%2Fcategories&post=24624"},{"taxonomy":"post_tag","embeddable":true,"href":"https:\/\/vozcomoarma.noblogs.org\/index.php?rest_route=%2Fwp%2Fv2%2Ftags&post=24624"}],"curies":[{"name":"wp","href":"https:\/\/api.w.org\/{rel}","templated":true}]}}