{"id":24654,"date":"2020-03-16T15:26:51","date_gmt":"2020-03-16T14:26:51","guid":{"rendered":"https:\/\/vozcomoarma.noblogs.org\/?p=24654"},"modified":"2020-03-16T15:32:03","modified_gmt":"2020-03-16T14:32:03","slug":"italia-desalojo-de-una-okupacion-anarquista-y-detenciones-en-samone-di-guiglia-modena","status":"publish","type":"post","link":"https:\/\/vozcomoarma.noblogs.org\/?p=24654","title":{"rendered":"Italia &#8211; Desalojo de una okupaci\u00f3n anarquista y detenciones en Samone di Guiglia (M\u00f3dena)"},"content":{"rendered":"<p align=\"justify\">A continuaci\u00f3n dejamos la traducci\u00f3n que hemos hecho de algunas noticias (que nosotres recogemos desde <strong><a href=\"https:\/\/actforfree.nostate.net\/?p=36733\">Act For Freedom Now!<\/a><\/strong>) relativas al intento de okupaci\u00f3n de una casa rural en Samone di Guiglia (M\u00f3dena, Italia), frustrado por la r\u00e1pida intervenci\u00f3n policial, que desaloj\u00f3 y detuvo a al menos 15 personas acusadas por su participaci\u00f3n en distintos tipos de resistencia.<\/p>\n<p align=\"justify\">&#8212;&#8212;&#8212;&#8212;&#8212;&#8212;&#8212;&#8212;&#8212;&#8212;&#8212;&#8212;&#8212;<\/p>\n<p align=\"justify\"><em>Nos enteramos por los medios del r\u00e9gimen de que el 28 de febrero una casa de campo fue okupada en Samone di Guiglia, en la provincia de M\u00f3dena. Tan pronto como llegaron las fuerzas del orden, algunes okupas se subieron al tejado para resistir. Ayer, tras los enfrentamientos con los maderos, 11 personas fueron arrestadas y la casa fue desalojada.<\/em><\/p>\n<p align=\"justify\"><strong><em>02\/03\/202 Sobre el desalojo de Samone \u2013 Apuntes y actualizaciones<\/em><\/strong><\/p>\n<p align=\"justify\"><em>Ma\u00f1ana [martes 3 de marzo 2020]se confirmar\u00e1n los arrestos. El juez de investigaci\u00f3n ha pedido circunstancias agravantes relativas al cargo de resistencia.<\/em><\/p>\n<p align=\"justify\"><em><strong>CITA DE HOY [lunes 2 de marzo]:<\/strong> a las 15:30 en Ligera di Modena, a trav\u00e9s de Pomposa 8, para salir todes juntes hacia el exterior de la prisi\u00f3n y tratar de saludar a nuestres compa\u00f1eres.<\/em><\/p>\n<p align=\"justify\"><em>Tras el desalojo de Samone estamos esperando por la confirmaci\u00f3n de la audiencia, que debe presentarse ma\u00f1ana por la ma\u00f1ana: en cualquier caso, nos encontraremos en la biblioteca Delfini, en M\u00f3dena. Estamos preparando paquetes para ser enviados dentro. Si tienes algo que pueda ser enviado tr\u00e1elo. Las personas arrestadas son 10. <strong>Daje forte.<\/strong><\/em><\/p>\n<p align=\"justify\"><strong><em>Aqu\u00ed va un peque\u00f1o resumen de los eventos del 28\/29 de febrero:<\/em><\/strong><\/p>\n<p align=\"justify\"><em>El 28 de febrero, un grupo de personas okuparon una casa de campo en el rural de Samone, en la provincia de M\u00f3dena. No hubo inauguraci\u00f3n, ya a primera hora de la tarde maderos, bomberos y ROS amenazaron con el desalojo. Algunes se subieron al tejado y otres se barricaron en la casa, resistiendo a la constante presi\u00f3n y a las amenazas insistentes, hasta que los mierdas se fueron. Al d\u00eda siguiente, llamaron a todos sus amigos y volvieron. Consiguieron asaltar la casa pegando y golpeando con las porras. Mientras tanto, algunes de les okupas se subieron al tejado de nuevo. 10 personas fueron llevadas a la prisi\u00f3n de M\u00f3dena y arrestadas por cargos de resistencia, violencia e insultos a la autoridad, algunes fueron esposades. Cinco okupas resistieron en el tejado durante 8 horas, lo llevaron bien a pesar del fr\u00edo y del paisaje apenino ofuscado por las mierdas uniformadas que amenazaban con arrestarles a todes tan pronto como bajasen. Despu\u00e9s de que se les concediese permiso para recoger sus pertenencias personales bajaron del tejado. Sin embargo, tan pronto como bajaron fueron llevades al cuartel policial en Sassuolo para ser acusades, pero solo una vez que fueron fotografiades y se les tomaron las huellas dactilares. Tras las habituales, largas y desagradables horas esperando, el ruido hecho por gente solidaria en la puerta hizo que los maderos liberasen a les cinco compa\u00f1eres \u2013 no sin antes amenazarles f\u00edsica y verbalmente, incluso antes de que hubiese ning\u00fan cargo de resistencia, okupaci\u00f3n o allanamiento.<\/em><\/p>\n<p align=\"justify\"><strong><em>04\/03\/2020 Samone \u2013 Todes les compa\u00f1eres arrestades durante la resistencia contra el desalojo fueron liberades.<\/em><\/strong><\/p>\n<p align=\"justify\"><em>Nos enteramos de que ayer, 3 de marzo, todes aquelles arrestades tras los eventos en Samone fueron liberades tras la audiencia para confirmar los arrestos. Hasta ahora 15 personas incluyendo a las 10 personas que hab\u00edan sido arrestadas, est\u00e1n en libertad bajo fianza.<\/em><\/p>\n<p align=\"justify\"><a href=\"https:\/\/vozcomoarma.noblogs.org\/files\/2020\/03\/samone.jpg\"><img loading=\"lazy\" decoding=\"async\" class=\"size-full wp-image-24658 aligncenter\" src=\"https:\/\/vozcomoarma.noblogs.org\/files\/2020\/03\/samone.jpg\" alt=\"\" width=\"960\" height=\"540\" srcset=\"https:\/\/vozcomoarma.noblogs.org\/files\/2020\/03\/samone.jpg 960w, https:\/\/vozcomoarma.noblogs.org\/files\/2020\/03\/samone-300x169.jpg 300w, https:\/\/vozcomoarma.noblogs.org\/files\/2020\/03\/samone-768x432.jpg 768w\" sizes=\"auto, (max-width: 960px) 100vw, 960px\" \/><\/a><\/p>\n","protected":false},"excerpt":{"rendered":"<p>A continuaci\u00f3n dejamos la traducci\u00f3n que hemos hecho de algunas noticias (que nosotres recogemos desde Act For Freedom Now!) relativas al intento de okupaci\u00f3n de una casa rural en Samone di Guiglia (M\u00f3dena, Italia), frustrado por la r\u00e1pida intervenci\u00f3n policial, &hellip; <a href=\"https:\/\/vozcomoarma.noblogs.org\/?p=24654\">Sigue leyendo <span class=\"meta-nav\">&rarr;<\/span><\/a><\/p>\n","protected":false},"author":7045,"featured_media":0,"comment_status":"closed","ping_status":"open","sticky":false,"template":"","format":"standard","meta":{"footnotes":""},"categories":[58,61,9],"tags":[62,21,16,38,42,37,19,11],"class_list":["post-24654","post","type-post","status-publish","format-standard","hentry","category-acciones","category-noticias","category-noticias-y-comunicados","tag-desalojo","tag-disturbios","tag-guerra-social","tag-italia","tag-movimientos-sociales","tag-okupacion","tag-represion","tag-solidaridad"],"_links":{"self":[{"href":"https:\/\/vozcomoarma.noblogs.org\/index.php?rest_route=\/wp\/v2\/posts\/24654","targetHints":{"allow":["GET"]}}],"collection":[{"href":"https:\/\/vozcomoarma.noblogs.org\/index.php?rest_route=\/wp\/v2\/posts"}],"about":[{"href":"https:\/\/vozcomoarma.noblogs.org\/index.php?rest_route=\/wp\/v2\/types\/post"}],"author":[{"embeddable":true,"href":"https:\/\/vozcomoarma.noblogs.org\/index.php?rest_route=\/wp\/v2\/users\/7045"}],"replies":[{"embeddable":true,"href":"https:\/\/vozcomoarma.noblogs.org\/index.php?rest_route=%2Fwp%2Fv2%2Fcomments&post=24654"}],"version-history":[{"count":3,"href":"https:\/\/vozcomoarma.noblogs.org\/index.php?rest_route=\/wp\/v2\/posts\/24654\/revisions"}],"predecessor-version":[{"id":24659,"href":"https:\/\/vozcomoarma.noblogs.org\/index.php?rest_route=\/wp\/v2\/posts\/24654\/revisions\/24659"}],"wp:attachment":[{"href":"https:\/\/vozcomoarma.noblogs.org\/index.php?rest_route=%2Fwp%2Fv2%2Fmedia&parent=24654"}],"wp:term":[{"taxonomy":"category","embeddable":true,"href":"https:\/\/vozcomoarma.noblogs.org\/index.php?rest_route=%2Fwp%2Fv2%2Fcategories&post=24654"},{"taxonomy":"post_tag","embeddable":true,"href":"https:\/\/vozcomoarma.noblogs.org\/index.php?rest_route=%2Fwp%2Fv2%2Ftags&post=24654"}],"curies":[{"name":"wp","href":"https:\/\/api.w.org\/{rel}","templated":true}]}}