{"id":2471,"date":"2014-01-15T22:49:49","date_gmt":"2014-01-15T21:49:49","guid":{"rendered":"http:\/\/vozcomoarma.noblogs.org\/?p=2471"},"modified":"2014-01-15T22:56:56","modified_gmt":"2014-01-15T21:56:56","slug":"mentiras-y-mas-mentiras-sobre-lxs-detenidxs-en-vigo-lugo-y-ciudad-real-ayer","status":"publish","type":"post","link":"https:\/\/vozcomoarma.noblogs.org\/?p=2471","title":{"rendered":"Mentiras y m\u00e1s mentiras &#8211; Sobre lxs detenidxs en Vigo, Lugo y Ciudad Real ayer."},"content":{"rendered":"<p style=\"text-align: justify\">Viene de: <a href=\"https:\/\/vozcomoarma.noblogs.org\/?p=2452\" rel=\"bookmark\">Dos personas detenidas en Galiza en relaci\u00f3n a un ataque incendiario en septiembre de 2012.<\/a> Tener en cuenta que actualmente son 3 las personas detenidas en relaci\u00f3n a este caso, sum\u00e1ndose un tercer detenido en Ciudad Real, a lxs detenidxs en las ciudades galegas de Vigo y Lugo.<\/p>\n<p style=\"text-align: justify\">Los medios burgueses como por ejemplo el embustero peri\u00f3dico lucense El Progreso est\u00e1 divulgando una contradictoria y absurda informaci\u00f3n sobre uno de lxs detenidxs en relaci\u00f3n a los coctelazos lanzados contra la sede del club financiero en Vigo, en septiembre de 2012. En este peri\u00f3dico (al que este blog no dar\u00e1 enlace ni cobertura m\u00e1s all\u00e1 de lo necesario de mencionarles en esta noticia como lo que son, un sucio altavoz para las mentiras de la polic\u00eda y la audiencia nazi-onal), mientras mencionan la huelga de hambre que este militante (que a juzgar por la foto que adjuntan de \u00e9l estar\u00eda relacionado con la izquierda independentista y no con el movimiento anarquista, como ya se adelant\u00f3 a informar entre otros medios Europapress)\u00a0llev\u00f3 a cabo a finales de 2013 exigiendo el derecho de todxs lxs ciudadanxs a tener comida y una vivienda digna, hablan tambi\u00e9n de una detenci\u00f3n anterior por un incidente con maderos en un establecimiento y aafirman, sin pelos en la lengua, que\u00a0<em>\u00abest\u00e1 considerado como uno de los miembros activos de Resistencia Galega\u00bb<\/em>. Me pregunto c\u00f3mo se es \u00abmiembro activo\u00bb de una organizaci\u00f3n que no existe, y me gustar\u00eda obtener respuesta a esta cuesti\u00f3n por parte de cualquiera de estxs bastardxs que, auto-denominadxs \u00abperiodistas\u00bb, no son sino terroristas de la pluma, mentirosos profesionales cuya miserable profesi\u00f3n no es otra que la de fabricar miedo que vender con sus peri\u00f3dicos y sus pantallas, para legitimar el incremento en la represi\u00f3n y en la inversi\u00f3n en materia de control social.<\/p>\n<p style=\"text-align: justify\">Resist\u00eancia Galega es una ficticia organizaci\u00f3n, presuntamente vinculada al independentismo radical, con la cual la polic\u00eda, los medios y las instituciones judiciales est\u00e1n tratando de legitimar y normalizar socialmente la aplicaci\u00f3n de leyes antiterroristas para cualquier acto de sabotaje o sedici\u00f3n a los imperativos capitalistas o del Estado espa\u00f1ol dentro del territorio galaico. Al m\u00e1s puro estilo de la estrategia empleada por el fiscal Marini en Italia en su famoso proceso, se inventan de la nada la existencia de esta organizaci\u00f3n, y como si de una nueva ETA se tratara, nos venden que existe toda una infraestructura de complejo funcionamiento, mientras una parte de la ciudadan\u00eda, la m\u00e1s ciega y reaccionaria, aplaude con las orejas. Ahora, por lo visto, uno de lxs detenidxs que seg\u00fan informaron algunos medios como Europapress o ABC estar\u00edan vinculadxs con <em>\u00abgrupos radicales violentos antisistema, vinculados a la extrema izquierda, y anarquistas de car\u00e1cter insurreccionalista\u00bb<\/em> (tal y como expresa la noticia en ABC, que adem\u00e1s, se apresur\u00f3 en publicar las fotograf\u00edas de las 3 personas detenidas antes de que exista cualquier sentencia firme contra ellxs, lo que vulnera gravemente el c\u00f3digo \u00e9tico del periodismo, si es que tienen algo de \u00e9tica estos vasallos escondidos tras las hojas de papel de un peri\u00f3dico que s\u00f3lo vale como sustitutivo del papel de v\u00e1ter ), se transforma sorprendentemente en un independentista que llev\u00f3 a cabo una huelga de hambre en solidaridad con las capas sociales m\u00e1s desfavorecidas y agredidas por esta debacle.<\/p>\n<p style=\"text-align: justify\">Todo esto es muy extra\u00f1o. Hoy el medio La Secta emit\u00eda im\u00e1genes de archivo policial hablando de incautaci\u00f3n de armas. Ahora, hablan de una misma persona como anarquista y sin embargo cuelgan una foto suya enarbolando banderas independentistas. La informaci\u00f3n que trasciende es contradictoria de un medio a otro y muy confusa, y las mentiras proliferan por varios flancos. Por eso, es importante tener cautela y esperar a que los hechos hablen solos, a tener noticias de abogadxs o de lxs propixs detenidxs y a saber qu\u00e9 se puede hacer para continuar luchando, pues no hay mejor forma de solidaridad que esa.<\/p>\n<p style=\"text-align: justify\">Seguir\u00e9 informando&#8230;<\/p>\n","protected":false},"excerpt":{"rendered":"<p>Viene de: Dos personas detenidas en Galiza en relaci\u00f3n a un ataque incendiario en septiembre de 2012. Tener en cuenta que actualmente son 3 las personas detenidas en relaci\u00f3n a este caso, sum\u00e1ndose un tercer detenido en Ciudad Real, a &hellip; <a href=\"https:\/\/vozcomoarma.noblogs.org\/?p=2471\">Sigue leyendo <span class=\"meta-nav\">&rarr;<\/span><\/a><\/p>\n","protected":false},"author":7045,"featured_media":0,"comment_status":"closed","ping_status":"open","sticky":false,"template":"","format":"standard","meta":{"footnotes":""},"categories":[61,9],"tags":[18,16,42,24,19,11],"class_list":["post-2471","post","type-post","status-publish","format-standard","hentry","category-noticias","category-noticias-y-comunicados","tag-galicia","tag-guerra-social","tag-movimientos-sociales","tag-reflexion","tag-represion","tag-solidaridad"],"_links":{"self":[{"href":"https:\/\/vozcomoarma.noblogs.org\/index.php?rest_route=\/wp\/v2\/posts\/2471","targetHints":{"allow":["GET"]}}],"collection":[{"href":"https:\/\/vozcomoarma.noblogs.org\/index.php?rest_route=\/wp\/v2\/posts"}],"about":[{"href":"https:\/\/vozcomoarma.noblogs.org\/index.php?rest_route=\/wp\/v2\/types\/post"}],"author":[{"embeddable":true,"href":"https:\/\/vozcomoarma.noblogs.org\/index.php?rest_route=\/wp\/v2\/users\/7045"}],"replies":[{"embeddable":true,"href":"https:\/\/vozcomoarma.noblogs.org\/index.php?rest_route=%2Fwp%2Fv2%2Fcomments&post=2471"}],"version-history":[{"count":3,"href":"https:\/\/vozcomoarma.noblogs.org\/index.php?rest_route=\/wp\/v2\/posts\/2471\/revisions"}],"predecessor-version":[{"id":2474,"href":"https:\/\/vozcomoarma.noblogs.org\/index.php?rest_route=\/wp\/v2\/posts\/2471\/revisions\/2474"}],"wp:attachment":[{"href":"https:\/\/vozcomoarma.noblogs.org\/index.php?rest_route=%2Fwp%2Fv2%2Fmedia&parent=2471"}],"wp:term":[{"taxonomy":"category","embeddable":true,"href":"https:\/\/vozcomoarma.noblogs.org\/index.php?rest_route=%2Fwp%2Fv2%2Fcategories&post=2471"},{"taxonomy":"post_tag","embeddable":true,"href":"https:\/\/vozcomoarma.noblogs.org\/index.php?rest_route=%2Fwp%2Fv2%2Ftags&post=2471"}],"curies":[{"name":"wp","href":"https:\/\/api.w.org\/{rel}","templated":true}]}}