{"id":24729,"date":"2020-03-18T19:25:37","date_gmt":"2020-03-18T18:25:37","guid":{"rendered":"https:\/\/vozcomoarma.noblogs.org\/?p=24729"},"modified":"2020-03-18T19:25:56","modified_gmt":"2020-03-18T18:25:56","slug":"texto-mundo-covid-19-las-epidemias-en-la-era-del-capitalismo-contra-toda-nocividad","status":"publish","type":"post","link":"https:\/\/vozcomoarma.noblogs.org\/?p=24729","title":{"rendered":"[Texto] \u00abMundo Covid-19: Las epidemias en la era del capitalismo\u00bb (Contra Toda Nocividad)"},"content":{"rendered":"<p align=\"justify\">Recibimos y compartimos esta reflexi\u00f3n de les compa\u00f1eres de <strong><a href=\"https:\/\/contratodanocividad.espivblogs.net\/home\/\">Contra Toda Nocividad<\/a><\/strong> sobre la actual \u00abpandemia\u00bb del Coronavirus y sus usos por parte del Estado y el Capital a modo de pretexto para estrechar m\u00e1s todav\u00eda derechos y libertades, recluy\u00e9ndonos en casa \u00abpor seguridad\u00bb mientras militariza las calles de nuestras ciudades con mercenarios armados con metralletas y potencia las estructuras del sistema que produce todas las nocividades.<\/p>\n<p align=\"justify\">&#8212;&#8212;&#8212;&#8212;&#8212;&#8212;&#8212;&#8212;&#8212;&#8212;&#8212;&#8212;&#8212;&#8212;&#8212;&#8212;&#8211;<\/p>\n<p align=\"justify\"><strong><em>MUNDO COVID-19:<br \/>\n<\/em><\/strong><strong><em>Las epidemias en la era del Capitalismo<\/em><\/strong><\/p>\n<p align=\"justify\"><em>La explotaci\u00f3n de los recursos naturales del planeta est\u00e1 llevando a la humanidad al borde de la autodestrucci\u00f3n, vivimos en medio de epidemias causadas en su mayor\u00eda por la propagaci\u00f3n continua de productos qu\u00edmicos (pesticidas, insecticidas, disruptores endocrinos, etc.) y nocivos para nuestra salud al mismo tiempo vivimos rodeados de una atmosfera con niveles tan altos de contaminaci\u00f3n como para desarrollar alergias y enfermedades en gran parte de la poblaci\u00f3n. Esta explotaci\u00f3n de los recursos naturales lleva consigo igualmente la devastaci\u00f3n del territorio por parte de tecno industria: el Mediterr\u00e1neo convertido en una alcantarilla, el sudeste asi\u00e1tico en un desierto qu\u00edmico, \u00c1frica en un gran vertedero, etc.<\/em><\/p>\n<p align=\"justify\"><em>La aparici\u00f3n del virus conocido como Covid-19 es consecuencia de la civilizaci\u00f3n industrial, para nosotros lo importante no es si el virus ha mutado de un murci\u00e9lago debido posiblemente a la industrializaci\u00f3n de su h\u00e1bitat o de si es un ataque de EEUU a la econom\u00eda China , para nosotros lo importante es que es la consecuencia de un sistema que mercantiliza cada proceso, objeto o ser vivo sobre la tierra, es la codicia de un sistema que persigue la aniquilaci\u00f3n de todo lo vivo para artificializar el mundo. No pod\u00edamos pensar que nuestra forma de vida basada en el crecimiento continuo en un planeta que en realidad es finito no iba a traer estas consecuencias y otros desastres que vendr\u00e1n. Cientos de productos qu\u00edmicos presentes en nuestra cotidianidad modifican los procesos naturales dando lugar a cientos de \u201ccat\u00e1strofes\u201d (epidemias, cambio clim\u00e1tico, etc.), son los mismos productos que en China producen un mill\u00f3n y medio de muertos al a\u00f1o y que no salen en las noticias, que no producen ni alarma social, ni confinamientos, ni estado de alarma. En Espa\u00f1a son 10.000 los que mueren al a\u00f1o por contaminaci\u00f3n y no cunde el p\u00e1nico, son parte de las v\u00edctimas necesarias para que el mundo industrial pueda seguir funcionando, lo importante es que el progreso y su codicia no se detengan.<\/em><\/p>\n<p align=\"justify\"><em>En principio, el Covid 9 (aunque lo contin\u00faan investigando) es una gripe con s\u00edntomas similares a la gripe com\u00fan y ambas afectan m\u00e1s a personas que sufriesen patolog\u00edas anteriores y especialmente a la poblaci\u00f3n de mayor edad, ambas gripes se diferencian en la r\u00e1pida propagaci\u00f3n y capacidad de contagio de la primera que es lo que ha levantado la alarma sanitaria. En el momento de escribir este texto son casi 300 las personas que han muerto a causa del Covid9, sin embargo, la gripe com\u00fan caus\u00f3 en Espa\u00f1a el a\u00f1o pasado m\u00e1s de 6.000 muertes y en 2018 llego a las 8000. Ante esto nos preguntamos a que es debida esta situaci\u00f3n excepcional, de alarma social creada en gran parte por los medios de comunicaci\u00f3n y por la opacidad de la informaci\u00f3n que transmiten aquellos que gestionan nuestras vidas.<\/em><\/p>\n<p align=\"justify\"><em>Como forma de acabar con la pandemia el Estado ha decretado el \u201cEstado de alarma\u201d que conlleva las prohibiciones de movimiento, el confinamiento, el aumento del control, suspensi\u00f3n de reuniones y de la vida p\u00fablica en general, control de los medios de transporte y qui\u00e9n sabe si dentro de poco de la distribuci\u00f3n de alimentos. En este proceso vemos como el Estado deviene en ecofascista donde el gobierno se ver\u00e1 cada vez m\u00e1s obligado a actuar para administrar los recursos y el espacio cada vez m\u00e1s \u201cenrarecidos\u201d dando lugar a que la preservaci\u00f3n de los recursos m\u00e1s necesarios solamente puedan garantizarse sacrificando otra necesidad: la libertad.<\/em><\/p>\n<p align=\"justify\"><em>A falta de un enemigo interior o exterior el Estado ha encontrado un enemigo ante el cual mostrar todo su potencial b\u00e9lico y al mismo tiempo acentuar el sometimiento a la poblaci\u00f3n mediante el miedo y la represi\u00f3n mientras se erige como la \u00fanica posibilidad de salvaci\u00f3n ante el terror producido por la epidemia. Para nosotros la soluci\u00f3n no es un estado m\u00e1s autoritario es la desaparici\u00f3n de toda forma de autoridad. A partir de ahora posiblemente los estados de alarma, de emergencia&#8230; se sucedan como consecuencia de la devastaci\u00f3n ecol\u00f3gica y social del mundo porque estamos seguros que las cat\u00e1strofes seguir\u00e1n ocurriendo. No exageramos cuando hablamos de potencial b\u00e9lico: ya estamos viendo al ej\u00e9rcito tomando posiciones en lugares estrat\u00e9gicos, la polic\u00eda controlando m\u00e1s las calles y drones con c\u00e1maras vigilando los movimientos de la poblaci\u00f3n. Las medidas del estado de alarma no persiguen \u00fanicamente acabar con la pandemia de la gripe sino que persiguen tambi\u00e9n extender otra pandemia: la de la servidumbre voluntaria de la poblaci\u00f3n mediante la obediencia a las leyes ante el peligro de la pandemia, acabar con las cr\u00edticas al Estado y al Capitalismo ante el miedo y los posibles riesgos. Esta servidumbre voluntaria ser\u00eda imposible sin el sometimiento a nuestros aparatos tecnol\u00f3gicos y a la forma de vida que crean. Ante situaci\u00f3n de pandemia o cualquier otro desastre quedamos sometidos a tecn\u00f3cratas, especialistas, expertos, cient\u00edficos, etc., a aquellos gestores del espacio y del tiempo que lo tienen todo planificado en sus racionales c\u00e1lculos.<\/em><\/p>\n<p align=\"justify\"><em>Igualmente las consecuencias de esta epidemia, o de cualquier otro desastre industrial, ser\u00e1n econ\u00f3micamente devastadoras, ya estamos viendo la situaci\u00f3n cr\u00edtica de miles de personas que se ver\u00e1n abocadas al paro o la precarizaci\u00f3n de sus trabajos, como siempre el empeoramiento de las condiciones de vida la sufrir\u00e1n las capas m\u00e1s desfavorecidas de la sociedad que ya llevan a\u00f1os soportando las duras embestidas de la \u201ccrisis capitalista\u201d y sus recortes. Por lo contrario, seguramente reportara grandes beneficios a las clases altas, como por ejemplo, a los propietarios de las grandes farmac\u00e9uticas.<\/em><\/p>\n<p align=\"justify\"><em>Ante la epidemia, la confinaci\u00f3n industrial en la que vivimos se agiganta, nos encierran en nuestras jaulas de ladrillo y hormig\u00f3n de donde solo podremos escapar virtualmente de la agobiante realidad trav\u00e9s de nuestros aparatos tecnol\u00f3gicos. Los mismos aparatos que nos someten y perpet\u00faan la alienaci\u00f3n ante la forma de vida industrial. Aquellos aparatos que nos deshumanizan y modelan nuestras percepciones, nuestro cerebro, nuestros sentimientos, etc. que redise\u00f1an la forma de vernos a nosotros mismos y al mundo. Enganchados al mundo virtual nos mantenemos alejados de la realidad de un mundo hostil, de una epidemia o de una cat\u00e1strofe nuclear. Desde aquellos que gestionan nuestras vidas no reclaman responsabilidad intent\u00e1ndonos hacer part\u00edcipes de las cat\u00e1strofes del capitalismo industrial, curioso porque una de las caracter\u00edsticas de la posmodernidad es la falta de responsabilidad en los actos de cada uno ya que participamos en la m\u00e1quina \u201cajenos\u201d a sus efectos. Para nosotros los \u00fanicos responsables son la organizaci\u00f3n t\u00e9cnica de la vida y quienes la gestionan.<\/em><\/p>\n<p align=\"justify\"><strong><em>CONTRA TODA NOCIVIDAD<br \/>\n<\/em><em>MARZO 2020<\/em><\/strong><\/p>\n<p align=\"justify\"><a href=\"https:\/\/vozcomoarma.noblogs.org\/files\/2020\/03\/1940e8a0bbb8f32aa0665f27e8b96841.jpg\"><img loading=\"lazy\" decoding=\"async\" class=\"size-full wp-image-24733 aligncenter\" src=\"https:\/\/vozcomoarma.noblogs.org\/files\/2020\/03\/1940e8a0bbb8f32aa0665f27e8b96841.jpg\" alt=\"\" width=\"589\" height=\"447\" srcset=\"https:\/\/vozcomoarma.noblogs.org\/files\/2020\/03\/1940e8a0bbb8f32aa0665f27e8b96841.jpg 589w, https:\/\/vozcomoarma.noblogs.org\/files\/2020\/03\/1940e8a0bbb8f32aa0665f27e8b96841-300x228.jpg 300w\" sizes=\"auto, (max-width: 589px) 100vw, 589px\" \/><\/a><\/p>\n","protected":false},"excerpt":{"rendered":"<p>Recibimos y compartimos esta reflexi\u00f3n de les compa\u00f1eres de Contra Toda Nocividad sobre la actual \u00abpandemia\u00bb del Coronavirus y sus usos por parte del Estado y el Capital a modo de pretexto para estrechar m\u00e1s todav\u00eda derechos y libertades, recluy\u00e9ndonos &hellip; <a href=\"https:\/\/vozcomoarma.noblogs.org\/?p=24729\">Sigue leyendo <span class=\"meta-nav\">&rarr;<\/span><\/a><\/p>\n","protected":false},"author":7045,"featured_media":0,"comment_status":"closed","ping_status":"open","sticky":false,"template":"","format":"standard","meta":{"footnotes":""},"categories":[20],"tags":[47,39,16],"class_list":["post-24729","post","type-post","status-publish","format-standard","hentry","category-textos","tag-anti-desarrollismo","tag-anti-especismo","tag-guerra-social"],"_links":{"self":[{"href":"https:\/\/vozcomoarma.noblogs.org\/index.php?rest_route=\/wp\/v2\/posts\/24729","targetHints":{"allow":["GET"]}}],"collection":[{"href":"https:\/\/vozcomoarma.noblogs.org\/index.php?rest_route=\/wp\/v2\/posts"}],"about":[{"href":"https:\/\/vozcomoarma.noblogs.org\/index.php?rest_route=\/wp\/v2\/types\/post"}],"author":[{"embeddable":true,"href":"https:\/\/vozcomoarma.noblogs.org\/index.php?rest_route=\/wp\/v2\/users\/7045"}],"replies":[{"embeddable":true,"href":"https:\/\/vozcomoarma.noblogs.org\/index.php?rest_route=%2Fwp%2Fv2%2Fcomments&post=24729"}],"version-history":[{"count":3,"href":"https:\/\/vozcomoarma.noblogs.org\/index.php?rest_route=\/wp\/v2\/posts\/24729\/revisions"}],"predecessor-version":[{"id":24739,"href":"https:\/\/vozcomoarma.noblogs.org\/index.php?rest_route=\/wp\/v2\/posts\/24729\/revisions\/24739"}],"wp:attachment":[{"href":"https:\/\/vozcomoarma.noblogs.org\/index.php?rest_route=%2Fwp%2Fv2%2Fmedia&parent=24729"}],"wp:term":[{"taxonomy":"category","embeddable":true,"href":"https:\/\/vozcomoarma.noblogs.org\/index.php?rest_route=%2Fwp%2Fv2%2Fcategories&post=24729"},{"taxonomy":"post_tag","embeddable":true,"href":"https:\/\/vozcomoarma.noblogs.org\/index.php?rest_route=%2Fwp%2Fv2%2Ftags&post=24729"}],"curies":[{"name":"wp","href":"https:\/\/api.w.org\/{rel}","templated":true}]}}