{"id":2477,"date":"2014-01-17T02:24:01","date_gmt":"2014-01-17T01:24:01","guid":{"rendered":"http:\/\/vozcomoarma.noblogs.org\/?p=2477"},"modified":"2014-01-17T02:25:07","modified_gmt":"2014-01-17T01:25:07","slug":"mas-informacion-sobre-el-caso-de-lxs-detenidxs-el-dia-14","status":"publish","type":"post","link":"https:\/\/vozcomoarma.noblogs.org\/?p=2477","title":{"rendered":"M\u00e1s informaci\u00f3n sobre el caso de lxs detenidxs el d\u00eda 14."},"content":{"rendered":"<p style=\"text-align: justify\">Viene de:<\/p>\n<p style=\"text-align: justify\">&#8211; <a href=\"https:\/\/vozcomoarma.noblogs.org\/?p=2452\" rel=\"bookmark\">Dos personas detenidas en Galiza en relaci\u00f3n a un ataque incendiario en septiembre de 2012.<br \/>\n<\/a>&#8211; <a href=\"https:\/\/vozcomoarma.noblogs.org\/?p=2471\u00e7\">Mentiras y m\u00e1s mentiras \u2013 Sobre lxs detenidxs en Vigo, Lugo y Ciudad Real ayer.<\/a><\/p>\n<p style=\"text-align: justify\">Ver tambi\u00e9n, en el blog de lxs compas de Abordaxe (en galego con normativa lus\u00f3fona):<\/p>\n<p>&#8211; <a href=\"http:\/\/abordaxerevista.blogspot.com\/2014\/01\/as-perigossissimas-armas-das-detidas-o.html\">As perigoss\u00edssimas armas das detidas o dia 14<\/a><\/p>\n<p style=\"text-align: justify\">Seg\u00fan informa un comentario publicado en una noticia del blog anarquista Abordaxe! (la arriba enlazada) lxs detenidxs habr\u00edan sido puestxs en libertad hace unas horas, pero aun no existe confirmaci\u00f3n de este dato por lo que una vez m\u00e1s pido cautela a la hora de difundir.<\/p>\n<p style=\"text-align: justify\">A modo de resumen, va esta entrada que pretende exponer los principales rid\u00edculos hechos por los mass-mierda y por los cuerpos policiales estos d\u00edas en relaci\u00f3n a este caso.<\/p>\n<p style=\"text-align: justify\">Como ya se ha publicado en este blog, todo lo que envuelve a este caso es particularmente extra\u00f1o. Las detenciones m\u00e1s de un a\u00f1o y medio despu\u00e9s de personas a las que se relaciona sin comerlo ni beberlo con esta acci\u00f3n, la cual por otro lado no revisti\u00f3 en su momento mayor gravedad ni preocup\u00f3 m\u00e1s all\u00e1 de los titulares del mismo d\u00eda en el peri\u00f3dico, son el primer s\u00edntoma que indic\u00f3 que pasa algo raro. A esto, se le sumaron las acusaciones que los medios Europapress, El Pa\u00eds, TVE, La Sexta, ABC y otros medios burgueses lanzaron contra lxs acusadxs (de quienes desde un primer momento y sin juicio ni sentencia firme alguna, se divulgaron fotos, nombres completos e incluso lugar y fecha de nacimiento), relacion\u00e1ndoles con el anarquismo de tendencias insurreccionalistas y aprovechando, de paso, para recordar el caso acontecido en Barcelona con la operaci\u00f3n del 13 de noviembre, y mencionar a M\u00f3nica Caballero y Francisco Solar, se\u00f1al\u00e1ndoles directamente y sin presunci\u00f3n de inocencia alguna como miembros de FAI\/FRI, haciendo hincapi\u00e9 en la ilegalidad que el acr\u00f3nimo posee para la Uni\u00f3n Europea y en el origen chileno de lxs compa\u00f1erxs.<\/p>\n<p style=\"text-align: justify\">Continuando en su l\u00ednea de mezclar churras con merinas y tocino con velocidad, al mismo tiempo que se\u00f1alaban a uno de lxs detenidxs como un peligroso miembro de (cito textualmente de lo publicado por los mass-mierda) <em>\u00abgrupos radicales antisistema violentos vinculados a la extrema izquierda y al anarquismo insurreccionalista\u00bb<\/em> (venga, va, \u00bfno ten\u00e9is por ah\u00ed alguna otra etiqueta para dar aun m\u00e1s morbillo al asunto?), a\u00f1ad\u00edan una fotograf\u00eda suya, tomada durante la huelga de hambre que realiz\u00f3 en una plaza de Lugo para exigir vivienda digna y comida para todxs lxs ciudadanxs, en la que portaba no s\u00f3lo un cart\u00f3n con la cita <em>\u00abDenantes mortos que escravos\u00bb<\/em> (Antes muertos que esclavos) del conocido ilustrador, poeta y pensador del nacionalismo galego Alfonso Rodr\u00edguez Castelao, sino tambi\u00e9n una bandera independentista galaica, lo que nos lleva a muchxs a preguntarnos c\u00f3mo se come el supuesto ideario anarquista e insurreccionalista de alguien que porta una bandera correspondiente a una naci\u00f3n y a una ideolog\u00eda que propone la creaci\u00f3n de un nuevo Estado en forma de rep\u00fablica socialista galega (de cuyo car\u00e1cter \u00abtransitorio\u00bb, como anarquistas, dudamos profundamente) y, por lo tanto, autoritaria y confrontada con cualquier planteamiento an\u00e1rquico. Pero no acab\u00f3 aqu\u00ed la cosa, y no contentxs con etiquetar de anarquista insurreccionalista a alguien que muestra a todas luces una clara simpat\u00eda por las ideas del independentismo y el socialismo, no tardaron en vincularle, c\u00f3mo no, con Resist\u00eancia Galega, inexistente organizaci\u00f3n del independentismo radical galego que fiscales y Audiencia Nacional se sacaron de la manga y que, mediante el meg\u00e1fono de los medios de desinformaci\u00f3n, est\u00e1n utilizando para legitimar socialmente la aplicaci\u00f3n de leyes antiterroristas y por lo tanto de penas mucho m\u00e1s severas para todxs aquellxs que cuestionen y combatan el actual estado de cosas impuesto por el capital y su Estado espa\u00f1ol, especialmente si es en clave independentista. Ergo, tenemos nada menos que a un anarquista insurreccionalista que forma parte de una organizaci\u00f3n de lucha armada independentista y nacionalista que no existe, y cuyo acto conocido de mayor peligrosidad es una huelga de hambre realizada en una plaza de Lugo para pedir vivienda digna y comida para lxs ciudadanxs precarizadxs por este caos financiero en el que vivimos. \u00a1Casi nada, oye!, \u00a1m\u00e1s kafkiano imposible! Pero esperad, que todav\u00eda hay una cosa m\u00e1s.<\/p>\n<p style=\"text-align: justify\">Las principales cadenas de televisi\u00f3n emit\u00edan en sus telediarios de mediod\u00eda, al d\u00eda siguiente de efectuarse las detenciones, im\u00e1genes de archivo policial seg\u00fan dec\u00edan correspondientes al \u00abhallazgo\u00bb encontrado durante uno de los registros realizados en Vigo y Lugo en los domicilios de lxs detenidxs, donde aseguraban haber encontrado pistolas y otras armas, un folio que conten\u00eda el texto de reivindicaci\u00f3n de una acci\u00f3n directa (no especificaron cual) y \u00abdiverso material inform\u00e1tico\u00bb (tener ordenador, una memoria USB o un disco duro port\u00e1til es sin\u00f3nimo de ser terrorista, todo el mundo lo sabe, por eso nadie tiene ese tipo de cosas en su domicilio) terminando el espect\u00e1culo \u00abpor la puerta grande\u00bb. Finalmente, se aclara que las armas eran de fogueo, a excepci\u00f3n de una pistola de 9 mm. taladrada, lo que implica que el arma, desactivada, s\u00f3lo valdr\u00eda para su compra-venta como art\u00edculo de coleccionismo, no siendo en ning\u00fan caso prueba alguna de nada ni mucho menos un peligro no siendo como objeto contundente, en cuyo caso m\u00e1s les valdr\u00eda incautar cualquier objeto pesado de la casa. En cuanto a la presunta munici\u00f3n, los \u00abcartuchos y balas\u00bb eran en realidad petardos de doble trueno, habituales en las fiestas y en absoluto ilegales, adem\u00e1s de otros peque\u00f1os artefactos pirot\u00e9cnicos de escasa peligrosidad y munici\u00f3n de fogueo. Vamos, que esta pe\u00f1a ten\u00eda en su casa un arsenal que ni el Pent\u00e1gono. No obstante, lo medi\u00e1tico de emitir esta clase de im\u00e1genes y titulares aunque luego no saques nada en los telediarios de la noche, ni en los d\u00edas siguientes, como si, consciente de que la has cagado demasiado con tus torpes mentiras, esperases ansioso que la gente se olvidase un poco del tema, garantiza audiencia, una audiencia a la que clavar\u00e9is los detalles, el miedo y la inseguridad, esperando que recurran, una vez m\u00e1s, a vosotrxs, sagrados guardianes de todos los destinos, aut\u00e9nticos terroristas encorbatados, con toga o uniforme policial, asesinos de sue\u00f1os y fascistas encubiertos.<\/p>\n<p style=\"text-align: justify\">Como colof\u00f3n, hoy mismo, en el peri\u00f3dico La Voz de Galicia, mass-mierda impreso de lo peorcito, publicaba una noticia que dec\u00eda que la persona detenida en en Vigo ofrec\u00eda sus servicios como comercial en la web Infojobs. Yo todav\u00eda sigo sin comprender qu\u00e9 diantres tiene que ver la m\u00e1s que dudosa, por no decir falsa, implicaci\u00f3n de esta chica en el lanzamiento de dos cocos contra un s\u00edmbolo del capital en la ciudad ol\u00edvica, con el hecho de que hubiese posteado diferentes anuncios de trabajo en una p\u00e1gina web, precisamente, destinada a colgar ofertas de curro y curr\u00edculums. Mi conclusi\u00f3n es que se trata simple y llanamente de una b\u00fasqueda desesperada de pretextos para hablar del tema, por dar trabajo a sus fabricantes de miedo, traficantes de mentiras y criminalizadores profesionales. No obstante, cada una de vuestras falacias, cada provocaci\u00f3n, cada detenci\u00f3n, cada burla, nos llena aun m\u00e1s de rabia y hace que perdamos los miedos m\u00e1s deprisa y con mayor determinaci\u00f3n sigamos corriendo tras nuestros sue\u00f1os. Esa es una carrera que ya nadie puede frenar.<\/p>\n<p style=\"text-align: justify\">Se seguir\u00e1 informando al respecto de tan insostenible y desafortunado caso.<\/p>\n<p style=\"text-align: justify\"><a href=\"https:\/\/vozcomoarma.noblogs.org\/files\/2014\/01\/elroto_prensa.jpg\"><img loading=\"lazy\" decoding=\"async\" class=\"aligncenter size-full wp-image-2478\" alt=\"Mentiras\" src=\"https:\/\/vozcomoarma.noblogs.org\/files\/2014\/01\/elroto_prensa.jpg\" width=\"400\" height=\"279\" srcset=\"https:\/\/vozcomoarma.noblogs.org\/files\/2014\/01\/elroto_prensa.jpg 400w, https:\/\/vozcomoarma.noblogs.org\/files\/2014\/01\/elroto_prensa-300x209.jpg 300w\" sizes=\"auto, (max-width: 400px) 100vw, 400px\" \/><\/a><\/p>\n","protected":false},"excerpt":{"rendered":"<p>Viene de: &#8211; Dos personas detenidas en Galiza en relaci\u00f3n a un ataque incendiario en septiembre de 2012. &#8211; Mentiras y m\u00e1s mentiras \u2013 Sobre lxs detenidxs en Vigo, Lugo y Ciudad Real ayer. Ver tambi\u00e9n, en el blog de &hellip; <a href=\"https:\/\/vozcomoarma.noblogs.org\/?p=2477\">Sigue leyendo <span class=\"meta-nav\">&rarr;<\/span><\/a><\/p>\n","protected":false},"author":7045,"featured_media":0,"comment_status":"closed","ping_status":"open","sticky":false,"template":"","format":"standard","meta":{"footnotes":""},"categories":[61,9],"tags":[18,16,42,24,19,11],"class_list":["post-2477","post","type-post","status-publish","format-standard","hentry","category-noticias","category-noticias-y-comunicados","tag-galicia","tag-guerra-social","tag-movimientos-sociales","tag-reflexion","tag-represion","tag-solidaridad"],"_links":{"self":[{"href":"https:\/\/vozcomoarma.noblogs.org\/index.php?rest_route=\/wp\/v2\/posts\/2477","targetHints":{"allow":["GET"]}}],"collection":[{"href":"https:\/\/vozcomoarma.noblogs.org\/index.php?rest_route=\/wp\/v2\/posts"}],"about":[{"href":"https:\/\/vozcomoarma.noblogs.org\/index.php?rest_route=\/wp\/v2\/types\/post"}],"author":[{"embeddable":true,"href":"https:\/\/vozcomoarma.noblogs.org\/index.php?rest_route=\/wp\/v2\/users\/7045"}],"replies":[{"embeddable":true,"href":"https:\/\/vozcomoarma.noblogs.org\/index.php?rest_route=%2Fwp%2Fv2%2Fcomments&post=2477"}],"version-history":[{"count":2,"href":"https:\/\/vozcomoarma.noblogs.org\/index.php?rest_route=\/wp\/v2\/posts\/2477\/revisions"}],"predecessor-version":[{"id":2480,"href":"https:\/\/vozcomoarma.noblogs.org\/index.php?rest_route=\/wp\/v2\/posts\/2477\/revisions\/2480"}],"wp:attachment":[{"href":"https:\/\/vozcomoarma.noblogs.org\/index.php?rest_route=%2Fwp%2Fv2%2Fmedia&parent=2477"}],"wp:term":[{"taxonomy":"category","embeddable":true,"href":"https:\/\/vozcomoarma.noblogs.org\/index.php?rest_route=%2Fwp%2Fv2%2Fcategories&post=2477"},{"taxonomy":"post_tag","embeddable":true,"href":"https:\/\/vozcomoarma.noblogs.org\/index.php?rest_route=%2Fwp%2Fv2%2Ftags&post=2477"}],"curies":[{"name":"wp","href":"https:\/\/api.w.org\/{rel}","templated":true}]}}