{"id":24785,"date":"2020-03-26T14:25:02","date_gmt":"2020-03-26T13:25:02","guid":{"rendered":"https:\/\/vozcomoarma.noblogs.org\/?p=24785"},"modified":"2020-03-26T14:25:02","modified_gmt":"2020-03-26T13:25:02","slug":"carta-abierta-a-grande-marlaska-respecto-a-la-situacion-en-las-carceles-espanolas-en-el-contexto-del-covid-19","status":"publish","type":"post","link":"https:\/\/vozcomoarma.noblogs.org\/?p=24785","title":{"rendered":"Carta abierta a Grande-Marlaska respecto a la situaci\u00f3n en las c\u00e1rceles espa\u00f1olas en el contexto del Covid-19"},"content":{"rendered":"<p align=\"justify\">Desde el <strong><a href=\"https:\/\/esculca.gal\/esculca-carta-aberta-a-grande-marlaska-urxindo-medidas-de-respecto-dos-dereitos-das-persoas-presas\/\">colectivo galego EsCULcA<\/a> <\/strong>(Observatorio para la Defensa de los Derechos y las Libertades) publicaron esta carta, la cual se solicita sea publicada y difundida en la mayor cantidad de medios y por la mayor cantidad de colectivos y asociaciones sociales posible, con el fin de ejercer presi\u00f3n junto a las luchas de las personas presas para responder a las graves violaciones de sus derechos y necesidades m\u00e1s b\u00e1sicas bajo el pretexto de la pandemia del coronavirus (les han dejado sin vis-a-vis, sin visitas, sin patio&#8230; con el argumento de la \u00abseguridad\u00bb y la \u00abprevenci\u00f3n del contagio\u00bb mientras los bastardos carceleros entran y salen cada d\u00eda del talego sin medidas preventivas). Tras traducirla, la dejamos a continuaci\u00f3n, animando a su difusi\u00f3n y traslado a propuestas pr\u00e1cticas.<\/p>\n<p align=\"justify\">Recordemos que hace unos d\u00edas <strong><a href=\"https:\/\/www.naiz.eus\/es\/actualidad\/noticia\/20200324\/una-presa-de-estremera-la-primera-victima-mortal-del-covid-19-dentro-de-las-carceles-del-estado\">mor\u00eda en la c\u00e1rcel de Estremera la primera v\u00edctima presa del virus<\/a><\/strong>, y muches otres se han contagiado o se encuentran en \u00abcuarentena\u00bb (curioso que hablen de cuarentena para qui\u00e9n vive encerrade constantemente), mientras que si aqu\u00ed fuera los sistemas sanitarios est\u00e1n colapsados, no hablemos de c\u00f3mo est\u00e1n dentro. <strong><a href=\"http:\/\/tokata.info\/\">Hay varies preses en huelga de hambre o realizando otro tipo de movilizaciones<\/a><\/strong>. \u00a1No les dejemos a solas! Escrib\u00e1mosles, difundamos y saquemos sus luchas de los muros.<\/p>\n<p align=\"justify\">&#8212;&#8212;&#8212;&#8212;&#8212;&#8212;&#8212;&#8212;&#8212;&#8212;&#8212;&#8212;&#8212;&#8211;<\/p>\n<p align=\"JUSTIFY\"><em>La Organizaci\u00f3n Mundial de la Salud (OMS) dio a conocer el 23 de marzo una Gu\u00eda dirigida a los Estados en la que recomienda tomar una serie de medidas para abordar la crisis del Covid-19 dentro de los establecimientos penitenciarios.<\/em><\/p>\n<p align=\"JUSTIFY\"><em>\u201cEl esfuerzo mundial para hacer frente a la propagaci\u00f3n de la enfermedad puede fracasar si no se presta la debida atenci\u00f3n a las medidas de control de la infecci\u00f3n dentro de las c\u00e1rceles\u201d, afirma la OMS. Y, entre las que entiende que deben ser adoptadas de inmediato, destaca \u201cla valoraci\u00f3n cuidadosa del posible recurso a medidas no privativas de libertad en todas las etapas de la administraci\u00f3n de la justicia penal\u201d. La OMS insta a los gobiernos a aplicar estas medidas nombradamente a casos de \u201csupuestos delincuentes y reclusos de perfiles de bajo riesgo y especialmente vulnerables, dando preferencia a las mujeres embarazadas y a las mujeres con hijos dependientes\u201d.<\/em><\/p>\n<p lang=\"pt-PT\" align=\"JUSTIFY\"><em>En este mismo sentido, el Comit\u00e9 para la Prevenci\u00f3n de la Tortura del Consejo de Europa (CPT), en su Declaraci\u00f3n a los Estados miembros, urge tambi\u00e9n a realizar un \u201cmayor uso de alternativas a la prisi\u00f3n preventiva, conmutaci\u00f3n de sentencias, libertad anticipada y libertad condicional\u201d.<\/em><\/p>\n<p align=\"JUSTIFY\"><em>Por otra parte, un nutrido grupo de asociaciones de defensa de los derechos de las personas presas de todo el estado espa\u00f1ol demandaron a ese ministerio, en escrito registrado el 16 de marzo, la adopci\u00f3n de medidas urgentes de asistencia m\u00e9dica para hacer frente a la emergencia sanitaria ocasionada por el Covid-19.<\/em><\/p>\n<p align=\"JUSTIFY\"><em>Recuerdan tambi\u00e9n estas asociaciones que la ausencia de medidas de asistencia sanitaria efectivas, incluida la pr\u00e1ctica inexistencia de medios de protecci\u00f3n contra el virus en el interior de las c\u00e1rceles, viene acompa\u00f1ada de una injustificable restricci\u00f3n de los derechos de las personas privadas de libertad. La Orden INT\/227\/2020, adoptada por el Ministerio del Interior el 15 de marzo al abrigo del Real Decreto 463\/2020, niega la posibilidad de mantener visitas presenciales y no contempla la posibilidad de poder comunicar con las familias por otros medios a pesar de las solicitudes cursadas en este sentido.<\/em><\/p>\n<p align=\"JUSTIFY\"><span lang=\"pt-PT\"><em>Una situaci\u00f3n que genera, y no podr\u00eda dejar de ser as\u00ed, gran preocupaci\u00f3n y angustia en las fam\u00edlias, tanto m\u00e1s cuando se sabe que fueron diagnosticados ya casos positivos en las c\u00e1rceles.<\/em> <\/span><\/p>\n<p align=\"JUSTIFY\"><em><span lang=\"pt-PT\">En Galiza, que tengamos conocimiento, hay en estos momentos un caso en Bonxe y otros dos en la c\u00e1rcel de A Lama.<\/span><\/em><\/p>\n<p align=\"JUSTIFY\"><em>Es por todo esto que, para garantizar la salud de las personas presas y el respeto a sus derechos b\u00e1sicos, urgimos al Ministerio del Interior a tomar de inmediato las medidas que reclaman la OMS, el CPT y numerosas asociaciones sociales del estado espa\u00f1ol.<\/em><\/p>\n<p align=\"JUSTIFY\"><em>a) Proporcionando a los presidios los medios materiales y humanos para evitar el contagio y atender a las personas que ya fueron infectadas;<\/em><\/p>\n<p align=\"JUSTIFY\"><em>b) Poniendo en libertad el mayor n\u00famero de penadas y penados posible, ya sea por motivos humanitarios o por bajo perfil de riesgo, como ya hizo Ir\u00e1n, por ejemplo.<\/em><\/p>\n<p align=\"JUSTIFY\"><em>c) Facilitando las comunicaciones con las familias mediante la instalaci\u00f3n de medios para poder comunicar mediante v\u00eddeoconferencia, como ya hizo Italia.<\/em><\/p>\n<p align=\"JUSTIFY\"><strong><em>Luc\u00eda Barros Mi\u00f1ones (Presidenta de EsCULcA)<br \/>\n<\/em><a href=\"https:\/\/esculca.gal\/quen-somos\/\"><em>EsCULcA \u2013 Observatorio para a Defensa dos Direitos e Liberdades<\/em><\/a><\/strong><\/p>\n<p align=\"JUSTIFY\"><a href=\"https:\/\/vozcomoarma.noblogs.org\/files\/2020\/03\/Lama.jpg\"><img loading=\"lazy\" decoding=\"async\" class=\"size-large wp-image-24786 aligncenter\" src=\"https:\/\/vozcomoarma.noblogs.org\/files\/2020\/03\/Lama-1024x577.jpg\" alt=\"\" width=\"640\" height=\"361\" srcset=\"https:\/\/vozcomoarma.noblogs.org\/files\/2020\/03\/Lama-1024x577.jpg 1024w, https:\/\/vozcomoarma.noblogs.org\/files\/2020\/03\/Lama-300x169.jpg 300w, https:\/\/vozcomoarma.noblogs.org\/files\/2020\/03\/Lama-768x433.jpg 768w, https:\/\/vozcomoarma.noblogs.org\/files\/2020\/03\/Lama.jpg 1278w\" sizes=\"auto, (max-width: 640px) 100vw, 640px\" \/><\/a><\/p>\n","protected":false},"excerpt":{"rendered":"<p>Desde el colectivo galego EsCULcA (Observatorio para la Defensa de los Derechos y las Libertades) publicaron esta carta, la cual se solicita sea publicada y difundida en la mayor cantidad de medios y por la mayor cantidad de colectivos y &hellip; <a href=\"https:\/\/vozcomoarma.noblogs.org\/?p=24785\">Sigue leyendo <span class=\"meta-nav\">&rarr;<\/span><\/a><\/p>\n","protected":false},"author":7045,"featured_media":0,"comment_status":"closed","ping_status":"open","sticky":false,"template":"","format":"standard","meta":{"footnotes":""},"categories":[58,59,61,9],"tags":[17,18,16,42,11,71],"class_list":["post-24785","post","type-post","status-publish","format-standard","hentry","category-acciones","category-convocatorias","category-noticias","category-noticias-y-comunicados","tag-carcel","tag-galicia","tag-guerra-social","tag-movimientos-sociales","tag-solidaridad","tag-tortura"],"_links":{"self":[{"href":"https:\/\/vozcomoarma.noblogs.org\/index.php?rest_route=\/wp\/v2\/posts\/24785","targetHints":{"allow":["GET"]}}],"collection":[{"href":"https:\/\/vozcomoarma.noblogs.org\/index.php?rest_route=\/wp\/v2\/posts"}],"about":[{"href":"https:\/\/vozcomoarma.noblogs.org\/index.php?rest_route=\/wp\/v2\/types\/post"}],"author":[{"embeddable":true,"href":"https:\/\/vozcomoarma.noblogs.org\/index.php?rest_route=\/wp\/v2\/users\/7045"}],"replies":[{"embeddable":true,"href":"https:\/\/vozcomoarma.noblogs.org\/index.php?rest_route=%2Fwp%2Fv2%2Fcomments&post=24785"}],"version-history":[{"count":1,"href":"https:\/\/vozcomoarma.noblogs.org\/index.php?rest_route=\/wp\/v2\/posts\/24785\/revisions"}],"predecessor-version":[{"id":24787,"href":"https:\/\/vozcomoarma.noblogs.org\/index.php?rest_route=\/wp\/v2\/posts\/24785\/revisions\/24787"}],"wp:attachment":[{"href":"https:\/\/vozcomoarma.noblogs.org\/index.php?rest_route=%2Fwp%2Fv2%2Fmedia&parent=24785"}],"wp:term":[{"taxonomy":"category","embeddable":true,"href":"https:\/\/vozcomoarma.noblogs.org\/index.php?rest_route=%2Fwp%2Fv2%2Fcategories&post=24785"},{"taxonomy":"post_tag","embeddable":true,"href":"https:\/\/vozcomoarma.noblogs.org\/index.php?rest_route=%2Fwp%2Fv2%2Ftags&post=24785"}],"curies":[{"name":"wp","href":"https:\/\/api.w.org\/{rel}","templated":true}]}}