{"id":2521,"date":"2014-01-21T01:38:53","date_gmt":"2014-01-21T00:38:53","guid":{"rendered":"http:\/\/vozcomoarma.noblogs.org\/?p=2521"},"modified":"2014-01-21T01:40:22","modified_gmt":"2014-01-21T00:40:22","slug":"grecia-declaracion-de-andreas-dimitris-bourzoukos-en-su-primera-jornada-de-juicio-por-los-atracos-de-kozani","status":"publish","type":"post","link":"https:\/\/vozcomoarma.noblogs.org\/?p=2521","title":{"rendered":"Grecia &#8211; Declaraci\u00f3n de Andreas Dimitris Bourzoukos en su primera jornada de juicio por los atracos de Kozani"},"content":{"rendered":"<p style=\"text-align: justify\">El 29 de noviembre tuvo lugar la primera sesi\u00f3n del juicio por el caso del doble atraco en Velvendos, Kozani, al norte de Grecia, donde recordemos, se encuentran imputados los 4 compa\u00f1eros que fueron detenidos el 1 de febrero tras una persecuci\u00f3n cuando hu\u00edan del lugar de los hechos y que asumieron su responsabilidad y reconocieron su camino nihilista e insurreccional (Nikos Romanos, Andreas Dimitris Bourzoukos, Giannis Mihailidis y Dimitris Politis) y por otro lado los compa\u00f1eros que fueron arrestados 2 meses despu\u00e9s, el 30 de abril, en el distrito ateniense de Nea Filadelfia y acusados de los mismos cargos que los otros 4 (estos compa\u00f1eros son Fivos Harisis-Poulos y Argyris Ntalios, que permanec\u00edan pr\u00f3fugos y en clandestinidad tras ser puestos en busca y captura al ser detenidos los 4 compas iniciales, y Giannis Naxakis y Grigoris Sarafoudis, a quienes se acusa en base a supuestas coincidencias de su ADN con el de las muestras encontradas en otros bancos donde tambi\u00e9n se produjeron atracos). A los compa\u00f1eros no se les acusa s\u00f3lo de los atracos en Kozani (responsabilidad que, como ya se ha dicho, 4 de ellos asumieron tras su detenci\u00f3n y se apropiaron con orgullo), sino tambi\u00e9n de pertenecer a la Conspiraci\u00f3n de C\u00e9lulas de Fuego, lo cual ha sido negado por todos los imputados afirmando que mantienen diferencias ideol\u00f3gicas con los planteamientos de esta organizaci\u00f3n (aunque a pesar de ello mantuvieron su solidaridad con sus miembros).<\/p>\n<p style=\"text-align: justify\">A continuaci\u00f3n, difundo la declaraci\u00f3n que el compa\u00f1ero Andreas Dimitris Bourzoukos emiti\u00f3 al comienzo del juicio.<\/p>\n<p style=\"text-align: justify\">Tomada de <a href=\"http:\/\/es.contrainfo.espiv.net\/2014\/01\/17\/atenas-declaracion-del-anarquista-a-d-bourzoukos-al-comienzo-de-juicio-por-el-caso-de-kozani\/\">Contrainfo<\/a>:<\/p>\n<p style=\"text-align: justify\">&#8212;&#8212;&#8212;&#8212;&#8212;&#8212;&#8212;&#8212;&#8212;&#8212;&#8212;&#8212;&#8211;<\/p>\n<p align=\"JUSTIFY\"><em>La raz\u00f3n por la que me encuentro aqu\u00ed -frente a ustedes- no es en absoluto para obtener su compasi\u00f3n, pedir perd\u00f3n o demandar un juicio justo. Palabras y significados como justo e injusto las ha degenerado y degradado completamente el sistema al que ustedes sirven. No acepto ning\u00fan guarda de la legalidad burguesa, ning\u00fan esclavo de la autoridad para juzgarme y condenarme. Me encuentro aqu\u00ed, hoy, en este teatro de simbolismos, para recordarles que siempre habr\u00e1 personas decididas, personas de la lucha que no se han subyugado a vuestra aparente omnipotencia. Me encuentro aqu\u00ed, como anarquista, adversario y enemigo vuestro, para invertir los t\u00e9rminos de la batalla, para salir de la posici\u00f3n defensiva en que ustedes quieren que est\u00e9 y pasar al ataque. Para enfatizar la l\u00ednea divisoria entre dos mundos. El de la explotaci\u00f3n, la opresi\u00f3n y la autoridad que ustedes representan y el de la lucha, la solidaridad, la revoluci\u00f3n de la que yo tambi\u00e9n formo parte.<\/em><\/p>\n<p align=\"JUSTIFY\"><em>Otra batalla en la eterna guerra de lxs revolucionarixs contra el dominio. Y como en toda batalla, no estamos solxs, tenemos a nuestro lado, mental y f\u00edsicamente, a compa\u00f1erxs, luchadorxs, personas que componen el mundo de la lucha. Me encuentro aqu\u00ed por m\u00ed, por todxs lxs compas que han estado en mi posici\u00f3n antes que yo, pero tambi\u00e9n por lxs que vendr\u00e1n en el futuro, a\u00f1adiendo un momento de lucha a la memoria colectiva.<\/em><\/p>\n<p align=\"JUSTIFY\"><em>Quiz\u00e1, pues, por ahora me encuentro aqu\u00ed y ustedes resolver\u00e1n los a\u00f1os que me echar\u00e1n, a\u00f1os que para ustedes son s\u00f3lo otro n\u00famero que viene a sumarse a los miles que ustedes otorgan tan f\u00e1cilmente -ver\u00e1n, el peso \u201c\u00e9tico\u201d es m\u00e1s ligero de esta forma y les ofrece sue\u00f1o tranquilo por la noche. Quiz\u00e1, pues, por ahora los papeles se han repartido as\u00ed pero seguro que llegar\u00e1 la hora -para ustedes, para lxs que contin\u00faen este sucio trabajo suyo- cuando llenemos sus sue\u00f1os de pesadillas. Cuando la voz de miles de insurgentes haga eco, perturbando su aparente calma. Y, entonces, los papeles no significar\u00e1n nada, su autoridad y poder ser\u00e1n hechos trizas y sus decisiones les pesar\u00e1n. A lo mejor, ese d\u00eda tarda y, lo m\u00e1s probable, es que ni siquiera viva para vivirlo. Sin embargo, mientras el aire fluya en mis pulmones y sangre por mis venas, no me detendr\u00e9 de luchar por ello. Por la revoluci\u00f3n, por la libertad.<\/em><\/p>\n<p align=\"JUSTIFY\"><em>VIVA LA ANARQU\u00cdA<\/em><\/p>\n<p align=\"JUSTIFY\">&#8212;&#8212;&#8212;&#8212;&#8212;&#8212;&#8212;&#8212;&#8212;&#8212;&#8212;&#8212;&#8211;<\/p>\n<p align=\"JUSTIFY\">En la foto, una pancarta en solidaridad con estos compa\u00f1eros y para difundir la solidaridad de cara a su juicio, que fue colocada en alg\u00fan lugar de Grecia, y que reza <em>\u00abFuerza a los luchadores anarquistas impenitentes: Harisis, Politis, Bourzoukos, Ntalios, Romanos, Michailidis juzgados por el doble atraco en Velventos-Kozani (juicio 29\/11\/2013)\u00bb.<\/em><\/p>\n<p align=\"JUSTIFY\"><a href=\"https:\/\/vozcomoarma.noblogs.org\/files\/2014\/01\/velventos.jpg\"><img loading=\"lazy\" decoding=\"async\" class=\"size-full wp-image-2522 alignnone\" alt=\"Velventos\" src=\"https:\/\/vozcomoarma.noblogs.org\/files\/2014\/01\/velventos.jpg\" width=\"800\" height=\"600\" srcset=\"https:\/\/vozcomoarma.noblogs.org\/files\/2014\/01\/velventos.jpg 800w, https:\/\/vozcomoarma.noblogs.org\/files\/2014\/01\/velventos-300x225.jpg 300w\" sizes=\"auto, (max-width: 800px) 100vw, 800px\" \/><\/a><\/p>\n","protected":false},"excerpt":{"rendered":"<p>El 29 de noviembre tuvo lugar la primera sesi\u00f3n del juicio por el caso del doble atraco en Velvendos, Kozani, al norte de Grecia, donde recordemos, se encuentran imputados los 4 compa\u00f1eros que fueron detenidos el 1 de febrero tras &hellip; <a href=\"https:\/\/vozcomoarma.noblogs.org\/?p=2521\">Sigue leyendo <span class=\"meta-nav\">&rarr;<\/span><\/a><\/p>\n","protected":false},"author":7045,"featured_media":0,"comment_status":"closed","ping_status":"open","sticky":false,"template":"","format":"standard","meta":{"footnotes":""},"categories":[122,61,9,7],"tags":[15,16,26,24,19,11],"class_list":["post-2521","post","type-post","status-publish","format-standard","hentry","category-caso-de-velventos-kozani-grecia","category-noticias","category-noticias-y-comunicados","category-presxs","tag-grecia","tag-guerra-social","tag-insurreccionalismo","tag-reflexion","tag-represion","tag-solidaridad"],"_links":{"self":[{"href":"https:\/\/vozcomoarma.noblogs.org\/index.php?rest_route=\/wp\/v2\/posts\/2521","targetHints":{"allow":["GET"]}}],"collection":[{"href":"https:\/\/vozcomoarma.noblogs.org\/index.php?rest_route=\/wp\/v2\/posts"}],"about":[{"href":"https:\/\/vozcomoarma.noblogs.org\/index.php?rest_route=\/wp\/v2\/types\/post"}],"author":[{"embeddable":true,"href":"https:\/\/vozcomoarma.noblogs.org\/index.php?rest_route=\/wp\/v2\/users\/7045"}],"replies":[{"embeddable":true,"href":"https:\/\/vozcomoarma.noblogs.org\/index.php?rest_route=%2Fwp%2Fv2%2Fcomments&post=2521"}],"version-history":[{"count":2,"href":"https:\/\/vozcomoarma.noblogs.org\/index.php?rest_route=\/wp\/v2\/posts\/2521\/revisions"}],"predecessor-version":[{"id":2525,"href":"https:\/\/vozcomoarma.noblogs.org\/index.php?rest_route=\/wp\/v2\/posts\/2521\/revisions\/2525"}],"wp:attachment":[{"href":"https:\/\/vozcomoarma.noblogs.org\/index.php?rest_route=%2Fwp%2Fv2%2Fmedia&parent=2521"}],"wp:term":[{"taxonomy":"category","embeddable":true,"href":"https:\/\/vozcomoarma.noblogs.org\/index.php?rest_route=%2Fwp%2Fv2%2Fcategories&post=2521"},{"taxonomy":"post_tag","embeddable":true,"href":"https:\/\/vozcomoarma.noblogs.org\/index.php?rest_route=%2Fwp%2Fv2%2Ftags&post=2521"}],"curies":[{"name":"wp","href":"https:\/\/api.w.org\/{rel}","templated":true}]}}