{"id":2578,"date":"2014-01-24T03:01:55","date_gmt":"2014-01-24T02:01:55","guid":{"rendered":"http:\/\/vozcomoarma.noblogs.org\/?p=2578"},"modified":"2014-01-24T03:01:55","modified_gmt":"2014-01-24T02:01:55","slug":"baldomero-lara-miente-y-acusa-falsamente-a-una-companera-de-la-campana-carcel-tortura-de-ser-policia","status":"publish","type":"post","link":"https:\/\/vozcomoarma.noblogs.org\/?p=2578","title":{"rendered":"Baldomero Lara miente y acusa falsamente a una compa\u00f1era de la campa\u00f1a C\u00e1rcel = Tortura de ser polic\u00eda."},"content":{"rendered":"<p align=\"JUSTIFY\">Baldomero Lara S\u00e1nchez es un ex-preso en lucha que particip\u00f3 tanto desde dentro como desde fuera de la c\u00e1rcel en la campa\u00f1a C\u00e1rcel = Tortura, a trav\u00e9s de cuyas movilizaciones colectivas e individuales, exteriores (propaganda, concentraciones, charlas, apoyo log\u00edstico y econ\u00f3mico a presxs en lucha&#8230;) e interiores (chapeos, huelgas de hambre, ayunos, comunicados y cartas a las instituciones y los medios&#8230;), se trat\u00f3 y se sigue tratando de exponer y visibilizar socialmente los casos de tortura y vulneraci\u00f3n sistem\u00e1tica de sus derechos m\u00e1s fundamentales que sufren las personas presas y lo hip\u00f3crita y contradictorio de la c\u00e1rcel como herramienta y como mecanismo de rentabilizaci\u00f3n de la pobreza, origen principal de la delincuencia motivado por un sistema que bajo el enga\u00f1o de las oportunidades de enriquecimiento r\u00e1pido y ascenso social contin\u00faa concentrando la riqueza en unas pocas manos mientras condena a cada vez m\u00e1s personas a la miseria y la marginalidad.<\/p>\n<p align=\"JUSTIFY\">Sin embargo, m\u00e1s all\u00e1 de esa fachada que se ha montado de preso luchador y anarquista consecuente, la verdad es que Baldo ha protagonizado varias agresiones en \u00e1mbitos libertarios y anticarcelarios del Estado, con actitudes machirulas e incluso comentarios racistas contra varias compa\u00f1eras, creando situaciones lamentables de las cuales no s\u00f3lo no se retracta, sino que se reafirma al reaccionar a los comunicados sobre sus actos amenazando a varias de las personas que maltrat\u00f3 en el pasado y a aquellas que se solidarizan con ellas y las ayudan a llevar sus casos y a reunir el valor para pronunciarse p\u00fablicamente.<\/p>\n<p align=\"JUSTIFY\">Su \u00faltimo movimiento fue enviar amenazantes mensajes a varias compas de la campa\u00f1a C\u00e1rcel = Tortura, y arremeter especialmente contra una de ellas, a la que acusa, sin pruebas de ning\u00fan tipo, de ser estupa. Est\u00e1 difundiendo fotos de la compa\u00f1era junto a las acusaciones, donde adem\u00e1s de decir que la t\u00eda es poli, la se\u00f1ala como la culpable de las detenciones del 28 de noviembre en Madrid (cuando varias personas, entre ellas el propio Baldo, fueron detenidas e imputadas por los disturbios en la facultad de derecho de la UCM durante la mani antifascista del 20-N, en los cuales se destroz\u00f3 el local de una asociaci\u00f3n estudiantil fascista que opera en ese edificio universitario y se agredi\u00f3 a varixs de sus miembros). Estas acusaciones, sin pies ni cabeza, son una venganza personal de Baldo, que desde sus posiciones de poder en el entorno an\u00e1rquico estatal y m\u00e1s concretamente de Madrid se dedica a mover sus hilos para echar mierda y socavar la imagen de varias compas, comprometiendo su integridad f\u00edsica y su seguridad, tras amenazarlas con que si no retiran de Internet los comunicados donde se habla de sus agresiones tomar\u00e1 medidas contra ellas.<\/p>\n<p align=\"JUSTIFY\">A continuaci\u00f3n, dejo el comunicado de la campa\u00f1a C\u00e1rcel = Tortura desmintiendo la funci\u00f3n policial de la compa e insistiendo en sus posturas de rechazo y aislamiento de Baldo por agresor y por utilizar la mentira y el chismorreo para poner a la gente en contra de aquellas personas que, empoderadas, no temen dejar claro que no queremos carceleros, ni maderos, pero tampoco agresores.<\/p>\n<p align=\"JUSTIFY\">Para ver en este blog el comunicado anterior de la campa\u00f1a C\u00e1rcel = Tortura al respecto de las agresiones de Baldo, mira <a href=\"https:\/\/vozcomoarma.noblogs.org\/?p=1552\">aqu\u00ed<\/a>.<br \/>\nPara ver en el blog de la campa\u00f1a C\u00e1rcel = Tortura el comunicado de Juan Carlos Rico, preso en lucha del Centro Penitenciario de Aranjuez, sobre Baldo y sus agresiones, mira <a href=\"http:\/\/carceligualtortura.org\/?q=article\/comunicado-de-juan-carlos-rico-cp-aranjuez-sobre-las-agresiones-de-baldomero-lara-sanchez\">aqu\u00ed<\/a>.<\/p>\n<p align=\"JUSTIFY\">&#8212;&#8212;&#8212;&#8212;&#8212;&#8212;<\/p>\n<p align=\"JUSTIFY\"><i>A todxs lxs individuos, grupos, asambleas, colectivos&#8230;del \u00e1mbito libertario y anticarcelario: <\/i><\/p>\n<p align=\"JUSTIFY\"><i>Desde la asamblea de grupos de apoyo de la Campa\u00f1a C\u00e1rcel = Tortura queremos informaros de que Baldomero Lara S\u00e1nchez, que antes form\u00f3 parte de esta asamblea, dentro y fuera de la c\u00e1rcel y actualmente se encuentra activo dentro del \u00e1mbito libertario y anticarcelario, ha ACUSADO FALSAMENTE A UNA COMPA\u00d1ERA DE LA CAMPA\u00d1A DE SER POLIC\u00cdA SECRETA Y MUEVE ESTA INFORMACI\u00d3N JUNTO A SU FOTO. DESMENTIMOS LA ACUSACI\u00d3N Y RESPONDEMOS TOTALMENTE POR NUESTRA COMPA\u00d1ERA.<\/i><\/p>\n<p align=\"JUSTIFY\"><i>Su falsa acusaci\u00f3n est\u00e1 motivada por que hace unos meses, denunciamos p\u00fablicamente por todos los medios que hemos encontrado a nuestro alcance, que Baldomero Lara S\u00e1nchez ha agredido a varias mujeres en diferentes puntos del Estado sin asumirlo ni retractarse de los hechos, sin respetar a las compa\u00f1eras y continuando en esta l\u00ednea de amenazas y agresiones permanentes. <\/i><\/p>\n<p align=\"JUSTIFY\"><i>Baldo envi\u00f3 mensajes amenazantes a otras dos chicas de la Campa\u00f1a diferentes de las primeras agredidas diciendo que \u00abTeneis 48 horas para kitar mi nombre de vuestras mierdas en internet. A partir de ahi, tendreis respuesta\u00bb. Y su respuesta ha sido hacia una de ellas en concreto y ha consistido en varias acusaciones: Con respecto al primer comunicado en el cual se explican las agresiones cometidas por \u00e9l, afirma que ella ha sido la que lo ha escrito y firmado en nombre de la campa\u00f1a cuando fue una decision colectiva. Est\u00e1 difundiendo que \u00e9sta es secreta y la relaciona con las \u00faltimas detenciones de Noviembre en Madrid. Adem\u00e1s difunde esta falsa informaci\u00f3n junto a su foto.<\/i><\/p>\n<p align=\"JUSTIFY\"><i>Es importante mover esta informaci\u00f3n porque puede poner en riesgo la seguridad personal de nuestra compa\u00f1era falsamente acusada. A pesar de su falta de credibilidad debida a lo explicado anteriormente, a\u00fan es respaldado por algunos grupos de Madrid, d\u00e1ndole cobertura. Cualquier colectivo\/individualidad\/grupo que no sepa quien es Baldo y por donde se mueve o que tenga cualquier otra duda, puede pedirnos toda la informaci\u00f3n necesaria directamente para impedir habladur\u00edas, cotilleos, cruce de falsas informaciones, cr\u00edticas infundadas&#8230;<\/i><\/p>\n<p align=\"JUSTIFY\"><i>Por nuestra parte estamos realizando autocr\u00edticas y procesos colectivos permanentes y queremos seguir avanzando. Si alguien tiene informaci\u00f3n, aportaciones o cr\u00edticas sobre \u00e9sto, le invitamos a que nos lo haga llegar. Asimismo agradeceremos que, si os llegan datos acerca de una chica a la que acusan de ser secreta y estar tras las detenciones de Madrid del 28 de Noviembre, lo contrast\u00e9is con nosotrxs. Nuestro email es: contacto@carceligualtortura.org<\/i><\/p>\n<p align=\"JUSTIFY\"><i>Aprovechamos para enviar un saludo libertario a todxs. \u00a1Ni fuerzas represivas, ni agresores en nuestros espacios!<\/i><\/p>\n<p align=\"JUSTIFY\"><i>Comunicado firmado por los grupos de apoyo a presxs de la Campa\u00f1a de: Sevilla, Granada, C\u00e1diz, Salamanca, Valladolid, Lleida, Galiza Norte e individualidades de Barcelona y Arag\u00f3n.<\/i><\/p>\n<p align=\"JUSTIFY\"><a href=\"https:\/\/vozcomoarma.noblogs.org\/files\/2014\/01\/22.jpg\"><img loading=\"lazy\" decoding=\"async\" class=\"aligncenter size-full wp-image-2579\" alt=\"Mujeres armadas\" src=\"https:\/\/vozcomoarma.noblogs.org\/files\/2014\/01\/22.jpg\" width=\"595\" height=\"327\" srcset=\"https:\/\/vozcomoarma.noblogs.org\/files\/2014\/01\/22.jpg 595w, https:\/\/vozcomoarma.noblogs.org\/files\/2014\/01\/22-300x164.jpg 300w\" sizes=\"auto, (max-width: 595px) 100vw, 595px\" \/><\/a><\/p>\n","protected":false},"excerpt":{"rendered":"<p>Baldomero Lara S\u00e1nchez es un ex-preso en lucha que particip\u00f3 tanto desde dentro como desde fuera de la c\u00e1rcel en la campa\u00f1a C\u00e1rcel = Tortura, a trav\u00e9s de cuyas movilizaciones colectivas e individuales, exteriores (propaganda, concentraciones, charlas, apoyo log\u00edstico y &hellip; <a href=\"https:\/\/vozcomoarma.noblogs.org\/?p=2578\">Sigue leyendo <span class=\"meta-nav\">&rarr;<\/span><\/a><\/p>\n","protected":false},"author":7045,"featured_media":0,"comment_status":"closed","ping_status":"open","sticky":false,"template":"","format":"standard","meta":{"footnotes":""},"categories":[61,9,7],"tags":[49,17,67,42,24,19,11],"class_list":["post-2578","post","type-post","status-publish","format-standard","hentry","category-noticias","category-noticias-y-comunicados","category-presxs","tag-anti-sexismo","tag-carcel","tag-madrid","tag-movimientos-sociales","tag-reflexion","tag-represion","tag-solidaridad"],"_links":{"self":[{"href":"https:\/\/vozcomoarma.noblogs.org\/index.php?rest_route=\/wp\/v2\/posts\/2578","targetHints":{"allow":["GET"]}}],"collection":[{"href":"https:\/\/vozcomoarma.noblogs.org\/index.php?rest_route=\/wp\/v2\/posts"}],"about":[{"href":"https:\/\/vozcomoarma.noblogs.org\/index.php?rest_route=\/wp\/v2\/types\/post"}],"author":[{"embeddable":true,"href":"https:\/\/vozcomoarma.noblogs.org\/index.php?rest_route=\/wp\/v2\/users\/7045"}],"replies":[{"embeddable":true,"href":"https:\/\/vozcomoarma.noblogs.org\/index.php?rest_route=%2Fwp%2Fv2%2Fcomments&post=2578"}],"version-history":[{"count":2,"href":"https:\/\/vozcomoarma.noblogs.org\/index.php?rest_route=\/wp\/v2\/posts\/2578\/revisions"}],"predecessor-version":[{"id":2583,"href":"https:\/\/vozcomoarma.noblogs.org\/index.php?rest_route=\/wp\/v2\/posts\/2578\/revisions\/2583"}],"wp:attachment":[{"href":"https:\/\/vozcomoarma.noblogs.org\/index.php?rest_route=%2Fwp%2Fv2%2Fmedia&parent=2578"}],"wp:term":[{"taxonomy":"category","embeddable":true,"href":"https:\/\/vozcomoarma.noblogs.org\/index.php?rest_route=%2Fwp%2Fv2%2Fcategories&post=2578"},{"taxonomy":"post_tag","embeddable":true,"href":"https:\/\/vozcomoarma.noblogs.org\/index.php?rest_route=%2Fwp%2Fv2%2Ftags&post=2578"}],"curies":[{"name":"wp","href":"https:\/\/api.w.org\/{rel}","templated":true}]}}