{"id":2584,"date":"2014-01-25T01:55:39","date_gmt":"2014-01-25T00:55:39","guid":{"rendered":"http:\/\/vozcomoarma.noblogs.org\/?p=2584"},"modified":"2014-01-25T01:55:39","modified_gmt":"2014-01-25T00:55:39","slug":"chile-comunicados-de-solidaridad-con-tamara-sol-farias-vergara-presa-acusada-de-disparar-contra-un-segurata-de-bancoestado","status":"publish","type":"post","link":"https:\/\/vozcomoarma.noblogs.org\/?p=2584","title":{"rendered":"Chile &#8211; Comunicados de solidaridad con Tamara Sol Farias Vergara, presa acusada de disparar contra un segurata de BancoEstado."},"content":{"rendered":"<p style=\"text-align: justify\">Hace unos d\u00edas, una mujer vestida de negro entra en la sucursal de BancoEstado situada en el \u00e1rea de Alameda de la metr\u00f3polis de Santiago de Chile y dispara contra el guardia al grito de \u00ab\u00a1Venganza!\u00bb, para luego sustraer del cuerpo moribundo del mediaplaca su rev\u00f3lver y dejar en su lugar el suyo, y huir del sector en bicicleta. Horas despu\u00e9s, Tamara Sol Farias Vergara, compa anarquista y sobrina de los hermanos Vergara Toledo (hist\u00f3ricos luchadores asesinados por efectivos de Carabineros y a los que se dedica anualmente la jornada del D\u00eda del joven combatiente), entra en una comisar\u00eda para denunciar un presunto robo de bicicleta. Los maderos insisten en registrar su bolso y Tamara se resiste, intentando empu\u00f1ar el rev\u00f3lver que llevaba dentro pero sin conseguirlo, siendo reducida, detenida, acusada por los disparos contra el guardia del banco y trasladada al dia siguiente a prisi\u00f3n preventiva, tras considerar la jueza que es la responsable del atentado y un \u00abpeligro para la sociedad\u00bb y que existe riesgo de fuga.<\/p>\n<p style=\"text-align: justify\">Autom\u00e1ticamente, la prensa empieza a relacionar este incidente con la muerte del compa\u00f1ero Sebastian Oversluij, asesinado hace poco m\u00e1s de un mes por un segurata contratado para salvaguardar las riquezas injustas de otra oficina de este mismo banco, cuando intentaba realizar una expropiaci\u00f3n fallida. El grito de venganza que supuestamente la asaltante profiri\u00f3 al tirotear al guardia (que por cierto fue atendido de urgencia y ha sobrevivido) indica que esto podr\u00eda ser posible, pero lejos de especulaciones sin confirmar, y sin querer profundizar en el morbo que crea la industria medi\u00e1tica en torno a este tipo de actos dignos y sobre todo muy valientes de rebeld\u00eda contra el poder y sus guardianes, dejo a continuaci\u00f3n dos comunicados emitidos estos d\u00edas en solidaridad con la compa\u00f1era, por parte del Colectivo Anticarcelario Vuelo de justicia y de algunxs an\u00f3nimxs anarquistas de la Internacional Negra.<\/p>\n<p style=\"text-align: justify\">&#8212;&#8212;&#8212;&#8212;&#8212;&#8212;&#8212;-<\/p>\n<p style=\"text-align: justify\"><em><strong>Comunicado del Colectivo Anticarcelario Vuelo de justicia.<\/strong><\/em><\/p>\n<p align=\"JUSTIFY\"><em>UNA GOLONDRINA NO HACE EL VERANO, PERO SU TRINO ES IGUALMENTE IMPORTANTE.<\/em><\/p>\n<p align=\"JUSTIFY\"><em>Hoy, a un d\u00eda de la detenci\u00f3n de la compa\u00f1era Sol tras la arrojada vendetta en contra de un mercenario guardia del BancoEstado, nos sentimos llamadxs a levantar la voz por ella, no s\u00f3lo por la sangre que corre por sus venas, sino que sobre todo por la decisi\u00f3n de lucha que la llev\u00f3 a desafiar de frente al poder, que la hizo reivindicar la ca\u00edda en combate de nuestro compa\u00f1ero antiautoritario Sebasti\u00e1n Oversluij Seguel, logrando instalar una vez m\u00e1s la certeza de que esto es una guerra cotidiana contra el Estado y el Capital. Dejar espacios para dudas, dejar espacios para que la prensa burguesa desate sus ilusiones patriarcales de \u201ccr\u00edmenes pasionales y celos\u201d tan s\u00f3lo porque se trata de una mujer, es no hacer eco de la valent\u00eda y conciencia revolucionaria que llevaron a la compa\u00f1era a actuar directamente. Guardar silencio frente a un grito de \u00a1Venganza! es olvidar que la primera reacci\u00f3n cuando nos golpean debe ser devolver el golpe, desde la multiplicidad de formas que existen para ello.<\/em><\/p>\n<p align=\"JUSTIFY\"><em>Que las polic\u00edas y la prensa barajen las tesis que quieran barajar al respecto, que la fiscal\u00eda busque las vinculaciones y desate su mara\u00f1a jur\u00eddica tal cual lo viene haciendo desde hace algunos a\u00f1os, que la ciudadan\u00eda exclame horrorizada una vez m\u00e1s que se trata de lxs mismxs delincuentes de siempre\u2026 Nosotrxs, sus compa\u00f1erxs, no necesitamos rebuscar demasiado para entender, para encontrarla en este camino hacia la liberaci\u00f3n total, tal cual la encontramos levantando la memoria de los j\u00f3venes combatientes Eduardo y Rafael, tal cual la encontramos conmemorando a Pablo y Aracely, tal cual la encontramos en actividades solidarias por nuestrxs compa\u00f1erxs en prisi\u00f3n; hoy, no necesitamos m\u00e1s que sus gestos para reconocerla como hermana en esta pr\u00e1ctica antagonista y subversiva: su presente de lucha nos habla de qui\u00e9n es ella con la misma fuerza que lo hace su historia familiar cargada de dignidad combatiente.<\/em><\/p>\n<p align=\"JUSTIFY\"><em>Creemos que estas l\u00edneas son un sencillo gesto por evitar que el silencio -tan c\u00f3mplice de algunxs- o la palabrer\u00eda barata \u2013tan c\u00f3moda para otrxs- terminen por dejar en una simple noticia policial o en el comidillo diario la detenci\u00f3n de nuestra compa\u00f1era. Sabemos que las palabras cuando no conllevan una pr\u00e1ctica consecuente no son m\u00e1s que papel y tinta desperdiciada. Por lo mismo, desde Colectivo Anticarcelario Vuelo de Justicia no nos queda m\u00e1s que volver pr\u00e1ctica nuestro discurso y acompa\u00f1ar con una solidaridad cotidiana y rebelde a\u00a0 la compa\u00f1era Sol en su paso \u2013esperamos que corto- por la prisi\u00f3n.<\/em><\/p>\n<p align=\"JUSTIFY\"><em>Desde este frente de lucha, enviamos toda nuestra fuerza y apoyo a la compa\u00f1era, a lxs queridxs abuelxs Luisa y Manuel, a su madre y a toda su familia. Que la llama de la dignidad rebelde que lxs ha acompa\u00f1ado siempre no se apague ni por un segundo. Sepan que no lxs dejaremos solxs.<\/em><\/p>\n<p align=\"JUSTIFY\"><em>\u00a1Porque instalaste una vez m\u00e1s la certeza de que cuando dirigimos nuestras vidas hacia la liberaci\u00f3n total, la insurrecci\u00f3n es permanente!<\/em><\/p>\n<p align=\"JUSTIFY\"><em>\u00a1Porque tu acci\u00f3n y tu grito de venganza desgarraron el silencio, agrietaron los muros que encierran a lxs nuestrxs y nos impulsaron a continuar con m\u00e1s fuerza esta guerra a muerte!<\/em><\/p>\n<p align=\"JUSTIFY\"><em>\u00a1Porque para ti ninguna agresi\u00f3n es sin respuesta, hoy la respuesta ser\u00e1 por ti!<\/em><\/p>\n<p align=\"JUSTIFY\"><em>COMPA\u00d1ERA TAMARA SOL FAR\u00cdAS VERGARA \u00a1TE QUEREMOS IND\u00d3MITAMENTE LIBRE!<\/em><\/p>\n<p align=\"JUSTIFY\"><em>Actualizaci\u00f3n de su situaci\u00f3n jur\u00eddica:<\/em><\/p>\n<p align=\"JUSTIFY\"><em>Aprovechamos de informar que el d\u00eda de hoy, 22 de enero, la compa\u00f1era fue formalizada en el centro de justicia por el delito de \u201crobo calificado\u201d del art\u00edculo 433 del c\u00f3digo penal $hileno, esto es, cuando con motivo del robo se cometiere adem\u00e1s homicidio, violaci\u00f3n o alguna de las lesiones comprendidas en el mismo c\u00f3digo: en los hechos, a la compa\u00f1era se le atribuye el robo del arma y el homicidio frustrado del guardia del banco, arriesgando una pena que va desde los 10 a\u00f1os y 1 d\u00eda al presidio perpetuo calificado. Adem\u00e1s, un abogado representante del BancoEstado present\u00f3 una querella por delito de \u201crobo con homicidio\u201d debido a que por la sustracci\u00f3n del arma el banco ser\u00eda tambi\u00e9n v\u00edctima. El tribunal orden\u00f3 la prisi\u00f3n preventiva de la compa\u00f1era Sol en la C\u00e1rcel de San Miguel y el plazo de la investigaci\u00f3n se fij\u00f3 en 60 d\u00edas.<\/em><\/p>\n<p align=\"JUSTIFY\"><em>\u201cEs hora de actuar, en la cotidianeidad con nuestros afines, por la destrucci\u00f3n de la sociedad carcelaria y de cualquier intento social de reformar este asqueroso sistema de muerte. La solidaridad no debe jam\u00e1s ser una consigna vac\u00eda, sino una acci\u00f3n cotidiana de enfrentamiento con el poder y un apoyo constante a l@s herman@s secuestrad@s en esta guerra a muerte.\u201d <\/em><em>-Mauricio Morales Duarte-<\/em><\/p>\n<p align=\"JUSTIFY\"><em>Colectivo Anticarcelario Vuelo de Justicia<\/em><br \/>\n<em>Contacto: vuelodejusticia@riseup.net<\/em><\/p>\n<p style=\"text-align: justify\">&#8212;&#8212;&#8212;&#8212;&#8212;&#8212;&#8212;-<\/p>\n<p style=\"text-align: justify\"><em><strong>Comunicado de Anarquistas de la Internacional Negra.<\/strong><\/em><\/p>\n<p align=\"JUSTIFY\"><em>POR SOL VERGARA, POR LA GUERRA POR LA LIBERTAD: \u00a1SOLIDARIDAD!<\/em><\/p>\n<p align=\"JUSTIFY\"><em>C\u00f3mo quedarnos calladxs ante la detenci\u00f3n de Tamara Sol Far\u00edas Vergara, compa\u00f1era que, el d\u00eda 21 de enero, atac\u00f3 a un guardia bancario, no sabemos exactamente si con el objetivo principal de robar su arma o de cobrar venganza por el asesinato del compa\u00f1ero anarquista Sebasti\u00e1n Oversluij ocurrido el 11 de diciembre de 2013 en medio de una expropiaci\u00f3n bancaria.<\/em><\/p>\n<p align=\"JUSTIFY\"><em>La solidaridad con la compa\u00f1era no puede esperar. Sin embargo, nos interesa difundir algunas tensiones, con una voz de alerta acerca de nuestro proceder an\u00e1rquico en el plano de la violencia revolucionaria. Queremos plantear una tensi\u00f3n importante para nuestra lucha y lo haremos desde la fraternidad y la humildad que nos da la experiencia, contrarixs a la arrogancia mostrada por algunos grupos de acci\u00f3n directa que han atacado directamente en sus escritos a otrxs compa\u00f1erxs, cobij\u00e1ndose bajo un falso manto de cr\u00edtica fraterna (como los arrogantes comunicados de los grupos autodenominados \u201cComandos Insurreccionales\u201d\u00a0 y \u201cComadres del mot\u00edn y la fuga\u201d )<\/em><\/p>\n<p align=\"JUSTIFY\"><em>Lo que a nosotrxs nos interesa aportar de manera urgente es simplemente algo de lo que otrxs compa\u00f1erxs ya han alertado en otras oportunidades. Hablamos de la necesidad de elevar la calidad de nuestro accionar, tanto en el contenido discursivo como en el plano t\u00e9cnico-operativo de nuestras operaciones armadas. Porque si nuestra aspiraci\u00f3n es alimentar una ofensiva permanente, debemos asumir el peso real de lo que ello significa, preparando nuestras acciones de tal forma que los riesgos sean m\u00ednimos y la planificaci\u00f3n sea lo suficientemente inteligente como para alejarnos de la represi\u00f3n en vez de acercarnos a ella.<\/em><\/p>\n<p align=\"JUSTIFY\"><em>Sabemos que la revuelta es contagiosa y reproducible, pero esto no puede confundirse con la precariedad en nuestra planificaci\u00f3n y en los medios a utilizar durante una acci\u00f3n. Y esta tensi\u00f3n, aunque gatillada en su difusi\u00f3n a partir de la detenci\u00f3n de la compa\u00f1era Tamara, va m\u00e1s all\u00e1 de su caso puntual y lo transmitimos como un aprendizaje necesario que hemos forjado con todo un camino de errores detr\u00e1s, adem\u00e1s de peque\u00f1os triunfos (y mucha suerte) en nuestras acciones.<\/em><\/p>\n<p align=\"JUSTIFY\"><em>Estamos en guerra, y eso amerita una preparaci\u00f3n espec\u00edfica que nada tiene que ver con la profesionalizaci\u00f3n de especialistas militares dentro de la anarqu\u00eda. Somos enemigxs de esos paradigmas, pero asumimos como cierto el hecho de que ninguna ofensiva puede sostenerse a trav\u00e9s del tiempo si nuestro arrojo no se combina con precauciones, conocimientos, t\u00e9cnica y planificaci\u00f3n. Somos guerrerxs, parte de una minor\u00eda activa de combatientes que han identificado al poder y la sumisi\u00f3n como causas de las miserias en el mundo y cada unx de nosotrxs es valiosx para la lucha por la libertad. Lamentablemente, en nuestra \u00e9poca no existe la certeza de que otrxs compa\u00f1erxs vengan a tomar nuestro lugar. Somos nosotrxs mismxs la continuidad hist\u00f3rica de la que tanto hablamos.<\/em><\/p>\n<p align=\"JUSTIFY\"><em>Por esta raz\u00f3n es que debemos combinar el arrojo con la cautela. Tal vez esto nos lleve a postergar algunos golpes directos contra el poder, llev\u00e1ndonos a atacar objetivos m\u00e1s simples con medios m\u00e1s seguros, mientras en paralelo nos preparamos para minimizar los riesgos proyectando operaciones armadas de mayor complejidad, dot\u00e1ndonos de los medios y conocimientos necesarios. Todo esto sin olvidar que la acci\u00f3n y el discurso deben desarrollarse y agudizarse al mismo ritmo y nunca uno m\u00e1s adelante que lo otro, clarificando nuestras intenciones con nosotrxs mismxs y con nuestrxs compa\u00f1erxs y comprendiendo totalmente las consecuencias de nuestro accionar y de su contenido de guerra.<\/em><\/p>\n<p align=\"JUSTIFY\"><em>Sobre el arresto de la compa\u00f1era Tamara, el llamado y la interpelaci\u00f3n es claro: SOLIDARIDAD Y ACCI\u00d3N, atacando el silencio y las cr\u00edticas y murmullos que se quedan en comentarios de pasillo sin una propuesta de fondo.<\/em><\/p>\n<p align=\"JUSTIFY\"><em>SOLIDARIDAD para multiplicar la lucha. ACCI\u00d3N para dar fuerza a la compa\u00f1era y a sus cercanxs. Pero tambi\u00e9n autocr\u00edtica respecto de nuestro accionar, para prevenir que m\u00e1s compa\u00f1erxs caigan presxs o muertxs, para tapar la boca a las carcajadas del enemigo y a las cr\u00edticas de sal\u00f3n, y para extirpar de nuestro entorno las posturas simplistas que exaltan la violencia como un fin o un fetiche.<\/em><\/p>\n<p align=\"JUSTIFY\"><em>Somos anarquistas que abrazamos en la lucha m\u00e9todos violentos como forma de propaganda, de venganza y de solidaridad como estrategia para alimentar la lucha por la libertad. Nosotrxs, particularmente, hemos decididx contribuir desde la actividad armada contra el poder, pero no olvidamos que la lucha por la libertad se libra en muchos terrenos y con m\u00faltiples medios, como otros compa\u00f1erxs lo han planteado en Chile y en otros lugares del mundo.<\/em><\/p>\n<p align=\"JUSTIFY\"><em>Como insurrectxs que atacamos al poder por medio de la violencia minoritaria anarquista, valoramos el arrojo de la compa\u00f1era Tamara, pero sin dejar de abordar la necesaria tensi\u00f3n\u00a0 sobre nuestro accionar.<\/em><\/p>\n<p align=\"JUSTIFY\"><em>Y a la inversa, no podemos s\u00f3lo propagar esta tensi\u00f3n sin hacer un llamando a la solidaridad combativa como medio efectivo para elevar la moral de nuestrxs compa\u00f1erxs presxs y como parte de la continuidad de la guerra social ante el secuestro de compa\u00f1erxs de lucha.<\/em><\/p>\n<p align=\"JUSTIFY\"><em>Porque la compa\u00f1era Tamara tuvo la valent\u00eda de hacer algo necesario: devolver golpe por golpe. Aunque es otra cabeza y otro cuerpo el que espera el plomo de balas vindicadoras, refiri\u00e9ndonos al guardia que asesin\u00f3 al compa\u00f1ero Sebastian Oversluij. No olvidemos que, como muestra el video de la acci\u00f3n captado por las c\u00e1maras del banco y difundido por la prensa, el compa\u00f1ero Sebasti\u00e1n Oversluij fue asesinado ante la mirada de uno de sus acompa\u00f1antes, quien siendo testigo de c\u00f3mo el compa\u00f1ero Sebasti\u00e1n estaba siendo baleado, y pudiendo hacer algo (al estar armado) para impedir la muerte del compa\u00f1ero (o al menos para vengarla en el acto), no se le ocurri\u00f3 nada m\u00e1s que esconder su cabeza y arrastrarse por el suelo protegi\u00e9ndose a s\u00ed mismo y dejando al compa\u00f1ero a merced de las balas enemigas.<\/em><\/p>\n<p align=\"JUSTIFY\"><em>Al final del d\u00eda, la cuenta nos deja un saldo claro. La imagen de una compa\u00f1era que ingresa a un banco, que ataca a un guardia dispar\u00e1ndole con un arma de fuego, que expropia el arma que portaba para defender el capital financiero, que grita \u00a1VENGANZA! y posteriormente es detenida y encerrada en la misma c\u00e1rcel de San Miguel, donde 81 presxs fueron dejadxs morir por lxs carcelerxs en el incendio del 8 de diciembre de 2010. Con esto ante los ojos, la solidaridad no puede esperar.<\/em><\/p>\n<p align=\"JUSTIFY\"><em>SOLIDARIDAD Y FUERZA PARA LA COMPA\u00d1ERA TAMARA SOL FAR\u00cdAS VERGARA<br \/>\nSOLIDARIDAD Y RESPETO PARA LA FAMILIA VERGARA TOLEDO<br \/>\nCON ORGANIZACI\u00d3N, ABRAMOS LAS CALLES PARA LA INSURRECCI\u00d3N<\/em><\/p>\n<p align=\"JUSTIFY\"><em>Anarquistas de la Internacional Negra.<\/em><br \/>\n<em>Chile, enero 2014<\/em><\/p>\n<p align=\"JUSTIFY\"><a href=\"https:\/\/vozcomoarma.noblogs.org\/files\/2014\/01\/Huyendo-de-lxs-muertxs.jpg\"><img loading=\"lazy\" decoding=\"async\" class=\"aligncenter size-full wp-image-2585\" alt=\"Huyendo de lxs muertxs\" src=\"https:\/\/vozcomoarma.noblogs.org\/files\/2014\/01\/Huyendo-de-lxs-muertxs.jpg\" width=\"500\" height=\"705\" srcset=\"https:\/\/vozcomoarma.noblogs.org\/files\/2014\/01\/Huyendo-de-lxs-muertxs.jpg 500w, https:\/\/vozcomoarma.noblogs.org\/files\/2014\/01\/Huyendo-de-lxs-muertxs-212x300.jpg 212w\" sizes=\"auto, (max-width: 500px) 100vw, 500px\" \/><\/a><\/p>\n","protected":false},"excerpt":{"rendered":"<p>Hace unos d\u00edas, una mujer vestida de negro entra en la sucursal de BancoEstado situada en el \u00e1rea de Alameda de la metr\u00f3polis de Santiago de Chile y dispara contra el guardia al grito de \u00ab\u00a1Venganza!\u00bb, para luego sustraer del &hellip; <a href=\"https:\/\/vozcomoarma.noblogs.org\/?p=2584\">Sigue leyendo <span class=\"meta-nav\">&rarr;<\/span><\/a><\/p>\n","protected":false},"author":7045,"featured_media":0,"comment_status":"closed","ping_status":"open","sticky":false,"template":"","format":"standard","meta":{"footnotes":""},"categories":[61,9,143,7,151],"tags":[78,16,26,24,19,11],"class_list":["post-2584","post","type-post","status-publish","format-standard","hentry","category-noticias","category-noticias-y-comunicados","category-presos-por-el-atraco-frustrado-del-11-de-diciembre-chile","category-presxs","category-tamara-sol-farias-vergara","tag-chile","tag-guerra-social","tag-insurreccionalismo","tag-reflexion","tag-represion","tag-solidaridad"],"_links":{"self":[{"href":"https:\/\/vozcomoarma.noblogs.org\/index.php?rest_route=\/wp\/v2\/posts\/2584","targetHints":{"allow":["GET"]}}],"collection":[{"href":"https:\/\/vozcomoarma.noblogs.org\/index.php?rest_route=\/wp\/v2\/posts"}],"about":[{"href":"https:\/\/vozcomoarma.noblogs.org\/index.php?rest_route=\/wp\/v2\/types\/post"}],"author":[{"embeddable":true,"href":"https:\/\/vozcomoarma.noblogs.org\/index.php?rest_route=\/wp\/v2\/users\/7045"}],"replies":[{"embeddable":true,"href":"https:\/\/vozcomoarma.noblogs.org\/index.php?rest_route=%2Fwp%2Fv2%2Fcomments&post=2584"}],"version-history":[{"count":1,"href":"https:\/\/vozcomoarma.noblogs.org\/index.php?rest_route=\/wp\/v2\/posts\/2584\/revisions"}],"predecessor-version":[{"id":2586,"href":"https:\/\/vozcomoarma.noblogs.org\/index.php?rest_route=\/wp\/v2\/posts\/2584\/revisions\/2586"}],"wp:attachment":[{"href":"https:\/\/vozcomoarma.noblogs.org\/index.php?rest_route=%2Fwp%2Fv2%2Fmedia&parent=2584"}],"wp:term":[{"taxonomy":"category","embeddable":true,"href":"https:\/\/vozcomoarma.noblogs.org\/index.php?rest_route=%2Fwp%2Fv2%2Fcategories&post=2584"},{"taxonomy":"post_tag","embeddable":true,"href":"https:\/\/vozcomoarma.noblogs.org\/index.php?rest_route=%2Fwp%2Fv2%2Ftags&post=2584"}],"curies":[{"name":"wp","href":"https:\/\/api.w.org\/{rel}","templated":true}]}}