{"id":2830,"date":"2014-02-12T17:18:52","date_gmt":"2014-02-12T16:18:52","guid":{"rendered":"http:\/\/vozcomoarma.noblogs.org\/?p=2830"},"modified":"2014-02-12T20:03:02","modified_gmt":"2014-02-12T19:03:02","slug":"reokupada-la-sala-iago-en-santiago-de-compostela","status":"publish","type":"post","link":"https:\/\/vozcomoarma.noblogs.org\/?p=2830","title":{"rendered":"Reokupada la Sala Iago en Santiago de Compostela."},"content":{"rendered":"<p style=\"text-align: justify\">Noticia construida con la informaci\u00f3n aportada por lxs compas de Abordaxe y por algunas individualidades afines en Compostela que han escrito comunicando la noticia.<\/p>\n<p style=\"text-align: justify\">Aun no hay mucha informaci\u00f3n al respecto, pero por lo que sabemos y han podido constatar a este blog algunas individualidades afines en Compostela, hoy se ha okupado una vez m\u00e1s el edificio de la antigua Sala Iago, que ya hab\u00eda sido objeto de una okupaci\u00f3n previa hace m\u00e1s de 2 a\u00f1os, en noviembre de 2011, para intentar crear en su destartalado y abandonado interior un centro social y combativo para el barrio y para toda la ciudad desde donde continuar transformando nuestras miserables condiciones de existencia y avanzar hacia un cuestionamiento y derribo del actual sistema de cosas, y desalojado d\u00edas despu\u00e9s, en medio de un burdo montaje policial (donde entre otras cosas unos productos de limpieza y un extintor que ya se encontraba dentro de la sala antes de su okupaci\u00f3n se transformaron m\u00e1gicamente en supuesto material para fabricar artefactos explosivos) y de una dura represi\u00f3n a las solidarias, la cual termin\u00f3 cabreando a muchas que acabaron destrozando cristaleras de multinacionales y bancos, cortando con barricadas llameantes algunas calles de la ciudad y enfrent\u00e1ndose con los maderos. La campa\u00f1a medi\u00e1tica que sigui\u00f3, sensacionalista y criminalizadora como ninguna, incluy\u00f3 amenazas del alcalde, por aquella altura el actualmente envuelto en tramas de chanchullos y malas artes Gerardo Conde Roa, que dijo que lxs que apoy\u00e1semos ese tipo de acciones \u00edbamos a sentir su aliento en la nuca. Ya dice el refr\u00e1n que perro ladrador, poco mordedor, y creedme que siento comparar a un\/a perrx con este energ\u00fameno.<\/p>\n<p style=\"text-align: justify\">Ahora, tras aquellos incidentes, la Sala Iago ha sido okupada de nuevo. Hoy, 10 personas habr\u00edan entrado una vez m\u00e1s en el inmueble desplegando otra vez pancartas en la fachada reivindicando el inicio de las tareas de restauraci\u00f3n y rehabilitaci\u00f3n del interior y llamando a lxs vecinxs a entrar, conocer el espacio y participar desde ya en su autogesti\u00f3n y funcionamiento.<\/p>\n<p style=\"text-align: justify\">Cuando tenga m\u00e1s info seguir\u00e9 informando. \u00a1Apoyo y \u00e1nimo, compas!<\/p>\n<p style=\"text-align: justify\"><a href=\"https:\/\/vozcomoarma.noblogs.org\/files\/2014\/02\/Sala-iago.jpg\"><img loading=\"lazy\" decoding=\"async\" class=\"aligncenter size-full wp-image-2831\" alt=\"Sala iago\" src=\"https:\/\/vozcomoarma.noblogs.org\/files\/2014\/02\/Sala-iago.jpg\" width=\"450\" height=\"253\" srcset=\"https:\/\/vozcomoarma.noblogs.org\/files\/2014\/02\/Sala-iago.jpg 450w, https:\/\/vozcomoarma.noblogs.org\/files\/2014\/02\/Sala-iago-300x168.jpg 300w\" sizes=\"auto, (max-width: 450px) 100vw, 450px\" \/><\/a><\/p>\n","protected":false},"excerpt":{"rendered":"<p>Noticia construida con la informaci\u00f3n aportada por lxs compas de Abordaxe y por algunas individualidades afines en Compostela que han escrito comunicando la noticia. Aun no hay mucha informaci\u00f3n al respecto, pero por lo que sabemos y han podido constatar &hellip; <a href=\"https:\/\/vozcomoarma.noblogs.org\/?p=2830\">Sigue leyendo <span class=\"meta-nav\">&rarr;<\/span><\/a><\/p>\n","protected":false},"author":7045,"featured_media":0,"comment_status":"closed","ping_status":"open","sticky":false,"template":"","format":"standard","meta":{"footnotes":""},"categories":[58,59,61,9],"tags":[40,18,16,42,37,24,19,11],"class_list":["post-2830","post","type-post","status-publish","format-standard","hentry","category-acciones","category-convocatorias","category-noticias","category-noticias-y-comunicados","tag-especulacion","tag-galicia","tag-guerra-social","tag-movimientos-sociales","tag-okupacion","tag-reflexion","tag-represion","tag-solidaridad"],"_links":{"self":[{"href":"https:\/\/vozcomoarma.noblogs.org\/index.php?rest_route=\/wp\/v2\/posts\/2830","targetHints":{"allow":["GET"]}}],"collection":[{"href":"https:\/\/vozcomoarma.noblogs.org\/index.php?rest_route=\/wp\/v2\/posts"}],"about":[{"href":"https:\/\/vozcomoarma.noblogs.org\/index.php?rest_route=\/wp\/v2\/types\/post"}],"author":[{"embeddable":true,"href":"https:\/\/vozcomoarma.noblogs.org\/index.php?rest_route=\/wp\/v2\/users\/7045"}],"replies":[{"embeddable":true,"href":"https:\/\/vozcomoarma.noblogs.org\/index.php?rest_route=%2Fwp%2Fv2%2Fcomments&post=2830"}],"version-history":[{"count":5,"href":"https:\/\/vozcomoarma.noblogs.org\/index.php?rest_route=\/wp\/v2\/posts\/2830\/revisions"}],"predecessor-version":[{"id":2840,"href":"https:\/\/vozcomoarma.noblogs.org\/index.php?rest_route=\/wp\/v2\/posts\/2830\/revisions\/2840"}],"wp:attachment":[{"href":"https:\/\/vozcomoarma.noblogs.org\/index.php?rest_route=%2Fwp%2Fv2%2Fmedia&parent=2830"}],"wp:term":[{"taxonomy":"category","embeddable":true,"href":"https:\/\/vozcomoarma.noblogs.org\/index.php?rest_route=%2Fwp%2Fv2%2Fcategories&post=2830"},{"taxonomy":"post_tag","embeddable":true,"href":"https:\/\/vozcomoarma.noblogs.org\/index.php?rest_route=%2Fwp%2Fv2%2Ftags&post=2830"}],"curies":[{"name":"wp","href":"https:\/\/api.w.org\/{rel}","templated":true}]}}