{"id":2936,"date":"2014-02-20T23:22:31","date_gmt":"2014-02-20T22:22:31","guid":{"rendered":"http:\/\/vozcomoarma.noblogs.org\/?p=2936"},"modified":"2014-02-21T16:21:39","modified_gmt":"2014-02-21T15:21:39","slug":"jose-antunez-becerra-preso-en-lucha-abandona-su-huelga-de-hambre-tras-36-dias-de-ayuno","status":"publish","type":"post","link":"https:\/\/vozcomoarma.noblogs.org\/?p=2936","title":{"rendered":"Jos\u00e9 Ant\u00fanez Becerra, preso anarquista y en lucha, abandona su huelga de hambre tras 36 d\u00edas de ayuno."},"content":{"rendered":"<p style=\"text-align: justify\">Varixs compas enviaron el siguiente audio donde el propio compa Jose Ant\u00fanez Becerra explica el abandono de su huelga de hambre tras 36 d\u00edas sin comer por motivos de salud.<\/p>\n<p style=\"text-align: justify\">Independientemente de que el compa\u00f1ero haya decidido cesar en esta iniciativa suya, desde el colectivo C\u00e1rcel = Tortura se mantiene la convocatoria para una semana de acciones descentralizadas en solidaridad con el compa\u00f1ero, desde 21 de febrero (hoy) hasta el 2 de marzo. Para m\u00e1s informaci\u00f3n de esta convocatoria y de la lucha y situaci\u00f3n del compa\u00f1ero Jose Ant\u00fanez Becerra y de otros presos en lucha, mira el blog de la campa\u00f1a C=T <a href=\"http:\/\/www.carceligualtortura.org\/?q=article\/semana-de-acciones-descentralizadas-en-apoyo-lxs-presxs-en-huelga-de-hambre-indefinida-y\">aqu\u00ed<\/a>.<\/p>\n<p style=\"text-align: justify\">Que la imaginaci\u00f3n y la rabia hablen por nosotrxs. \u00a1Solidaridad!<\/p>\n<p style=\"text-align: center\"><iframe loading=\"lazy\" width=\"100%\" height=\"166\" scrolling=\"no\" frameborder=\"no\" src=\"https:\/\/w.soundcloud.com\/player?url=https%3A%2F%2Fapi.soundcloud.com%2Ftracks%2F135622507&player_height=&player_height_multi=&player_width=&player_type=visual&color=ff5500&auto_play=false&show_comments=&show_user=&buying=&sharing=&download=&show_artwork=true&show_playcount=&hide_related=false\"><\/iframe><\/p>\n","protected":false},"excerpt":{"rendered":"<p>Varixs compas enviaron el siguiente audio donde el propio compa Jose Ant\u00fanez Becerra explica el abandono de su huelga de hambre tras 36 d\u00edas sin comer por motivos de salud. Independientemente de que el compa\u00f1ero haya decidido cesar en esta &hellip; <a href=\"https:\/\/vozcomoarma.noblogs.org\/?p=2936\">Sigue leyendo <span class=\"meta-nav\">&rarr;<\/span><\/a><\/p>\n","protected":false},"author":7045,"featured_media":0,"comment_status":"closed","ping_status":"open","sticky":false,"template":"","format":"standard","meta":{"footnotes":""},"categories":[58,155,61,9,7],"tags":[17,16,24,19,11,71],"class_list":["post-2936","post","type-post","status-publish","format-standard","hentry","category-acciones","category-jose-antunez-becerra","category-noticias","category-noticias-y-comunicados","category-presxs","tag-carcel","tag-guerra-social","tag-reflexion","tag-represion","tag-solidaridad","tag-tortura"],"_links":{"self":[{"href":"https:\/\/vozcomoarma.noblogs.org\/index.php?rest_route=\/wp\/v2\/posts\/2936","targetHints":{"allow":["GET"]}}],"collection":[{"href":"https:\/\/vozcomoarma.noblogs.org\/index.php?rest_route=\/wp\/v2\/posts"}],"about":[{"href":"https:\/\/vozcomoarma.noblogs.org\/index.php?rest_route=\/wp\/v2\/types\/post"}],"author":[{"embeddable":true,"href":"https:\/\/vozcomoarma.noblogs.org\/index.php?rest_route=\/wp\/v2\/users\/7045"}],"replies":[{"embeddable":true,"href":"https:\/\/vozcomoarma.noblogs.org\/index.php?rest_route=%2Fwp%2Fv2%2Fcomments&post=2936"}],"version-history":[{"count":7,"href":"https:\/\/vozcomoarma.noblogs.org\/index.php?rest_route=\/wp\/v2\/posts\/2936\/revisions"}],"predecessor-version":[{"id":2966,"href":"https:\/\/vozcomoarma.noblogs.org\/index.php?rest_route=\/wp\/v2\/posts\/2936\/revisions\/2966"}],"wp:attachment":[{"href":"https:\/\/vozcomoarma.noblogs.org\/index.php?rest_route=%2Fwp%2Fv2%2Fmedia&parent=2936"}],"wp:term":[{"taxonomy":"category","embeddable":true,"href":"https:\/\/vozcomoarma.noblogs.org\/index.php?rest_route=%2Fwp%2Fv2%2Fcategories&post=2936"},{"taxonomy":"post_tag","embeddable":true,"href":"https:\/\/vozcomoarma.noblogs.org\/index.php?rest_route=%2Fwp%2Fv2%2Ftags&post=2936"}],"curies":[{"name":"wp","href":"https:\/\/api.w.org\/{rel}","templated":true}]}}